{"id":41026,"date":"2010-09-06T09:15:33","date_gmt":"2010-09-06T06:15:33","guid":{"rendered":"http:\/\/www.korhanyilmaz.com\/?p=41026"},"modified":"2012-02-12T01:03:26","modified_gmt":"2012-02-11T23:03:26","slug":"ekrem-aydiner-yargi-da-elestirilir","status":"publish","type":"post","link":"http:\/\/www.korhanyilmaz.com\/?p=41026","title":{"rendered":"Ekrem Ayd\u0131ner: Yarg\u0131 da ele\u015ftirilir"},"content":{"rendered":"<p style=\"text-align: center;\"><a href=\"http:\/\/www.korhanyilmaz.com\/wp-content\/uploads\/2011\/10\/8043.jpg\"  class=\"lightview\"><img loading=\"lazy\" decoding=\"async\" class=\"aligncenter  wp-image-41027\" src=\"http:\/\/www.korhanyilmaz.com\/wp-content\/uploads\/2011\/10\/8043.jpg\" alt=\"\" width=\"336\" height=\"271\" \/><\/a><\/p>\n<p style=\"text-align: justify;\">Eski\u015fehir Cumhuriyet Ba\u015fsavc\u0131s\u0131 Ekrem Ayd\u0131ner, her kurum gibi yarg\u0131n\u0131n da ele\u015ftirilmesi gerekti\u011fini s\u00f6yledi.<\/p>\n<p style=\"text-align: justify;\">Eski\u015fehir Cumhuriyet Ba\u015fsavc\u0131s\u0131 Ekrem Ayd\u0131ner, her kurum gibi yarg\u0131n\u0131n da ele\u015ftirilmesi gerekti\u011fini s\u00f6yledi. Ayd\u0131ner, &#8220;Hi\u00e7 ku\u015fkusuz di\u011fer kurumlar gibi yarg\u0131 da ele\u015ftirilmeli. Yarg\u0131 ile ilgili haberler ve yorumlar yap\u0131lmal\u0131. Ancak bunu yaparken yarg\u0131n\u0131n tarafs\u0131z ve ba\u011f\u0131ms\u0131zl\u0131\u011f\u0131 unutulmamal\u0131.&#8221; dedi.\u00a0<!--more--><\/p>\n<p style=\"text-align: justify;\">Yeni yarg\u0131 y\u0131l\u0131n\u0131n ba\u015flamas\u0131 nedeniyle Eski\u015fehir Valili\u011fi \u00f6n\u00fcndeki Atat\u00fcrk an\u0131t\u0131nda bir t\u00f6ren d\u00fczenlendi. T\u00f6rene Eski\u015fehir Cumhuriyet Ba\u015fsavc\u0131s\u0131 Ekrem Ayd\u0131ner, Baro Ba\u015fkan\u0131 Avukat Yusuf Y\u0131ld\u0131r\u0131m, h\u00e2kimler, savc\u0131lar ve avukatlar kat\u0131ld\u0131. Burada konu\u015fan Ba\u015fsavc\u0131 Ayd\u0131ner, hukuk devleti olman\u0131n ko\u015fulunun, yarg\u0131 erkinin g\u00f6revini yaparken ba\u011f\u0131ms\u0131z ve tarafs\u0131z olmas\u0131 ile bu i\u015flevi yerine getiren yarg\u0131 mensuplar\u0131n\u0131n g\u00fcvenceli olmas\u0131 gerekti\u011fini s\u00f6yledi.<\/p>\n<p style=\"text-align: justify;\">Yasama, y\u00fcr\u00fctme ve yarg\u0131 erklerinin birbirinden ba\u011f\u0131ms\u0131z olmas\u0131, iktidar\u0131n anayasal \u00e7er\u00e7eve i\u00e7inde kullan\u0131lmas\u0131 ve payla\u015f\u0131lmas\u0131 gerekti\u011fini i\u015faret eden Ba\u015fsavc\u0131 Ayd\u0131ner, bu durumun organlar\u0131n birbirlerine \u00fcst\u00fcnl\u00fc\u011f\u00fc anlam\u0131na gelmedi\u011fini i\u015faret ederek, &#8220;Her organ kendisine verilmi\u015f olan yetki ve g\u00f6revleri anayasa, yasa ve hukukun \u00fcst\u00fcnl\u00fc\u011f\u00fc kurallar\u0131na uygun olarak kullanmak zorundad\u0131r. Anayasa, kanun, hukuk ve vicdani kanaatine g\u00f6re karar vermelidir. Bir toplumda hukukun \u00fcst\u00fcnl\u00fc\u011f\u00fc, yarg\u0131n\u0131n ba\u011f\u0131ms\u0131z ve tarafs\u0131z olmas\u0131ndan ge\u00e7er.&#8221; diye konu\u015ftu.<\/p>\n<p style=\"text-align: justify;\">Yarg\u0131n\u0131n ba\u011f\u0131ms\u0131zl\u0131\u011f\u0131 ve teminat\u0131n\u0131n yarg\u0131 g\u00f6revini yerine getirenler i\u00e7in bir ayr\u0131cal\u0131k olmad\u0131\u011f\u0131n\u0131n alt\u0131n\u0131 \u00e7izen Ba\u015fsavc\u0131 Ayd\u0131ner, &#8220;Ba\u011f\u0131ms\u0131zl\u0131k ve teminat yarg\u0131lananlar i\u00e7in adil yarg\u0131lanma hakk\u0131n\u0131n g\u00fcvencesidir. Ba\u011f\u0131ms\u0131z, tarafs\u0131z, adil ve h\u0131zl\u0131 i\u015fleyen bir yarg\u0131, sosyal bar\u0131\u015f\u0131n, g\u00fcven ve huzurun teminat\u0131 oldu\u011fu kadar devletin de varl\u0131k nedenidir. Ba\u011f\u0131ms\u0131z, tarafs\u0131z ve teminatl\u0131 olmayan yarg\u0131 adalet da\u011f\u0131tamaz, insan hak ve \u00f6zg\u00fcrl\u00fcklerini koruyamaz. Bu ba\u011flamda yarg\u0131n\u0131n ba\u011f\u0131ms\u0131z ve tarafs\u0131zl\u0131\u011f\u0131 konusunda sadece medya de\u011fil, ilgili kurum ve ki\u015filerde \u00fczerine d\u00fc\u015feni yapmal\u0131d\u0131r.&#8221; ifadesini kulland\u0131.<\/p>\n<p style=\"text-align: justify;\">Konu\u015fmas\u0131nda yarg\u0131n\u0131n da ele\u015ftirilebilece\u011fini, bunun normal oldu\u011funu belirten Ayd\u0131ner, ancak bunu yaparken objektif olunmas\u0131 gerekti\u011fini vurgulad\u0131. &#8220;Hi\u00e7 ku\u015fkusuz demokratik bir toplumda her kurum gibi yarg\u0131 da ele\u015ftirilmeli&#8221; diyen Ba\u015fsavc\u0131 Ayd\u0131ner, &#8220;Yarg\u0131 da mutlaka ele\u015ftirilmeli. Hatta yarg\u0131 ile ilgili haberler ve yorumlarda yap\u0131lmal\u0131. Demokratik ve geli\u015fmi\u015f \u00fclkelerde bu olabilir. Ancak bunlar yap\u0131l\u0131rken yarg\u0131n\u0131n tarafs\u0131zl\u0131\u011f\u0131, ba\u011f\u0131ms\u0131zl\u0131\u011f\u0131 unutulmamal\u0131. Ele\u015ftiriler seviyeli olmal\u0131, yarg\u0131 organ\u0131 ve yarg\u0131 mensubu hedef haline getirilmemeli. Bu konuda tarafs\u0131z davran\u0131lmal\u0131, objektif hareket edilmeli.&#8221; \u015feklinde konu\u015ftu.<\/p>\n<p style=\"text-align: justify;\">Ba\u015fsavc\u0131, s\u00f6zlerini \u015f\u00f6yle tamamlad\u0131: &#8220;Kabul etmeliyiz ki bu olumsuz tabloya maalesef, adalet mekanizmas\u0131n\u0131n iyi ve h\u0131zl\u0131 bir \u015fekilde i\u015flememesi, her g\u00fcn kamuoyuna yans\u0131yan ve vicdanlar\u0131 rahats\u0131z eden yanl\u0131\u015f veya ki\u015fiye g\u00f6re farkl\u0131 uygulamalar da yarg\u0131daki sorunlara katk\u0131da bulunmaktad\u0131r. Yarg\u0131n\u0131n sorunlar\u0131ndan ar\u0131nm\u0131\u015f, yarg\u0131ya g\u00fcvenin tam ve sonsuz oldu\u011fu, Cumhuriyet ilkelerine g\u00f6n\u00fclden ba\u011fl\u0131, demokratik, laik ve sosyal hukuk devleti olman\u0131n gereklerini tam anlam\u0131yla yerine getiren T\u00fcrkiye&#8217;yi en k\u0131sa s\u00fcrede g\u00f6rmek istiyoruz.&#8221;<\/p>\n<p style=\"text-align: justify;\">T\u00f6rene kat\u0131lanlar, konu\u015fmalar\u0131n ard\u0131ndan Atat\u00fcrk heykeli \u00f6n\u00fcnde topluca hat\u0131ra foto\u011fraf\u0131 \u00e7ektirdi.<\/p>\n<p style=\"text-align: justify;\"><a href=\"http:\/\/www.karsihaber.com\/ekrem-aydiner-yargi-da-elestirilir-128984h.htm\" target=\"_blank\">Kaynak : karsihaber.com<\/a><\/p>\n","protected":false},"excerpt":{"rendered":"<p style=\"text-align: center;\">\n<p style=\"text-align: justify;\">Eski\u015fehir Cumhuriyet Ba\u015fsavc\u0131s\u0131 Ekrem Ayd\u0131ner, her kurum gibi yarg\u0131n\u0131n da ele\u015ftirilmesi gerekti\u011fini s\u00f6yledi.<\/p>\n<p style=\"text-align: justify;\">Eski\u015fehir Cumhuriyet Ba\u015fsavc\u0131s\u0131 Ekrem Ayd\u0131ner, her kurum gibi yarg\u0131n\u0131n da ele\u015ftirilmesi gerekti\u011fini s\u00f6yledi. Ayd\u0131ner, &#8220;Hi\u00e7 ku\u015fkusuz di\u011fer kurumlar gibi yarg\u0131 da ele\u015ftirilmeli. Yarg\u0131 ile ilgili haberler ve yorumlar yap\u0131lmal\u0131. Ancak bunu yaparken yarg\u0131n\u0131n tarafs\u0131z ve <\/p>\n","protected":false},"author":1,"featured_media":0,"comment_status":"open","ping_status":"open","sticky":false,"template":"","format":"standard","meta":{"footnotes":""},"categories":[105],"tags":[935],"class_list":["post-41026","post","type-post","status-publish","format-standard","hentry","category-gundem","tag-ekrem-aydiner","odd"],"_links":{"self":[{"href":"http:\/\/www.korhanyilmaz.com\/index.php?rest_route=\/wp\/v2\/posts\/41026","targetHints":{"allow":["GET"]}}],"collection":[{"href":"http:\/\/www.korhanyilmaz.com\/index.php?rest_route=\/wp\/v2\/posts"}],"about":[{"href":"http:\/\/www.korhanyilmaz.com\/index.php?rest_route=\/wp\/v2\/types\/post"}],"author":[{"embeddable":true,"href":"http:\/\/www.korhanyilmaz.com\/index.php?rest_route=\/wp\/v2\/users\/1"}],"replies":[{"embeddable":true,"href":"http:\/\/www.korhanyilmaz.com\/index.php?rest_route=%2Fwp%2Fv2%2Fcomments&post=41026"}],"version-history":[{"count":0,"href":"http:\/\/www.korhanyilmaz.com\/index.php?rest_route=\/wp\/v2\/posts\/41026\/revisions"}],"wp:attachment":[{"href":"http:\/\/www.korhanyilmaz.com\/index.php?rest_route=%2Fwp%2Fv2%2Fmedia&parent=41026"}],"wp:term":[{"taxonomy":"category","embeddable":true,"href":"http:\/\/www.korhanyilmaz.com\/index.php?rest_route=%2Fwp%2Fv2%2Fcategories&post=41026"},{"taxonomy":"post_tag","embeddable":true,"href":"http:\/\/www.korhanyilmaz.com\/index.php?rest_route=%2Fwp%2Fv2%2Ftags&post=41026"}],"curies":[{"name":"wp","href":"https:\/\/api.w.org\/{rel}","templated":true}]}}