{"id":41022,"date":"2011-10-12T15:43:32","date_gmt":"2011-10-12T12:43:32","guid":{"rendered":"http:\/\/www.korhanyilmaz.com\/?p=41022"},"modified":"2011-10-12T16:45:34","modified_gmt":"2011-10-12T13:45:34","slug":"chpde-rusvet-ihraci","status":"publish","type":"post","link":"http:\/\/www.korhanyilmaz.com\/?p=41022","title":{"rendered":"CHP&#8217;de &#8216;r\u00fc\u015fvet&#8217; ihrac\u0131"},"content":{"rendered":"<p style=\"text-align: center;\"><a href=\"http:\/\/www.korhanyilmaz.com\/wp-content\/uploads\/2011\/10\/8042.jpg\"  class=\"lightview\"><img loading=\"lazy\" decoding=\"async\" class=\"aligncenter  wp-image-41023\" src=\"http:\/\/www.korhanyilmaz.com\/wp-content\/uploads\/2011\/10\/8042.jpg\" alt=\"\" width=\"322\" height=\"241\" \/><\/a><\/p>\n<p style=\"text-align: justify;\">CHP Genel Ba\u015fkan Yard\u0131mc\u0131s\u0131 G\u00f6khan G\u00fcnayd\u0131n, r\u00fc\u015fvet ald\u0131\u011f\u0131 iddia edilen Ey\u00fcp \u0130l\u00e7e Belediye Meclis \u00dcyesi H\u00fcsn\u00fc Bilgin hakk\u0131ndaki iddian\u0131n incelendi\u011fini ve Bilgin&#8217;in partiden ihra\u00e7 edildi\u011fini a\u00e7\u0131klad\u0131.<\/p>\n<p style=\"text-align: justify;\">Ankara- CHP Genel Ba\u015fkan Yard\u0131mc\u0131s\u0131 G\u00f6khan G\u00fcnayd\u0131n, yaz\u0131l\u0131 a\u00e7\u0131klama yaparak, r\u00fc\u015fvet iddias\u0131 ve ihra\u00e7 s\u00fcreci hakk\u0131nda bilgi verdi.\u00a0<!--more--><\/p>\n<p style=\"text-align: justify;\">G\u00fcnayd\u0131n, \u015funlar\u0131 kaydetti:<\/p>\n<p style=\"text-align: justify;\">\u201cKemerburgaz&#8217;da faaliyet g\u00f6steren bir i\u00e7me suyu dolum tesisi sahibinin, i\u015fletmesini geni\u015fletmek i\u00e7in plan tadilat\u0131 talebinde bulundu\u011fu; Ey\u00fcp \u0130l\u00e7e Belediye Meclis \u00dcyesi H\u00fcsn\u00fc Bilgin&#8217;in de \u00f6nce bu talebe itiraz etti\u011fi ve daha sonra haks\u0131z kazan\u00e7 kar\u015f\u0131l\u0131\u011f\u0131nda itiraz\u0131n\u0131 geri \u00e7ekti\u011fi iddia edilmi\u015fti. \u0130\u015fletme sahibinin 11 Temmuz 2011 tarihinde bu iddias\u0131yla ilgili olarak Ey\u00fcp \u0130l\u00e7e Ba\u015fkanl\u0131\u011f\u0131m\u0131za yaz\u0131l\u0131 ba\u015fvuruda bulunmas\u0131 \u00fczerine \u0130l\u00e7e Ba\u015fkan\u0131m\u0131z ve \u0130l\u00e7e Y\u00f6netimimiz harekete ge\u00e7mi\u015f, taraflar\u0131 dinlemi\u015f, konuyu ara\u015ft\u0131rm\u0131\u015f ve 16 Temmuz 2011 tarihinde Meclis \u00dcyesi H\u00fcsn\u00fc Bilgin&#8217;i kesin ihra\u00e7 talebiyle \u0130stanbul \u0130l Disiplin Kurulu&#8217;na sevk etmi\u015f, e\u015f zamanl\u0131 olarak, Bilgin hakk\u0131nda Ey\u00fcp Cumhuriyet Savc\u0131l\u0131\u011f\u0131&#8217;na da su\u00e7 duyurusunda bulunmu\u015ftur. CHP \u0130stanbul \u0130l Disiplin Kurulu da dosya kapsam\u0131nda gerekli inceleme ve de\u011ferlendirmeleri yapm\u0131\u015f, iddian\u0131n hakl\u0131l\u0131\u011f\u0131n\u0131 g\u00f6z \u00f6n\u00fcnde bulundurarak 30 Eyl\u00fcl 2011 g\u00fcn\u00fc 68 numaral\u0131 karar\u0131yla H\u00fcsn\u00fc Bilgin&#8217;i kesin olarak CHP&#8217;den ihra\u00e7 etmi\u015ftir.\u201d<\/p>\n<p style=\"text-align: justify;\">\u201cCHP hukuksuzlu\u011fa, yolsuzlu\u011fa r\u00fc\u015fvete g\u00f6z yummaz, kim olursa olsun elini r\u00fc\u015fvete uzatan kendisini kap\u0131n\u0131n \u00f6n\u00fcnde bulur\u201d diyen G\u00fcnayd\u0131n, \u201cCHP hem merkezi hem de yerel d\u00fczeyde d\u00fcr\u00fcst ve saydam \u00e7al\u0131\u015fma ilkelerinin y\u00fcr\u00fct\u00fcc\u00fcs\u00fc ve takip\u00e7isi olmaya devam edecektir\u201d ifadelerini kulland\u0131.<\/p>\n<p style=\"text-align: justify;\"><a href=\"http:\/\/www.cumhuriyet.com.tr\/?hn=284558\" target=\"_blank\">Kaynak : Cumhuriyet Haber Portal\u0131<\/a><\/p>\n","protected":false},"excerpt":{"rendered":"<p style=\"text-align: center;\">\n<p style=\"text-align: justify;\">CHP Genel Ba\u015fkan Yard\u0131mc\u0131s\u0131 G\u00f6khan G\u00fcnayd\u0131n, r\u00fc\u015fvet ald\u0131\u011f\u0131 iddia edilen Ey\u00fcp \u0130l\u00e7e Belediye Meclis \u00dcyesi H\u00fcsn\u00fc Bilgin hakk\u0131ndaki iddian\u0131n incelendi\u011fini ve Bilgin&#8217;in partiden ihra\u00e7 edildi\u011fini a\u00e7\u0131klad\u0131.<\/p>\n<p style=\"text-align: justify;\">Ankara- CHP Genel Ba\u015fkan Yard\u0131mc\u0131s\u0131 G\u00f6khan G\u00fcnayd\u0131n, yaz\u0131l\u0131 a\u00e7\u0131klama yaparak, r\u00fc\u015fvet iddias\u0131 ve ihra\u00e7 s\u00fcreci hakk\u0131nda bilgi verdi. <\/p>\n","protected":false},"author":1,"featured_media":0,"comment_status":"open","ping_status":"open","sticky":false,"template":"","format":"standard","meta":{"footnotes":""},"categories":[105],"tags":[],"class_list":["post-41022","post","type-post","status-publish","format-standard","hentry","category-gundem","odd"],"_links":{"self":[{"href":"http:\/\/www.korhanyilmaz.com\/index.php?rest_route=\/wp\/v2\/posts\/41022","targetHints":{"allow":["GET"]}}],"collection":[{"href":"http:\/\/www.korhanyilmaz.com\/index.php?rest_route=\/wp\/v2\/posts"}],"about":[{"href":"http:\/\/www.korhanyilmaz.com\/index.php?rest_route=\/wp\/v2\/types\/post"}],"author":[{"embeddable":true,"href":"http:\/\/www.korhanyilmaz.com\/index.php?rest_route=\/wp\/v2\/users\/1"}],"replies":[{"embeddable":true,"href":"http:\/\/www.korhanyilmaz.com\/index.php?rest_route=%2Fwp%2Fv2%2Fcomments&post=41022"}],"version-history":[{"count":0,"href":"http:\/\/www.korhanyilmaz.com\/index.php?rest_route=\/wp\/v2\/posts\/41022\/revisions"}],"wp:attachment":[{"href":"http:\/\/www.korhanyilmaz.com\/index.php?rest_route=%2Fwp%2Fv2%2Fmedia&parent=41022"}],"wp:term":[{"taxonomy":"category","embeddable":true,"href":"http:\/\/www.korhanyilmaz.com\/index.php?rest_route=%2Fwp%2Fv2%2Fcategories&post=41022"},{"taxonomy":"post_tag","embeddable":true,"href":"http:\/\/www.korhanyilmaz.com\/index.php?rest_route=%2Fwp%2Fv2%2Ftags&post=41022"}],"curies":[{"name":"wp","href":"https:\/\/api.w.org\/{rel}","templated":true}]}}