{"id":41018,"date":"2011-10-12T14:45:39","date_gmt":"2011-10-12T11:45:39","guid":{"rendered":"http:\/\/www.korhanyilmaz.com\/?p=41018"},"modified":"2011-10-12T16:40:31","modified_gmt":"2011-10-12T13:40:31","slug":"erdogan-anayasada-herkesin-emegi-olmali","status":"publish","type":"post","link":"http:\/\/www.korhanyilmaz.com\/?p=41018","title":{"rendered":"Erdo\u011fan: &#8220;Anayasada herkesin eme\u011fi olmal\u0131&#8221;"},"content":{"rendered":"<p style=\"text-align: justify;\"><a href=\"http:\/\/www.korhanyilmaz.com\/wp-content\/uploads\/2011\/10\/8041.jpg\"  class=\"lightview\"><img loading=\"lazy\" decoding=\"async\" class=\"aligncenter size-full wp-image-41019\" title=\"\" src=\"http:\/\/www.korhanyilmaz.com\/wp-content\/uploads\/2011\/10\/8041.jpg\" alt=\"\" width=\"292\" height=\"201\" \/><\/a><\/p>\n<p style=\"text-align: justify;\">Ba\u015fbakan Recep Tayyip Erdo\u011fan, T\u00fcrkiye&#8217;nin mutlu ve m\u00fcreffeh gelece\u011fine iyi bir zemin kazand\u0131ran yeni bir anayasa haz\u0131rlamak mecburiyetinde olduklar\u0131n\u0131 belirtti. Erdo\u011fan yeni anayasada t\u00fcm akademisyenlerin, gen\u00e7li\u011fin, sivil toplum kurulu\u015flar\u0131n\u0131n, medyan\u0131n eme\u011finin bulunmas\u0131 gerekti\u011fini s\u00f6yledi.\u00a0<!--more--><\/p>\n<p style=\"text-align: justify;\">Erdo\u011fan, \u0130stanbul \u00dcniversitesinin yeni akademik y\u0131l a\u00e7\u0131l\u0131\u015f\u0131 dolay\u0131s\u0131yla Fen Fak\u00fcltesi Ord. Prof. Dr. Cemil Bilsel Konferans Salonu&#8217;nda d\u00fczenlenen t\u00f6rende yapt\u0131\u011f\u0131 konu\u015fmada, T\u00fcrkiye&#8217;nin elbette halen \u00e7\u00f6z\u00fcm bekleyen sorunlar\u0131 oldu\u011funu belirterek, &#8220;Ancak bunlar\u0131 millet iradesine uygun olarak \u00e7\u00f6zebilecek bir demokratik ortama da \u00e7ok \u015f\u00fck\u00fcr sahibiz&#8221; dedi.<\/p>\n<p style=\"text-align: justify;\">Bunun i\u00e7in yeni anayasada hi\u00e7 \u00f6n ko\u015ful koymad\u0131klar\u0131n\u0131 ifade eden Erdo\u011fan, AK Parti&#8217;nin 326 milletvekili oldu\u011funu, &#8220;milletvekili say\u0131s\u0131na g\u00f6re komisyonda yer al\u0131nmal\u0131&#8221; demediklerini s\u00f6yledi. Erdo\u011fan, &#8220;Bizim de 3, 29 miletvekili olan\u0131n da 3, 53 olan\u0131n da 3, 100 ki\u015fi olan\u0131n da 3. Biz bu millet \u00fcz\u00fcm\u00fc yesin diyoruz, ba\u011fc\u0131 ile i\u015fimiz yok. Bunu anlatt\u0131k&#8221; dedi.<\/p>\n<p style=\"text-align: justify;\">Milletin bu b\u00fcy\u00fck de\u011fi\u015fimine uyumlu, \u00e7a\u011fda\u015f yap\u0131da, demokrasinin ve hukukun ruhuna uygun, \u00f6zg\u00fcrl\u00fck\u00e7\u00fc bir anayasa yapmak gibi bir sorumluluklar\u0131 oldu\u011funu belirten Erdo\u011fan, \u015f\u00f6yle konu\u015ftu:<\/p>\n<p style=\"text-align: justify;\">&#8220;T\u00fcrkiye&#8217;nin mutlu ve m\u00fcreffeh gelece\u011fine iyi bir zemin kazand\u0131ran yeni bir anayasa haz\u0131rlamak mecburiyetindeyiz. Bu, sadece H\u00fck\u00fcmet olarak bizim de\u011fil, sadece siyasi partilerin de\u011fil, sadece TBMM&#8217;nin de de\u011fil, bu \u00fclkenin her vatanda\u015f\u0131n\u0131n ortak sorumlulu\u011fudur. T\u00fcm akademisyenlerimizin, gen\u00e7li\u011fimizin, sivil toplum kurulu\u015flar\u0131m\u0131z\u0131n, medyam\u0131z\u0131n eme\u011finin olmas\u0131 laz\u0131m. Buraya, hepimiz, in\u015faata har\u00e7 ta\u015f\u0131r gibi bilgi ve d\u00fc\u015f\u00fcncemizi ta\u015f\u0131mak durumunday\u0131z. Elbette bu sorumluluk i\u00e7inde \u00fcniversitelerimizin de \u00f6zel ve son derece hayati bir rol\u00fc olmal\u0131 ve olacak. Gelece\u011fin ku\u015faklar\u0131n\u0131 yeti\u015ftirmek gibi son derece hayati bir g\u00f6reve talip olan sizler, \u00fcniversitelerimizin, gelece\u011fin ayd\u0131nl\u0131k T\u00fcrkiye&#8217;sine uygun bir anayasa i\u00e7in elbette s\u00f6yleyecek \u00e7ok \u015feyi vard\u0131r, olmal\u0131d\u0131r. Bizler, hayat\u0131n\u0131n belli d\u00f6nemlerini geride b\u0131rakm\u0131\u015f yeti\u015fkinler olarak, ge\u00e7mi\u015fin \u00fcst\u00fcm\u00fczde b\u0131rakt\u0131\u011f\u0131 a\u011f\u0131rl\u0131klar\u0131n s\u0131k\u0131nt\u0131s\u0131n\u0131 yeterince ta\u015f\u0131d\u0131k. \u015eimdi gelecek ku\u015faklara y\u00fck olacak de\u011fil; fikirleri, idealleri, hayalleri i\u00e7in onlar\u0131n g\u00fcc\u00fcne g\u00fc\u00e7 katacak, \u00f6nlerini a\u00e7acak bir anayasa haz\u0131rlamak g\u00f6revi bizi bekliyor. Bu bilin\u00e7le bu adam\u0131 att\u0131k.&#8221;<\/p>\n<p style=\"text-align: justify;\">Bu \u00fclkenin yar\u0131nlar\u0131 demek olan o gen\u00e7lerin fikirlerini, duygular\u0131n\u0131, beklentilerini de elbette bu anayasan\u0131n ruhuna katmak durumunda olduklar\u0131n\u0131 belirten Erdo\u011fan, \u015f\u00f6yle konu\u015ftu:<\/p>\n<p style=\"text-align: justify;\">&#8220;\u00dcniversitelerimizin yeni anayasay\u0131 olu\u015fturacak ortak akl\u0131n olu\u015fmas\u0131nda ne kadar \u00f6nemli, ne kadar kritik bir rol\u00fc oldu\u011fu burada a\u00e7\u0131k\u00e7a ortaya \u00e7\u0131kmaktad\u0131r. Beklentimiz daha mutlu, daha ayd\u0131nl\u0131k, daha adil ve daha \u00f6zg\u00fcr bir T\u00fcrkiye heyecan\u0131yla her insan\u0131m\u0131z\u0131n renginin bu b\u00fct\u00fcn i\u00e7inde temsil edilebilmesidir. Bizi bize yak\u0131n tutan tarihi tecr\u00fcbelerimizden, ortak de\u011ferlerimizden, hukukun ve demokrasinin berrak ilkelerinden yola \u00e7\u0131kaca\u011f\u0131z. \u00d6n yarg\u0131s\u0131z ve \u00e7\u00f6z\u00fcmden yana bir tutumla ge\u00e7mi\u015fin yanl\u0131\u015flar\u0131n\u0131 bug\u00fcn\u00fcn do\u011frular\u0131na \u00e7evirece\u011fiz. Bunun i\u00e7in umutluyuz, samimiyetle o ortak akl\u0131 olu\u015fturma gayreti ve hassasiyeti i\u00e7inde olaca\u011f\u0131z. Bu \u00f6nemli d\u00f6nemin \u00f6ncesinde, T\u00fcrkiye&#8217;nin gelece\u011fi i\u00e7in son derece \u00f6nemli g\u00f6rd\u00fc\u011f\u00fcm\u00fcz bu meselenin g\u00fcndeme getirilmesi gereken belki de ilk yerin \u00fcniversitelerimiz oldu\u011funa inand\u0131\u011f\u0131m i\u00e7in bunlar\u0131 s\u00f6yl\u00fcyorum.&#8221;<\/p>\n<p style=\"text-align: justify;\"><a href=\"http:\/\/www.cnnturk.com\/2011\/turkiye\/10\/12\/erdogan.anayasada.herkesin.emegi.olmali\/632886.0\/index.html\" target=\"_blank\">Kaynak : CNN T\u00dcRK<\/a><\/p>\n","protected":false},"excerpt":{"rendered":"<p style=\"text-align: justify;\">\n<p style=\"text-align: justify;\">Ba\u015fbakan Recep Tayyip Erdo\u011fan, T\u00fcrkiye&#8217;nin mutlu ve m\u00fcreffeh gelece\u011fine iyi bir zemin kazand\u0131ran yeni bir anayasa haz\u0131rlamak mecburiyetinde olduklar\u0131n\u0131 belirtti. Erdo\u011fan yeni anayasada t\u00fcm akademisyenlerin, gen\u00e7li\u011fin, sivil toplum kurulu\u015flar\u0131n\u0131n, medyan\u0131n eme\u011finin bulunmas\u0131 gerekti\u011fini s\u00f6yledi. <\/p>\n","protected":false},"author":1,"featured_media":0,"comment_status":"open","ping_status":"open","sticky":false,"template":"","format":"standard","meta":{"footnotes":""},"categories":[105],"tags":[],"class_list":["post-41018","post","type-post","status-publish","format-standard","hentry","category-gundem","odd"],"_links":{"self":[{"href":"http:\/\/www.korhanyilmaz.com\/index.php?rest_route=\/wp\/v2\/posts\/41018","targetHints":{"allow":["GET"]}}],"collection":[{"href":"http:\/\/www.korhanyilmaz.com\/index.php?rest_route=\/wp\/v2\/posts"}],"about":[{"href":"http:\/\/www.korhanyilmaz.com\/index.php?rest_route=\/wp\/v2\/types\/post"}],"author":[{"embeddable":true,"href":"http:\/\/www.korhanyilmaz.com\/index.php?rest_route=\/wp\/v2\/users\/1"}],"replies":[{"embeddable":true,"href":"http:\/\/www.korhanyilmaz.com\/index.php?rest_route=%2Fwp%2Fv2%2Fcomments&post=41018"}],"version-history":[{"count":0,"href":"http:\/\/www.korhanyilmaz.com\/index.php?rest_route=\/wp\/v2\/posts\/41018\/revisions"}],"wp:attachment":[{"href":"http:\/\/www.korhanyilmaz.com\/index.php?rest_route=%2Fwp%2Fv2%2Fmedia&parent=41018"}],"wp:term":[{"taxonomy":"category","embeddable":true,"href":"http:\/\/www.korhanyilmaz.com\/index.php?rest_route=%2Fwp%2Fv2%2Fcategories&post=41018"},{"taxonomy":"post_tag","embeddable":true,"href":"http:\/\/www.korhanyilmaz.com\/index.php?rest_route=%2Fwp%2Fv2%2Ftags&post=41018"}],"curies":[{"name":"wp","href":"https:\/\/api.w.org\/{rel}","templated":true}]}}