{"id":41015,"date":"2011-10-12T12:59:22","date_gmt":"2011-10-12T09:59:22","guid":{"rendered":"http:\/\/www.korhanyilmaz.com\/?p=41015"},"modified":"2011-10-12T15:04:47","modified_gmt":"2011-10-12T12:04:47","slug":"zana-tugluk-ve-aydogana-dava-acildi","status":"publish","type":"post","link":"http:\/\/www.korhanyilmaz.com\/?p=41015","title":{"rendered":"Zana, Tu\u011fluk ve Aydo\u011fan&#8217;a dava a\u00e7\u0131ld\u0131"},"content":{"rendered":"<p style=\"text-align: justify;\"><a href=\"http:\/\/www.korhanyilmaz.com\/wp-content\/uploads\/2011\/10\/8040.jpg\"  class=\"lightview\"><img loading=\"lazy\" decoding=\"async\" class=\"aligncenter size-full wp-image-41016\" title=\"\" src=\"http:\/\/www.korhanyilmaz.com\/wp-content\/uploads\/2011\/10\/8040.jpg\" alt=\"\" width=\"292\" height=\"201\" \/><\/a><\/p>\n<p style=\"text-align: justify;\">BDP milletvekilleri Leyla Zana, Nursel Aydo\u011fan ve ba\u011f\u0131ms\u0131z milletvekili Aysel Tu\u011fluk hakk\u0131nda, se\u00e7im \u00f6ncesinde yapt\u0131klar\u0131 konu\u015fmalar ve kat\u0131ld\u0131klar\u0131 cenazeler nedeniyle dava a\u00e7\u0131ld\u0131. Diyarbak\u0131r \u00d6zel Yetkili Savc\u0131l\u0131\u011f\u0131, Zana hakk\u0131nda 45 y\u0131l, Aydo\u011fan hakk\u0131nda 72 y\u0131l, Tu\u011fluk hakk\u0131nda 33 y\u0131l ceza istedi.\u00a0<!--more--><\/p>\n<p style=\"text-align: justify;\">Diyarbak\u0131r Cumhuriyet Ba\u015fsavc\u0131l\u0131\u011f\u0131&#8217;nca haz\u0131rlanan \u00fc\u00e7 ayr\u0131 iddianame, \u00d6zel Yetkili 7. A\u011f\u0131r Ceza Mahkemesi&#8217;nce kabul edildi. BDP Diyarbak\u0131r milletvekili Leyla Zana ile ilgili haz\u0131rlanan iddianamede, Zana&#8217;n\u0131n 5 ayr\u0131 su\u00e7a kar\u0131\u015ft\u0131\u011f\u0131 belirtildi.<\/p>\n<p style=\"text-align: justify;\"><strong>Zana hakk\u0131nda 45 y\u0131l hapis isteniyor\u00a0<\/strong><\/p>\n<p style=\"text-align: justify;\">\u0130ddianamede, Zana&#8217;n\u0131n, \u00e7at\u0131\u015fmalarda \u00f6ld\u00fcr\u00fclen PKK&#8217;l\u0131lar\u0131n cenaze t\u00f6renlerine kat\u0131ld\u0131\u011f\u0131, se\u00e7im \u00e7al\u0131\u015fmalar\u0131 y\u00fcr\u00fctt\u00fc\u011f\u00fc Bismil ve Hazro il\u00e7elerine ba\u011fl\u0131 k\u00f6ylerde yapt\u0131\u011f\u0131 konu\u015fmalarda ise &#8220;ter\u00f6r \u00f6rg\u00fct\u00fcn\u00fcn&#8221; propagandas\u0131n\u0131 yapt\u0131\u011f\u0131 ileri s\u00fcr\u00fcld\u00fc. Ayr\u0131ca Zana&#8217;n\u0131n Diyarbak\u0131r \u0130stasyon Meydan\u0131&#8217;nda ger\u00e7ekle\u015ftirilen mitingdeki konu\u015fmas\u0131nda da su\u00e7 unsuru tespit edildi\u011fi belirtildi.<\/p>\n<p style=\"text-align: justify;\">\u0130ddianamede, Leyla Zana hakk\u0131nda 4 kez &#8220;ter\u00f6r \u00f6rg\u00fct\u00fcn\u00fcn propagandas\u0131n\u0131 yapmak&#8221;, 2 kez &#8220;2911 Say\u0131l\u0131 Toplant\u0131 ve G\u00f6steri Y\u00fcr\u00fcy\u00fc\u015fleri Kanunu&#8221;na muhalefet etmek ve 2 kez de &#8220;\u00f6rg\u00fct \u00fcyesi olmamakla birlikte \u00f6rg\u00fct ad\u0131na su\u00e7 i\u015flemek&#8221; su\u00e7lar\u0131ndan toplam 45 y\u0131la kadar hapis cezas\u0131 istendi.<\/p>\n<p style=\"text-align: justify;\"><strong>Cenazelere<\/strong><strong>\u00a0kat\u0131ld\u0131, 72 y\u0131l hapsi isteniyor\u00a0<\/strong><\/p>\n<p style=\"text-align: justify;\">BDP Diyarbak\u0131r milletvekili Nursel Aydo\u011fan hakk\u0131nda haz\u0131rlanan iddianamede ise Aydo\u011fan&#8217;\u0131n kat\u0131ld\u0131\u011f\u0131 4 ayr\u0131 etkinlikte, su\u00e7 i\u015fledi\u011fi iddia edildi.<\/p>\n<p style=\"text-align: justify;\">Aydo\u011fan&#8217;\u0131n 13-14 May\u0131s 2011 tarihinde Uludere&#8217;deki \u00e7at\u0131\u015fmada \u00f6ld\u00fcr\u00fclen 12 ter\u00f6rist i\u00e7in Diyarbak\u0131r&#8217;da d\u00fczenlenen yasad\u0131\u015f\u0131 y\u00fcr\u00fcy\u00fc\u015fe kat\u0131larak, \u00f6rg\u00fct mensuplar\u0131 i\u00e7in sayg\u0131 duru\u015funda bulundu\u011fu bildirilen iddianamede, Aydo\u011fan&#8217;\u0131n ayr\u0131ca Tunceli&#8217;nin P\u00fcl\u00fcm\u00fcr il\u00e7esinde \u00f6ld\u00fcr\u00fclen 7 \u00f6rg\u00fct \u00fcyesinden 4&#8217;\u00fc i\u00e7in d\u00fczenlenen cenaze t\u00f6renine de kat\u0131ld\u0131\u011f\u0131 kaydedildi.<\/p>\n<p style=\"text-align: justify;\">Nursel Aydo\u011fan&#8217;\u0131n MEYA-Der&#8217;in 18 May\u0131s 2011 g\u00fcn\u00fc 1982 y\u0131l\u0131nda cezaevinde kendisini yakan 4 \u00f6rg\u00fct \u00fcyesi ile Uludere&#8217;de 12 ter\u00f6ristin \u00f6ld\u00fcr\u00fcld\u00fc\u011f\u00fc operasyonlar\u0131 protesto etmek amac\u0131yla organize etti\u011fi y\u00fcr\u00fcy\u00fc\u015fe kat\u0131ld\u0131\u011f\u0131 belirtilen iddianamede, Aydo\u011fan&#8217;\u0131n ayr\u0131ca 20 Nisan 2011 tarihinde Kahramanmara\u015f&#8217;\u0131n Pazarc\u0131k il\u00e7esindeki \u00e7at\u0131\u015fmada \u00f6ld\u00fcr\u00fclen \u00f6rg\u00fct mensubu i\u00e7in d\u00fczenlenen cenaze t\u00f6renine kat\u0131larak, su\u00e7 i\u015fledi\u011fi ileri s\u00fcr\u00fcld\u00fc.<\/p>\n<p style=\"text-align: justify;\">San\u0131k Aydo\u011fan&#8217;\u0131n da, 4 kez &#8220;ter\u00f6r \u00f6rg\u00fct\u00fcn\u00fcn propagandas\u0131n\u0131 yapmak&#8221;, 4 kez &#8220;2911 Say\u0131l\u0131 Toplant\u0131 ve G\u00f6steri Y\u00fcr\u00fcy\u00fc\u015fleri Kanunu&#8221;na muhalefet etmek ve 4 kez de &#8220;\u00f6rg\u00fct \u00fcyesi olmamakla birlikte \u00f6rg\u00fct ad\u0131na su\u00e7 i\u015flemek&#8221; su\u00e7lar\u0131ndan toplam 72 y\u0131la kadar hapsi talep edildi.<\/p>\n<p style=\"text-align: justify;\"><strong>Su\u00e7 unsuru kad\u0131nlar g\u00fcn\u00fc konu\u015fmas\u0131nda\u00a0<\/strong><\/p>\n<p style=\"text-align: justify;\">Van Ba\u011f\u0131ms\u0131z milletvekili Aysel Tu\u011fluk i\u00e7in haz\u0131rlad\u0131\u011f\u0131 iddianamede ise san\u0131\u011f\u0131n Hatay&#8217;\u0131n Hassa il\u00e7esinde 6 Nisan 2011 g\u00fcn\u00fc \u00e7\u0131kan \u00e7at\u0131\u015fmada \u00f6ld\u00fcr\u00fclen \u00f6rg\u00fct \u00fcyesi i\u00e7in Ergani&#8217;de ger\u00e7ekle\u015ftirilen cenaze t\u00f6renine kat\u0131ld\u0131\u011f\u0131 belirtildi.<\/p>\n<p style=\"text-align: justify;\">Aysel Tu\u011fluk&#8217;un, 5 May\u0131s 2011 g\u00fcn\u00fc d\u00fczenledi\u011fi toplant\u0131 ile 8 Mart 2011&#8217;de \u0130stasyon Meydan\u0131&#8217;nda ger\u00e7ekle\u015ftirilen D\u00fcnya Kad\u0131nlar G\u00fcn\u00fc etkinli\u011finde yapt\u0131\u011f\u0131 konu\u015fma ve 11 Eyl\u00fcl 2011&#8217;de baz\u0131 bas\u0131n organlar\u0131nda yer alan a\u00e7\u0131klamalar\u0131nda su\u00e7 unsuru tespit edildi\u011fine yer verilen iddianamede, Tu\u011fluk&#8217;un ayr\u0131ca PKK \u00fcyesi 4 ki\u015fi i\u00e7in Diyarbak\u0131r&#8217;da d\u00fczenlenen cenaze t\u00f6renine de kat\u0131ld\u0131\u011f\u0131 ifade edildi.<\/p>\n<p style=\"text-align: justify;\">Tu\u011fluk i\u00e7in de 4 kez &#8220;ter\u00f6r \u00f6rg\u00fct\u00fcn\u00fcn propagandas\u0131n\u0131 yapmak&#8221;, bir kez 2911 Say\u0131l\u0131 Toplant\u0131 ve G\u00f6steri Y\u00fcr\u00fcy\u00fc\u015fleri Kanunu&#8217;na muhalefet etmek ve bir kez de &#8220;\u00f6rg\u00fct \u00fcyesi olmamakla birlikte \u00f6rg\u00fct ad\u0131na su\u00e7 i\u015flemek&#8221; su\u00e7lar\u0131ndan 33 y\u0131la kadar hapis cezas\u0131yla cezaland\u0131r\u0131lmas\u0131 istendi.<\/p>\n<p style=\"text-align: justify;\">Milletvekillerinin yarg\u0131lanmalar\u0131na \u00f6n\u00fcm\u00fczdeki g\u00fcnlerde 7. A\u011f\u0131r Ceza Mahkemesi&#8217;nde ba\u015flanacak.<\/p>\n<p style=\"text-align: justify;\"><a href=\"http:\/\/www.cnnturk.com\/2011\/turkiye\/10\/12\/zana.tugluk.ve.aydogana.dava.acildi\/632865.0\/index.html\" target=\"_blank\">Kaynak : CNN T\u00dcRK<\/a><\/p>\n","protected":false},"excerpt":{"rendered":"<p style=\"text-align: justify;\">\n<p style=\"text-align: justify;\">BDP milletvekilleri Leyla Zana, Nursel Aydo\u011fan ve ba\u011f\u0131ms\u0131z milletvekili Aysel Tu\u011fluk hakk\u0131nda, se\u00e7im \u00f6ncesinde yapt\u0131klar\u0131 konu\u015fmalar ve kat\u0131ld\u0131klar\u0131 cenazeler nedeniyle dava a\u00e7\u0131ld\u0131. Diyarbak\u0131r \u00d6zel Yetkili Savc\u0131l\u0131\u011f\u0131, Zana hakk\u0131nda 45 y\u0131l, Aydo\u011fan hakk\u0131nda 72 y\u0131l, Tu\u011fluk hakk\u0131nda 33 y\u0131l ceza istedi. <\/p>\n","protected":false},"author":1,"featured_media":0,"comment_status":"open","ping_status":"open","sticky":false,"template":"","format":"standard","meta":{"footnotes":""},"categories":[105],"tags":[],"class_list":["post-41015","post","type-post","status-publish","format-standard","hentry","category-gundem","odd"],"_links":{"self":[{"href":"http:\/\/www.korhanyilmaz.com\/index.php?rest_route=\/wp\/v2\/posts\/41015","targetHints":{"allow":["GET"]}}],"collection":[{"href":"http:\/\/www.korhanyilmaz.com\/index.php?rest_route=\/wp\/v2\/posts"}],"about":[{"href":"http:\/\/www.korhanyilmaz.com\/index.php?rest_route=\/wp\/v2\/types\/post"}],"author":[{"embeddable":true,"href":"http:\/\/www.korhanyilmaz.com\/index.php?rest_route=\/wp\/v2\/users\/1"}],"replies":[{"embeddable":true,"href":"http:\/\/www.korhanyilmaz.com\/index.php?rest_route=%2Fwp%2Fv2%2Fcomments&post=41015"}],"version-history":[{"count":0,"href":"http:\/\/www.korhanyilmaz.com\/index.php?rest_route=\/wp\/v2\/posts\/41015\/revisions"}],"wp:attachment":[{"href":"http:\/\/www.korhanyilmaz.com\/index.php?rest_route=%2Fwp%2Fv2%2Fmedia&parent=41015"}],"wp:term":[{"taxonomy":"category","embeddable":true,"href":"http:\/\/www.korhanyilmaz.com\/index.php?rest_route=%2Fwp%2Fv2%2Fcategories&post=41015"},{"taxonomy":"post_tag","embeddable":true,"href":"http:\/\/www.korhanyilmaz.com\/index.php?rest_route=%2Fwp%2Fv2%2Ftags&post=41015"}],"curies":[{"name":"wp","href":"https:\/\/api.w.org\/{rel}","templated":true}]}}