{"id":4101,"date":"2009-02-27T14:22:21","date_gmt":"2009-02-27T12:22:21","guid":{"rendered":"http:\/\/www.korhanyilmaz.com\/?p=4101"},"modified":"2009-02-27T14:22:21","modified_gmt":"2009-02-27T12:22:21","slug":"basbakan-alay-ediyor","status":"publish","type":"post","link":"http:\/\/www.korhanyilmaz.com\/?p=4101","title":{"rendered":"&#039;Ba\u015fbakan alay ediyor&#039;"},"content":{"rendered":"<p style=\"text-align: center;\"><img loading=\"lazy\" decoding=\"async\" class=\"aligncenter size-full wp-image-4203\" title=\"CHP S\u00f6zc\u00fcs\u00fc ve Genel Sayman\u0131 Mustafa \u00d6zy\u00fcrek\" src=\"http:\/\/www.korhanyilmaz.com\/wp-content\/uploads\/2009\/02\/pdnkdaqhy7y.jpg\" alt=\"CHP S\u00f6zc\u00fcs\u00fc ve Genel Sayman\u0131 Mustafa \u00d6zy\u00fcrek\" width=\"406\" height=\"216\" \/><\/p>\n<p style=\"text-align: justify;\"><strong>CHP&#8217;li \u00d6zy\u00fcrek, Erdo\u011fan&#8217;\u0131 \u00e7ok sert ele\u015ftirdi.<\/strong><\/p>\n<p style=\"text-align: justify;\">CHP S\u00f6zc\u00fcs\u00fc ve Genel Sayman\u0131 Mustafa \u00d6zy\u00fcrek, &#8220;Say\u0131n Ba\u015fbakan ekonomiye veya di\u011fer konulara \u00e7\u00f6z\u00fcm \u00fcretmek yerine herkesle \u00fcst perdeden alay ediyor&#8221; dedi.<\/p>\n<p style=\"text-align: justify;\">\u00d6zy\u00fcrek, CHP Genel Merkezi&#8217;nde d\u00fczenledi\u011fi bas\u0131n toplant\u0131s\u0131nda, T\u00fcrkiye&#8217;nin i\u00e7inde bulundu\u011fu ekonomik kriz ortam\u0131na de\u011findi. 2007 y\u0131l\u0131ndan bu yana h\u00fck\u00fcmetin bu konuda b\u00fcy\u00fck bir duyars\u0131zl\u0131k i\u00e7inde oldu\u011funu belirten \u00d6zy\u00fcrek, T\u00fcrkiye ekonomisinin art\u0131k k\u00fc\u00e7\u00fclen bir ekonomi durumuna geldi\u011fini belirtti.<\/p>\n<p style=\"text-align: justify;\">G-20 ve OECD \u00fclkeleri aras\u0131nda krize \u00e7\u00f6z\u00fcm bulamayan tek \u00fclkenin T\u00fcrkiye oldu\u011funu belirten \u00d6zy\u00fcrek, CHP lideri Baykal taraf\u0131ndan h\u00fck\u00fcmete \u00f6nerilen 7 maddelik re\u00e7eteyi hat\u0131rlatt\u0131. Bunun kar\u015f\u0131l\u0131\u011f\u0131nda Erdo\u011fan&#8217;dan, &#8220;sen i\u015fine bak&#8221; cevab\u0131n\u0131 ald\u0131klar\u0131n\u0131 ifade eden \u00d6zy\u00fcrek, Ba\u015fbakan\u0131n ekonomik krize ve daha bir \u00e7ok konuya \u00e7are aramak yerine se\u00e7imi d\u00fc\u015f\u00fcnd\u00fc\u011f\u00fcn\u00fc, kavga politikas\u0131n\u0131 s\u00fcrd\u00fcrd\u00fc\u011f\u00fcn\u00fc belirtti.<!--more--><br \/>\nT\u00fcrkiye&#8217;nin hem ekonomik hem de sosyal anlamda bir kaosa do\u011fru s\u00fcr\u00fcklendi\u011fini de vurgulayan \u00d6zy\u00fcrek, CHP&#8217;nin \u00f6nerilerini sundu\u011funu ancak h\u00fck\u00fcmetin buna kay\u0131ts\u0131z kald\u0131\u011f\u0131n\u0131 da kaydetti.\n<\/p>\n<p style=\"text-align: justify;\"><strong>-&#8220;SE\u00c7MEN \u0130RADES\u0130 BASKI ALTINA ALINMAK \u0130STEN\u0130YOR&#8221;-<\/strong><\/p>\n<p style=\"text-align: justify;\">AKP taraf\u0131ndan se\u00e7men iradesinin bask\u0131 alt\u0131na al\u0131nmak istendi\u011fini de belirten \u00d6zy\u00fcrek, &#8220;Bir Ba\u015fbakan YSK&#8217;y\u0131 yok sayarsa, bu kurulun kararlar\u0131n\u0131n uygulanmas\u0131n\u0131 isteyen muhalefet partisine beni \u0131rgalamaz derse nas\u0131l se\u00e7im yar\u0131\u015f\u0131 yap\u0131l\u0131r?&#8221; sorusunu sordu.<\/p>\n<p style=\"text-align: justify;\">\u00d6zy\u00fcrek medyaya da bask\u0131 yap\u0131ld\u0131\u011f\u0131n\u0131 belirterek, Do\u011fan Grubuna verilen cezan\u0131n hi\u00e7bir hukuki gerek\u00e7esinin bulunmad\u0131\u011f\u0131n\u0131 s\u00f6yledi. \u00d6zy\u00fcrek, &#8220;Bu siyasi bir karar. Maliye Bakanl\u0131\u011f\u0131&#8217;n\u0131n siyasalla\u015fm\u0131\u015f olmas\u0131 son dere yanl\u0131\u015f&#8221; diye konu\u015ftu.<\/p>\n<p style=\"text-align: justify;\"><strong>-&#8220;MAGANDA \u00dcSLUBUNU BEN\u0130MSEM\u0130\u015e&#8221;-<\/strong><\/p>\n<p style=\"text-align: justify;\">Erdo\u011fan&#8217;\u0131n \u00fcslubunu da ele\u015ftiren \u00d6zy\u00fcrek, &#8220;Bu bir Ba\u015fbakana yak\u0131\u015fmayan bir \u00fcslup, \u00dcst perdeden herkesle alay ediyor&#8221; \u015feklinde konu\u015ftu. Ba\u015fbakan\u0131n halk\u0131n bu \u00fcsluptan ho\u015fland\u0131\u011f\u0131 izlenimine kap\u0131lm\u0131\u015f olabilece\u011fini de s\u00f6yleyen \u00d6zy\u00fcrek, &#8220;Say\u0131n Ba\u015fbakan bir maganda \u00fcslubu benimsemi\u015ftir&#8221; dedi.<\/p>\n<p style=\"text-align: justify;\">AKP&#8217;nin CHP&#8217;de neler bulabiliriz mant\u0131\u011f\u0131 ile tarama yapt\u0131\u011f\u0131n\u0131 da belirten \u00d6zy\u00fcrek, &#8220;Anayasa Mahkemesi&#8217;nin CHP ile ilgili yapt\u0131\u011f\u0131 hesap incelemeleri sonunda ortaya \u00e7\u0131kan ve Hazineye gelir kaydedilen rakamlar \u00e7\u0131kt\u0131. Y\u00fcksek Mahkeme karar\u0131n\u0131 okuma zahmetinde bulunsayd\u0131lar ortada bir yolsuzluk olmad\u0131\u011f\u0131n\u0131 g\u00f6r\u00fcrlerdi. Orada partinin amac\u0131na uygun bir \u015fekilde yap\u0131lan harcamalar belgelendirilmi\u015ftir. Bunda, CHP ile Anayasa Mahkemesi aras\u0131nda yorum fark\u0131 vard\u0131r&#8221; dedi.<\/p>\n<p style=\"text-align: justify;\"><span style=\"color: #888888;\">ANKA<\/span><\/p>\n<p style=\"text-align: justify;\">\n","protected":false},"excerpt":{"rendered":"<p style=\"text-align: center;\">\n<p style=\"text-align: justify;\">CHP&#8217;li \u00d6zy\u00fcrek, Erdo\u011fan&#8217;\u0131 \u00e7ok sert ele\u015ftirdi.<\/p>\n<p style=\"text-align: justify;\">CHP S\u00f6zc\u00fcs\u00fc ve Genel Sayman\u0131 Mustafa \u00d6zy\u00fcrek, &#8220;Say\u0131n Ba\u015fbakan ekonomiye veya di\u011fer konulara \u00e7\u00f6z\u00fcm \u00fcretmek yerine herkesle \u00fcst perdeden alay ediyor&#8221; dedi.<\/p>\n<p style=\"text-align: justify;\">\u00d6zy\u00fcrek, CHP Genel Merkezi&#8217;nde d\u00fczenledi\u011fi bas\u0131n toplant\u0131s\u0131nda, T\u00fcrkiye&#8217;nin i\u00e7inde bulundu\u011fu ekonomik kriz ortam\u0131na de\u011findi. 2007 y\u0131l\u0131ndan bu yana <\/p>\n","protected":false},"author":1,"featured_media":0,"comment_status":"open","ping_status":"closed","sticky":false,"template":"","format":"standard","meta":{"footnotes":""},"categories":[105],"tags":[],"class_list":["post-4101","post","type-post","status-publish","format-standard","hentry","category-gundem","odd"],"_links":{"self":[{"href":"http:\/\/www.korhanyilmaz.com\/index.php?rest_route=\/wp\/v2\/posts\/4101","targetHints":{"allow":["GET"]}}],"collection":[{"href":"http:\/\/www.korhanyilmaz.com\/index.php?rest_route=\/wp\/v2\/posts"}],"about":[{"href":"http:\/\/www.korhanyilmaz.com\/index.php?rest_route=\/wp\/v2\/types\/post"}],"author":[{"embeddable":true,"href":"http:\/\/www.korhanyilmaz.com\/index.php?rest_route=\/wp\/v2\/users\/1"}],"replies":[{"embeddable":true,"href":"http:\/\/www.korhanyilmaz.com\/index.php?rest_route=%2Fwp%2Fv2%2Fcomments&post=4101"}],"version-history":[{"count":0,"href":"http:\/\/www.korhanyilmaz.com\/index.php?rest_route=\/wp\/v2\/posts\/4101\/revisions"}],"wp:attachment":[{"href":"http:\/\/www.korhanyilmaz.com\/index.php?rest_route=%2Fwp%2Fv2%2Fmedia&parent=4101"}],"wp:term":[{"taxonomy":"category","embeddable":true,"href":"http:\/\/www.korhanyilmaz.com\/index.php?rest_route=%2Fwp%2Fv2%2Fcategories&post=4101"},{"taxonomy":"post_tag","embeddable":true,"href":"http:\/\/www.korhanyilmaz.com\/index.php?rest_route=%2Fwp%2Fv2%2Ftags&post=4101"}],"curies":[{"name":"wp","href":"https:\/\/api.w.org\/{rel}","templated":true}]}}