{"id":40980,"date":"2011-10-10T13:10:34","date_gmt":"2011-10-10T10:10:34","guid":{"rendered":"http:\/\/www.korhanyilmaz.com\/?p=40980"},"modified":"2011-10-10T23:38:00","modified_gmt":"2011-10-10T20:38:00","slug":"httpwww-gazeteport-com","status":"publish","type":"post","link":"http:\/\/www.korhanyilmaz.com\/?p=40980","title":{"rendered":"&#8220;Halk\u0131m\u0131z bunun bedelini \u00f6deyecektir&#8221;"},"content":{"rendered":"<p style=\"text-align: center;\"><a href=\"http:\/\/www.korhanyilmaz.com\/wp-content\/uploads\/2011\/10\/80341.jpg\"  class=\"lightview\"><img loading=\"lazy\" decoding=\"async\" class=\"aligncenter  wp-image-40982\" src=\"http:\/\/www.korhanyilmaz.com\/wp-content\/uploads\/2011\/10\/80341.jpg\" alt=\"\" width=\"396\" height=\"180\" \/><\/a><\/p>\n<p style=\"text-align: justify;\">Balyoz san\u0131\u011f\u0131 emekli Albay Suat Ayt\u0131n&#8217;dan sert s\u00f6zler: Sokak k\u00f6peklerinin haklar\u0131n\u0131 savunmak i\u00e7in y\u00fcr\u00fcy\u00fc\u015f yaparken, Peygamber oca\u011f\u0131 ordunun itibar\u0131n\u0131n zedelenmesine g\u00f6z yumulmu\u015ftur. \u0130leride halk\u0131m\u0131z bunun bedelini \u00f6deyecektir.<\/p>\n<p style=\"text-align: justify;\">\u0130STANBUL &#8211; &#8216;Balyoz Plan\u0131&#8217; davas\u0131 kapsam\u0131nda g\u00f6r\u00fclen duru\u015fmada hakim ile Emekli Albay Suat Ayt\u0131n&#8217;\u0131n avukat\u0131 aras\u0131nda gerginlik ya\u015fand\u0131.\u00a0<!--more--><\/p>\n<p style=\"text-align: justify;\">\u0130stanbul 10. A\u011f\u0131r Ceza Mahkemesi&#8217;nce Silivri Ceza \u0130nfaz Kurumlar\u0131 Yerle\u015fkesi&#8217;ndeki salonda yap\u0131lan duru\u015fmaya, eski Hava Kuvvetleri Komutan\u0131 emekli Orgeneral Halil \u0130brahim F\u0131rt\u0131na, eski Deniz Kuvvetleri Komutan\u0131 emekli Oramiral \u00d6zden \u00d6rnek, Eski 1. Ordu Komutan\u0131 emekli Orgeneral \u00c7etin Do\u011fan, MHP \u0130stanbul milletvekili Emekli Korgeneral Engin Alan&#8217;\u0131n da aralar\u0131nda bulundu\u011fu 140 san\u0131k haz\u0131r bulundu. YA\u015e \u00fcyesi Orgeneral Bilgin Balanl\u0131 ve emekli albay Dursun \u00c7i\u00e7ek&#8217;in de aralar\u0131nda bulundu\u011fu 44 tutuklu san\u0131k ise duru\u015fmaya kat\u0131lmad\u0131. Duru\u015fmada ayr\u0131ca 32 tutuksuz san\u0131k da haz\u0131r bulundu. Hakk\u0131nda yakalama karar\u0131 bulunan san\u0131klar Ergin Saygun ve Ahmet Sinan Ertu\u011frul ise duru\u015fmaya kat\u0131lmad\u0131.<\/p>\n<p style=\"text-align: justify;\"><strong>CENAZE \u0130\u00c7\u0130N \u0130Z\u0130N \u0130STED\u0130<\/strong><\/p>\n<p style=\"text-align: justify;\">\u0130sim yoklamas\u0131 s\u0131ras\u0131nda tutuklu san\u0131klardan Levent G\u00fcldo\u011fu\u015f, kay\u0131nvalidesinin vefat etti\u011fini belirterek savunmas\u0131n\u0131 erken yapmak, cenaze i\u015flemleri i\u00e7in Sal\u0131 ve \u00c7ar\u015famba g\u00fcnleri izin verilmesini talep etti. Mahkeme Ba\u015fkan\u0131 \u00d6mer Diken de avukat\u0131n\u0131n haz\u0131r olmas\u0131 halinde savunmas\u0131n\u0131 verebilece\u011fini s\u00f6yledi.<\/p>\n<p style=\"text-align: justify;\"><strong>EMEKL\u0130 ALBAY SUAT AYTIN SAVUNMASINI YAPTI<\/strong><\/p>\n<p style=\"text-align: justify;\">Dava hen\u00fcz a\u00e7\u0131lmadan \u00f6nce soru\u015fturma a\u015famas\u0131nda iki kez tutuklan\u0131p daha sonra da tahliye edildi\u011fini belirten emekli Albay Suat Ayt\u0131n, 11 \u015eubat 2011 tarihinde 133 san\u0131k hakk\u0131nda yakalama ve tutuklama karar\u0131 verilmesi \u00fczerine kendisinin 3&#8217;\u00fcnc\u00fc kez tutukland\u0131\u011f\u0131n\u0131 s\u00f6yledi. Toplam 12 ay tutuklu kald\u0131\u011f\u0131n\u0131 belirten Ayt\u0131n, seminerde yapt\u0131\u011f\u0131 sunum ile ilgili su\u00e7land\u0131\u011f\u0131n\u0131 belirterek &#8220;Su\u00e7umu bilmeden, pe\u015fin ceza kesilerek ma\u011fdur edildim&#8221; diye konu\u015ftu. 3. Kolordu Komutan yard\u0131mc\u0131l\u0131\u011f\u0131 ve 52. Z\u0131rhl\u0131 T\u00fcmen Komutanl\u0131\u011f\u0131 yapt\u0131\u011f\u0131n\u0131 belirten Ayt\u0131n, &#8220;52. Z\u0131rhl\u0131 T\u00fcmen&#8217;in g\u00f6revi, \u0130stanbul ilinde g\u00fcvenlik ve emniyeti sa\u011flamak. \u0130stanbul&#8217;da meydana gelebilecek olas\u0131 ter\u00f6r ve toplumsal olaylar\u0131 bast\u0131rmak gibi konulard\u0131r&#8221; dedi. Ayt\u0131n devam\u0131nda ise halk\u0131n, Balyoz davas\u0131na olan tavr\u0131n\u0131 da ele\u015ftirdi. Ayt\u0131n &#8220;Sokak k\u00f6peklerinin haklar\u0131n\u0131 savunmak i\u00e7in y\u00fcr\u00fcy\u00fc\u015f yaparken, Peygamber oca\u011f\u0131 ordunun itibar\u0131n\u0131n zedelenmesine g\u00f6z yumulmu\u015ftur. \u0130leride halk\u0131m\u0131z bunun bedelini \u00f6deyecektir&#8221; dedi.<\/p>\n<p style=\"text-align: justify;\"><strong>&#8220;BA\u015eKANIM TAMAM S\u00d6ZLER\u0130M\u0130 GER\u0130 ALIYORUM&#8221;<\/strong><\/p>\n<p style=\"text-align: justify;\">Suat Ayt\u0131n, poliste verdi\u011fi ifadesini kabul etmedi\u011fi belirtti. Mahkeme Ba\u015fkan\u0131 \u00d6mer Diken de polisteki ifadesini neden kabul etmedi\u011fini sormas\u0131 \u00fczerine san\u0131k Ayt\u0131n, &#8220;Bana bir sureti verilmedi&#8221; diye konu\u015ftu. S\u00f6z alan san\u0131k Ayt\u0131n&#8217;\u0131n avukat\u0131 Muammer K\u00fc\u00e7\u00fck ise m\u00fcvekkilinin ifadesinin gece al\u0131nd\u0131\u011f\u0131n\u0131 ve m\u00fcvekkilinin uykusuz oldu\u011fu i\u00e7in al\u0131nan bu ifadelerinin sa\u011fl\u0131ks\u0131z oldu\u011funu belirtti. Mahkeme ba\u015fkan\u0131 \u00d6mer Diken&#8217;in &#8220;E\u011fer m\u00fcvekkililnizin uykusuz oldu\u011funu s\u00f6yleseydiniz ifadesi al\u0131nmazd\u0131, al\u0131nsa bile ge\u00e7ersiz olurdu&#8221; demesi \u00fczerine San\u0131k Ayt\u0131n, &#8220;Ba\u015fkan\u0131m tamam s\u00f6zlerimi geri al\u0131yorum. Polis de verdi\u011fim ifadelerimi kabul ediyorum&#8221; dedi.<\/p>\n<p style=\"text-align: justify;\">Mahkeme Ba\u015fkan\u0131 Diken, &#8220;Bizim ifadenizi kabul edin diye bir zorlamam\u0131z yok. Nedenini s\u00f6ylemeniz yeterli&#8221; \u015feklinde konu\u015ftu. Avukat Muammer K\u00fc\u00e7\u00fck ise &#8220;M\u00fcvekkilimin poliste ifadesi al\u0131nd\u0131\u011f\u0131 s\u0131rada ben orada de\u011fildim. Orada olsayd\u0131m m\u00fcsade etmezdim&#8221; ifadelerini kulland\u0131.<\/p>\n<p style=\"text-align: justify;\"><strong>&#8220;SAVUNMA SINIRLARINI A\u015eIYORSUNUZ&#8221;<\/strong><\/p>\n<p style=\"text-align: justify;\">San\u0131k Suat Ayt\u0131n&#8217;\u0131n savunmas\u0131n\u0131n ard\u0131ndan konu\u015fan avukat\u0131 Muammer K\u00fc\u00e7\u00fck, davan\u0131n sahte belgelere dayand\u0131\u011f\u0131n\u0131 belirterek, san\u0131\u011f\u0131n su\u00e7suz oldu\u011funu s\u00f6yledi. Mahkemelerin yap\u0131s\u0131yla ilgili konu\u015faca\u011f\u0131n\u0131 s\u00f6yleyen Avukat Muammer K\u00fc\u00e7\u00fck, &#8220;DGM&#8217;ler kald\u0131r\u0131ld\u0131. DGM&#8217;lerin sadece ad\u0131 de\u011fi\u015fti ancak kendi ayn\u0131d\u0131r. \u00d6zel Yetkili 3 mahkeme daha kuruldu&#8221; dedi. Mahkeme Ba\u015fkan\u0131 Diken de avukat\u0131n bu s\u00f6zlerine m\u00fcdahale ederek, &#8220;Savunma s\u0131n\u0131rlar\u0131n\u0131 a\u015f\u0131yorsunuz. Hi\u00e7bir yerde \u00d6zel Yetkili Mahkemeler diye bir ifade yoktur. CMK&#8217;n\u0131n 250. maddesine g\u00f6re yetkili mahkemeler diye ge\u00e7er&#8221; \u015feklinde konu\u015ftu. Avukat Muammer K\u00fc\u00e7\u00fck ise, &#8220;S\u00f6zlerime m\u00fcdahale edecekseniz konu\u015fmayay\u0131m. S\u00f6zlerime m\u00fcdahale etmeyin bu konu\u015fmalar\u0131m\u0131n tutanaklara ge\u00e7mesini istiyorum&#8221; diye konu\u015ftu.<\/p>\n<p style=\"text-align: justify;\"><strong>&#8220;TAHL\u0130YE KARARI VEREN HAK\u0130MLER\u0130N BA\u015eINA NELER GELD\u0130\u011e\u0130N\u0130 G\u00d6R\u00dcYORUZ&#8221;<\/strong><\/p>\n<p style=\"text-align: justify;\">Cezaevi s\u0131n\u0131rlar\u0131 i\u00e7inde savunma yapaca\u011f\u0131n\u0131 s\u00f6yleyen Avukat Muammer K\u00fc\u00e7\u00fck, &#8220;Tahliye karar\u0131 veren hakimlerin ba\u015f\u0131na neler geldi\u011fini g\u00f6r\u00fcyoruz. Bunun en son \u00f6rne\u011fi 11. A\u011f\u0131r Ceza Mahkemesi Ba\u015fkan\u0131 \u015eeref Ak\u00e7ay&#8217;d\u0131r. Bask\u0131lardan dolay\u0131 \u015eeref Ak\u00e7ay emeklili\u011fini istedi. \u0130kinci Ergenekon davas\u0131nda yarg\u0131lanan Hur\u015fit Tolon hakk\u0131nda tahliye karar\u0131 veren \u0130stanbul 12. A\u011f\u0131r Ceza Mahkemesi&#8217;nin iki \u00fcye hakimi Bak\u0131rk\u00f6y hakimli\u011fine atand\u0131&#8221; dedi. Avukat Muammer K\u00fc\u00e7\u00fck g\u00f6r\u00fcnt\u00fclerin tutanaklara tam olarak ge\u00e7medi\u011fini s\u00f6yleyerek, kendilerine davaya ili\u015fkin g\u00f6r\u00fcnt\u00fc kay\u0131tlar\u0131n\u0131n verilmesini istedi.<\/p>\n<p style=\"text-align: justify;\"><strong>BALYOZ DAVASINDA TUTUKSUZ SANIKLARA GE\u00c7\u0130LD\u0130<\/strong><\/p>\n<p style=\"text-align: justify;\">Duru\u015fmaya verilen 10 dakikal\u0131k aran\u0131n ard\u0131ndan davada ilk kez tutuksuz san\u0131klar\u0131n dinlenmesine ge\u00e7ildi. Mahkeme Ba\u015fkan\u0131 \u00d6mer Diken, san\u0131\u011f\u0131 savunmas\u0131n\u0131 yapmas\u0131 i\u00e7in k\u00fcrs\u00fcye ald\u0131. Bu \u015fekilde davada ifadesi al\u0131nan ilk tutuksuz san\u0131k da G\u00fcldo\u011fu\u015f oldu. \u0130ddianamenin 175. numaral\u0131 san\u0131\u011f\u0131 olan G\u00fcldo\u011fu\u015f, \u201c\u0130ddianamede ad\u0131m Testere operasyonu timi komutan\u0131 olarak ge\u00e7iyor. Bu listeyle ad\u0131m\u0131 kimin yazd\u0131\u011f\u0131n\u0131 bilmiyorum. B\u00f6yle bir g\u00f6rev ne yazal\u0131 ne de s\u00f6zl\u00fc olarak almad\u0131m. 1. Ordudaki seminere de kat\u0131lmad\u0131m. Beraatimi ve duru\u015fmalardan ba\u011f\u0131\u015f\u0131k tutulmam\u0131 talep ediyorum&#8221; dedi.<\/p>\n<p style=\"text-align: justify;\"><strong>&#8220;BEN N\u0130YE BURADAYIM B\u0130R YILDIR B\u0130LM\u0130YORUM&#8221;<\/strong><\/p>\n<p style=\"text-align: justify;\">Daha sonra ise k\u00fcrs\u00fcye tutuksuz san\u0131k Erol Ersan geldi. Kend isinin \u0130stanbul\u2019a ilk kez dava nedeniyle geldi\u011fini bir y\u0131ld\u0131r duru\u015fmaya gelebilmek i\u00e7in maddi olarak \u00e7ok harcama yapt\u0131\u011f\u0131n\u0131 belirtti. Ersan, \u201cDavan\u0131n ilk g\u00fcnlerinde iki ki\u015finin ismi yanl\u0131\u015fl\u0131kla yaz\u0131ld\u0131\u011f\u0131 ortaya \u00e7\u0131km\u0131\u015ft\u0131. Benimde durumum ayn\u0131 diye d\u00fc\u015f\u00fcnd\u00fcm ama \u00f6yle bir durum ortaya \u00e7\u0131kmad\u0131. Ben niye buraday\u0131m bir y\u0131ld\u0131r bilmiyorum. Beraatimi talep ediyorum&#8221; \u015feklinde konu\u015ftu.<\/p>\n<p style=\"text-align: justify;\">Balyoz Davas\u0131&#8217;n\u0131n 46. duru\u015fmas\u0131nda s\u00f6z alan tutuksuz san\u0131k Astsubay Selahattin G\u00f6zmen, hakk\u0131ndaki su\u00e7lamalar\u0131 redderek, s\u00f6zde Balyoz Plan\u0131 iddialar\u0131n\u0131 televizyonlardan ve gazetelerden ilk olarak duydu\u011funu s\u00f6yledi. G\u00f6zmen, &#8220;G\u00f6zalt\u0131na al\u0131nan san\u0131klar\u0131n cami bombalayaca\u011f\u0131 iddialar\u0131na televizyon kar\u015f\u0131s\u0131nda en a\u011f\u0131r k\u00fcf\u00fcrleri sayd\u0131r\u0131yordum. Ancak daha sonra ad\u0131m\u0131n gazetelerde \u00e7\u0131kt\u0131\u011f\u0131n\u0131 g\u00f6rd\u00fcm. Tan\u0131mad\u0131\u011f\u0131m ki\u015filerle ismim ayn\u0131 listede \u00e7\u0131km\u0131\u015f hatta sicil numaram bile yaz\u0131yordu. Daha sonra san\u0131k oldum&#8221; dedi. 2 y\u0131ld\u0131r maddi ve manevi olarak zarar g\u00f6rd\u00fc\u011f\u00fcn\u00fcn alt\u0131n\u0131 \u00e7izen G\u00f6zmen, &#8220;Ben \u015eanl\u0131urfa&#8217;da g\u00f6rev yap\u0131yorum. Ald\u0131\u011f\u0131m maa\u015f\u0131 \u00e7ocuklar\u0131n\u0131n r\u0131zk\u0131n\u0131 otob\u00fcs paralar\u0131na veriyorum. Namusum ve \u015ferefim \u00fczerine yemin ederim ki su\u00e7suzum. \u0130sterseniz beni yalan makinas\u0131na ba\u011flay\u0131n. \u0130sterseniz i\u011fneyle ifademi al\u0131n ama ben su\u00e7suzum. Duru\u015fmalardan vareste tutulmak istiyorum&#8221; dedi.<\/p>\n<p style=\"text-align: justify;\"><strong>&#8220;BALYOZ \u0130DD\u0130ALARINA \u0130NANDIM&#8221;<\/strong><\/p>\n<p style=\"text-align: justify;\">\u00dcye hakim Ali Efendi Peksak \u00e7apraz sorgusunda san\u0131k Selahattin G\u00f6zmen&#8217;e, \u201cBalyoz plan\u0131na ili\u015fkin haberler bas\u0131nda \u00e7\u0131kt\u0131\u011f\u0131nda \u2018K\u00fcfrettim\u2019 dediniz. Siz inand\u0131n\u0131z m\u0131 ki bunlara. Size inand\u0131r\u0131c\u0131 geldi mi bu planlar?&#8221; sorusunu y\u00f6neltti. Balyoz iddialar\u0131na inand\u0131\u011f\u0131n\u0131 s\u00f6yleyen G\u00f6zmen, \u201cCami bombalamaktan bahsediliyordu. Her yerden bomba \u00e7\u0131k\u0131yordu. Ortada Ergenekon gibi bir \u015fey vard\u0131. Bu y\u00fczden inand\u0131r\u0131c\u0131 geldi&#8221; dedi.<\/p>\n<p style=\"text-align: justify;\"><strong>&#8220;B\u0130LMED\u0130\u011e\u0130N\u0130Z KONULAR HAKKINDA KONU\u015eMAYIN&#8221;<\/strong><\/p>\n<p style=\"text-align: justify;\">Bu s\u00f6zler \u00fczerine Birinci Ergenekon davas\u0131nda da tutuklu san\u0131k olarak yarg\u0131lanan emekli albay Fikri Karada\u011f, \u201cBen 46 ayd\u0131r tutukluyum. Siz Ergenekon \u00f6rg\u00fct\u00fc hakk\u0131nda ne biliyorsunuz. Bu davada bir iftira varsa orada bin misli var. 4 y\u0131ld\u0131r hi\u00e7bir \u015feyi kan\u0131tlayam\u0131yorlar. Bilmedi\u011finiz konular hakk\u0131nda konu\u015fmay\u0131n&#8221; \u015feklinde konu\u015ftu. S\u00f6zlerinin yanl\u0131\u015f anla\u015f\u0131ld\u0131\u011f\u0131n\u0131 aktaran san\u0131k G\u00f6zmen, haberleri ilk izledi\u011fi zaman \u201cCami de mi bombalayacakt\u0131n\u0131z, bunu da m\u0131 yapacakt\u0131n\u0131z&#8221; gibi bir duyguya kap\u0131ld\u0131\u011f\u0131n\u0131 daha sonra iddialar\u0131n ger\u00e7ek olmad\u0131\u011f\u0131na inand\u0131\u011f\u0131n\u0131 belirtti. Bunun \u00fczerine tekrar konu\u015fmaya ba\u015flayan Karada\u011f \u201cAllah ba\u015f\u0131na vermi\u015f. Suizan etmek g\u00fcnaht\u0131r. Kuran&#8217;da \u2018Size bir fas\u0131k haber getirdi\u011finde onu iyice ara\u015ft\u0131r\u0131n\u2019 diyor. Burada iftiralar var&#8221; dedi.<\/p>\n<p style=\"text-align: justify;\"><strong>&#8220;CEHENNEMDE YANACAKSINIZ&#8221;<\/strong><\/p>\n<p style=\"text-align: justify;\">Duru\u015fma salonunda arada s\u0131rada sessizce Kuran\u0131 Kerim okumas\u0131yla dikkat \u00e7eken Karada\u011f s\u00f6zlerine \u015f\u00f6yle devam etti:<\/p>\n<p style=\"text-align: justify;\">&#8220;Biz mahkeme heyetini g\u00f6r\u00fcnce &#8216;tamam&#8217; dedik. &#8216;Ali ile \u00d6mer\u2019in oldu\u011fu yerde adaletsizlik olmaz&#8217; Bir de yanlar\u0131nda Murat olunca &#8216;kurtulduk&#8217; diye d\u00fc\u015f\u00fcnd\u00fck. Ama savc\u0131 Sava\u015f K\u0131rba\u015f, onun soyad\u0131 K\u0131rba\u00e7 olmal\u0131. Bizim hakk\u0131m\u0131zda tutuklama karar\u0131 istedi. Sonra bir bakt\u0131k 163 ki\u015fi tutukland\u0131. G\u00fcnah, Cehennemde yanacaks\u0131n\u0131z, kurtulamayacaks\u0131n\u0131z. Hem bu d\u00fcnyada hem \u00f6teki d\u00fcnyada hesap veremeyeceksiniz.&#8221;<\/p>\n<p style=\"text-align: justify;\">Bu s\u00f6zler \u00fczerine duru\u015fmada salonunda bulunan san\u0131klar\u0131n yan\u0131 s\u0131ra Mahkeme Ba\u015fkan\u0131 \u00d6mer Diken ve \u00fcye hakimler g\u00fcld\u00fc. Tebess\u00fcm ederek konu\u015fma yapan mahkeme ba\u015fkan\u0131 \u00d6mer Diken, \u201c\u0130\u015fimiz zor bizim. Be\u015fikta\u015f\u2019ta 150 dosya daha var. Biz bu d\u00fcnyada da \u00f6teki d\u00fcnyada da hesab\u0131n\u0131 veremeyece\u011fimiz kararlar\u0131n alt\u0131na imza atmay\u0131z&#8221; \u015feklinde konu\u015ftu.<\/p>\n<p style=\"text-align: justify;\"><a href=\"http:\/\/www.gazeteport.com.tr\/haber\/56903\/quothalkimiz_bunun_bedelini_odeyecektirquot\" target=\"_blank\">Kaynak : GAZETEPORT<\/a><\/p>\n","protected":false},"excerpt":{"rendered":"<p style=\"text-align: center;\">\n<p style=\"text-align: justify;\">Balyoz san\u0131\u011f\u0131 emekli Albay Suat Ayt\u0131n&#8217;dan sert s\u00f6zler: Sokak k\u00f6peklerinin haklar\u0131n\u0131 savunmak i\u00e7in y\u00fcr\u00fcy\u00fc\u015f yaparken, Peygamber oca\u011f\u0131 ordunun itibar\u0131n\u0131n zedelenmesine g\u00f6z yumulmu\u015ftur. \u0130leride halk\u0131m\u0131z bunun bedelini \u00f6deyecektir.<\/p>\n<p style=\"text-align: justify;\">\u0130STANBUL &#8211; &#8216;Balyoz Plan\u0131&#8217; davas\u0131 kapsam\u0131nda g\u00f6r\u00fclen duru\u015fmada hakim ile Emekli Albay Suat Ayt\u0131n&#8217;\u0131n avukat\u0131 aras\u0131nda gerginlik ya\u015fand\u0131. <\/p>\n","protected":false},"author":1,"featured_media":0,"comment_status":"open","ping_status":"open","sticky":false,"template":"","format":"standard","meta":{"footnotes":""},"categories":[105],"tags":[],"class_list":["post-40980","post","type-post","status-publish","format-standard","hentry","category-gundem","odd"],"_links":{"self":[{"href":"http:\/\/www.korhanyilmaz.com\/index.php?rest_route=\/wp\/v2\/posts\/40980","targetHints":{"allow":["GET"]}}],"collection":[{"href":"http:\/\/www.korhanyilmaz.com\/index.php?rest_route=\/wp\/v2\/posts"}],"about":[{"href":"http:\/\/www.korhanyilmaz.com\/index.php?rest_route=\/wp\/v2\/types\/post"}],"author":[{"embeddable":true,"href":"http:\/\/www.korhanyilmaz.com\/index.php?rest_route=\/wp\/v2\/users\/1"}],"replies":[{"embeddable":true,"href":"http:\/\/www.korhanyilmaz.com\/index.php?rest_route=%2Fwp%2Fv2%2Fcomments&post=40980"}],"version-history":[{"count":0,"href":"http:\/\/www.korhanyilmaz.com\/index.php?rest_route=\/wp\/v2\/posts\/40980\/revisions"}],"wp:attachment":[{"href":"http:\/\/www.korhanyilmaz.com\/index.php?rest_route=%2Fwp%2Fv2%2Fmedia&parent=40980"}],"wp:term":[{"taxonomy":"category","embeddable":true,"href":"http:\/\/www.korhanyilmaz.com\/index.php?rest_route=%2Fwp%2Fv2%2Fcategories&post=40980"},{"taxonomy":"post_tag","embeddable":true,"href":"http:\/\/www.korhanyilmaz.com\/index.php?rest_route=%2Fwp%2Fv2%2Ftags&post=40980"}],"curies":[{"name":"wp","href":"https:\/\/api.w.org\/{rel}","templated":true}]}}