{"id":4096,"date":"2009-02-27T12:25:32","date_gmt":"2009-02-27T10:25:32","guid":{"rendered":"http:\/\/www.korhanyilmaz.com\/?p=4096"},"modified":"2009-02-27T12:25:32","modified_gmt":"2009-02-27T10:25:32","slug":"spiker-golu-fark-edemedi","status":"publish","type":"post","link":"http:\/\/www.korhanyilmaz.com\/?p=4096","title":{"rendered":"Spiker gol\u00fc fark edemedi"},"content":{"rendered":"<p><img loading=\"lazy\" decoding=\"async\" class=\"aligncenter size-full wp-image-4097\" title=\"Spiker gol\u00fc fark edemedi \" src=\"http:\/\/www.korhanyilmaz.com\/wp-content\/uploads\/2009\/02\/270220091257403453032.jpg\" alt=\"Spiker gol\u00fc fark edemedi \" width=\"320\" height=\"100\" \/><\/p>\n<p style=\"text-align: justify;\"><strong>4-3 sonu\u00e7lanan Galatasaray-Bordeaux ma\u00e7\u0131nda d\u00fcnya televizyon tarihine ge\u00e7ecek ilgin\u00e7 bir olay ya\u015fand\u0131<\/strong><\/p>\n<p style=\"text-align: justify;\">Ma\u00e7\u0131 anlatan Frans\u0131z spiker, Bordeaux&#8217;nun ikinci gol\u00fcn\u00fc, 5 dakika gecikmeyle farkedebildi.<\/p>\n<p style=\"text-align: justify;\">Ali Sami Yen Stad\u0131&#8217;ndaki b\u00fcy\u00fck \u00e7eki\u015fme, ma\u00e7\u0131 anlatan sunucular\u0131 da \u015fa\u015f\u0131rtt\u0131. Kar\u015f\u0131la\u015fmay\u0131 canl\u0131 yay\u0131nlayan W9 kanal\u0131n\u0131n spikeri ve yorumcusu, 73. Chamakh&#8217;\u0131n att\u0131\u011f\u0131 Bordeaux&#8217;nun ikinci gol\u00fcn\u00fc, 79. dakikada farkedebildi. Frans\u0131z televizyonunun yan\u0131lmas\u0131ndaki sebepse, ma\u00e7 anlat\u0131m\u0131n\u0131n \u0130stanbul yerine Fransa&#8217;dan ger\u00e7ekle\u015ftirilmesi oldu. \u0130kinci gol\u00fc ofsayt sanan sunucu, ard\u0131ndan Galatasarayl\u0131 futbolcular\u0131n yapt\u0131\u011f\u0131 ba\u015flama vuru\u015funun da ekrana gelmemesi nedeniyle yan\u0131ld\u0131. <!--more--><br \/>\nSpiker, daha sonra Cavenaghi&#8217;nin att\u0131\u011f\u0131 \u00fc\u00e7\u00fcnc\u00fc gol\u00fc de, ikinci gol sanarak, &#8220;Hadi \u00e7ocuklar, bir gol daha atmam\u0131z laz\u0131m&#8221; dedi. Vahim hatay\u0131 k\u0131sa bir s\u00fcre sonra farkeden, ma\u00e7\u0131n yorumcusu oldu ve spikeri uyararak, ofsayt sand\u0131klar\u0131 pozisyonun nizami oldu\u011funu ve gol\u00fcn verildi\u011fini s\u00f6yledi. Bunun \u00fczerine ma\u00e7\u0131 anlatan spiker, dakikalar boyunca b\u00f6yle bir olay\u0131n ilk kez ba\u015f\u0131na geldi\u011fini s\u00f6yledi.\n<\/p>\n<p style=\"text-align: justify;\">Kar\u015f\u0131la\u015fman\u0131n gerek sunucusu gerekse de yorumcusu, Galatasaray&#8217;da Arda Turan ve Harry Kewell&#8217;\u0131n performans\u0131na hayran kal\u0131rken, Ali Sami Yen Stad\u0131 atmosferinin, \u00f6zellikle de G.Saray&#8217;\u0131n ilk gol\u00fcn\u00fcn ard\u0131ndan adeta bir cehennem niteli\u011fi kazand\u0131\u011f\u0131 yorumunu yapt\u0131.<\/p>\n<p style=\"text-align: justify;\"><strong>\u0130LK SAN\u0130YELERDE GELEN GOL HAKAN \u015e\u00dcK\u00dcR&#8217;\u00dc HATIRLATTI<\/strong><\/p>\n<p style=\"text-align: justify;\">\u0130kinci gol\u00fc farkedemeyen \u015fa\u015fk\u0131n spiker, Bordeaux ad\u0131na kar\u015f\u0131la\u015fman\u0131n 11. saniyesinde Bellion&#8217;un aya\u011f\u0131ndan gelen gol\u00fcn ard\u0131ndansa Hakan \u015e\u00fck\u00fcr&#8217;\u00fc hat\u0131rlad\u0131. Spiker, bu son derece erken gelen golle maziye giderek, G\u00fcney Kore ile T\u00fcrkiye aras\u0131nda oynanan 2002 D\u00fcnya Kupas\u0131 \u00fc\u00e7\u00fcnc\u00fcl\u00fck kar\u015f\u0131la\u015fmas\u0131n\u0131 an\u0131msad\u0131 ve Hakan \u015e\u00fck\u00fcr&#8217;\u00fcn bu ma\u00e7\u0131n 11. saniyesinde att\u0131\u011f\u0131 gol\u00fcn, D\u00fcnya Kupas\u0131 tarihinin en erken gol\u00fc oldu\u011funu anlatt\u0131.<\/p>\n<p style=\"text-align: justify;\"><span style=\"color: #888888;\">Kaynak : Vatan Gazetesi<\/span><\/p>\n","protected":false},"excerpt":{"rendered":"<\/p>\n<p style=\"text-align: justify;\">4-3 sonu\u00e7lanan Galatasaray-Bordeaux ma\u00e7\u0131nda d\u00fcnya televizyon tarihine ge\u00e7ecek ilgin\u00e7 bir olay ya\u015fand\u0131<\/p>\n<p style=\"text-align: justify;\">Ma\u00e7\u0131 anlatan Frans\u0131z spiker, Bordeaux&#8217;nun ikinci gol\u00fcn\u00fc, 5 dakika gecikmeyle farkedebildi.<\/p>\n<p style=\"text-align: justify;\">Ali Sami Yen Stad\u0131&#8217;ndaki b\u00fcy\u00fck \u00e7eki\u015fme, ma\u00e7\u0131 anlatan sunucular\u0131 da \u015fa\u015f\u0131rtt\u0131. Kar\u015f\u0131la\u015fmay\u0131 canl\u0131 yay\u0131nlayan W9 kanal\u0131n\u0131n spikeri ve yorumcusu, 73. Chamakh&#8217;\u0131n att\u0131\u011f\u0131 Bordeaux&#8217;nun ikinci gol\u00fcn\u00fc, <\/p>\n","protected":false},"author":1,"featured_media":0,"comment_status":"open","ping_status":"closed","sticky":false,"template":"","format":"standard","meta":{"footnotes":""},"categories":[42],"tags":[],"class_list":["post-4096","post","type-post","status-publish","format-standard","hentry","category-spor","odd"],"_links":{"self":[{"href":"http:\/\/www.korhanyilmaz.com\/index.php?rest_route=\/wp\/v2\/posts\/4096","targetHints":{"allow":["GET"]}}],"collection":[{"href":"http:\/\/www.korhanyilmaz.com\/index.php?rest_route=\/wp\/v2\/posts"}],"about":[{"href":"http:\/\/www.korhanyilmaz.com\/index.php?rest_route=\/wp\/v2\/types\/post"}],"author":[{"embeddable":true,"href":"http:\/\/www.korhanyilmaz.com\/index.php?rest_route=\/wp\/v2\/users\/1"}],"replies":[{"embeddable":true,"href":"http:\/\/www.korhanyilmaz.com\/index.php?rest_route=%2Fwp%2Fv2%2Fcomments&post=4096"}],"version-history":[{"count":0,"href":"http:\/\/www.korhanyilmaz.com\/index.php?rest_route=\/wp\/v2\/posts\/4096\/revisions"}],"wp:attachment":[{"href":"http:\/\/www.korhanyilmaz.com\/index.php?rest_route=%2Fwp%2Fv2%2Fmedia&parent=4096"}],"wp:term":[{"taxonomy":"category","embeddable":true,"href":"http:\/\/www.korhanyilmaz.com\/index.php?rest_route=%2Fwp%2Fv2%2Fcategories&post=4096"},{"taxonomy":"post_tag","embeddable":true,"href":"http:\/\/www.korhanyilmaz.com\/index.php?rest_route=%2Fwp%2Fv2%2Ftags&post=4096"}],"curies":[{"name":"wp","href":"https:\/\/api.w.org\/{rel}","templated":true}]}}