{"id":40937,"date":"2011-10-09T18:43:10","date_gmt":"2011-10-09T15:43:10","guid":{"rendered":"http:\/\/www.korhanyilmaz.com\/?p=40937"},"modified":"2011-10-10T09:44:24","modified_gmt":"2011-10-10T06:44:24","slug":"kandile-bayrak-sozlerine-aciklik-getirdi","status":"publish","type":"post","link":"http:\/\/www.korhanyilmaz.com\/?p=40937","title":{"rendered":"&#8220;Kandil&#8217;e bayrak&#8221; s\u00f6zlerine a\u00e7\u0131kl\u0131k getirdi"},"content":{"rendered":"<p style=\"text-align: center;\"><a href=\"http:\/\/www.korhanyilmaz.com\/wp-content\/uploads\/2011\/10\/8028.jpg\"  class=\"lightview\"><img loading=\"lazy\" decoding=\"async\" class=\"aligncenter  wp-image-40938\" src=\"http:\/\/www.korhanyilmaz.com\/wp-content\/uploads\/2011\/10\/8028.jpg\" alt=\"\" width=\"263\" height=\"221\" \/><\/a><\/p>\n<p style=\"text-align: justify;\">MHP Genel Ba\u015fkan\u0131 Devlet Bah\u00e7eli, &#8220;Kandil&#8217;e bayrak dikmek demek, T\u00fcrkiye&#8217;ye Kandil&#8217;den y\u00f6neltilecek her t\u00fcrl\u00fc tehlikeye kar\u015f\u0131 T\u00fcrk devletinin varl\u0131\u011f\u0131 ve kudretini orada hissettirmek demektir&#8221; dedi.<\/p>\n<p style=\"text-align: justify;\">Devlet Bah\u00e7eli, karayoluyla geldi\u011fi Tokat&#8217;\u0131n Niksar il\u00e7esinde, Hamidiye K\u00f6pr\u00fcs\u00fc mevkisinde partililer taraf\u0131ndan kar\u015f\u0131land\u0131.<!--more--><\/p>\n<p style=\"text-align: justify;\">Daha sonra Niksar Belediye Ba\u015fkan\u0131 Duran Yadigar&#8217;\u0131 makam\u0131nda ziyaret eden Bah\u00e7eli, belediyenin \u00e7al\u0131\u015fmalar\u0131 hakk\u0131nda bilgi ald\u0131.<\/p>\n<p style=\"text-align: justify;\">Burada bir bas\u0131n mensubunun, &#8220;T\u00fcrkiye&#8217;nin acil sorunlar\u0131 var. En acil sorunu sizce hangisidir?&#8221; y\u00f6n\u00fcndeki sorusu \u00fczerine Bah\u00e7eli, &#8220;En acil sorunumuz ter\u00f6rle m\u00fccadele etmektir&#8221; dedi.<\/p>\n<p style=\"text-align: justify;\">Bah\u00e7eli, &#8220;BDP&#8217;li milletvekillerinin eylemlerde \u00f6n s\u0131ralarda yer alarak polislerle tart\u0131\u015fmalar ya\u015famas\u0131n\u0131 nas\u0131l de\u011ferlendiriyorsunuz?&#8221; y\u00f6n\u00fcndeki soruyu ise \u015f\u00f6yle yan\u0131tlad\u0131:<\/p>\n<p style=\"text-align: justify;\">&#8220;Bundan sonra m\u00fccadelelerini TBMM&#8217;de yemin t\u00f6reninde de TBMM \u00e7at\u0131s\u0131 alt\u0131nda ne d\u00fc\u015f\u00fcn\u00fcyorlarsa onlar\u0131 tart\u0131\u015fman\u0131n anlam\u0131n\u0131n fark\u0131nda olmal\u0131lar. Yoksa milletvekilli\u011fiyle ba\u011fda\u015fmayan, militan ruhu ile sokaklarda halk\u0131 tahrik edercesine devlete kar\u015f\u0131 ayaklanma provalar\u0131 bir milletvekiline yak\u0131\u015fmamaktad\u0131r. Siyasi iktidar bu anlamda gerekli tedbirleri almal\u0131d\u0131r. Soka\u011f\u0131 ter\u00f6re, anar\u015fiye teslim edenlere hukuki y\u00f6nden gerekli b\u00fct\u00fcn tedbirleri almal\u0131. Bu manada yasalar yetersiz ise yasa de\u011fi\u015fikli\u011fini yapmaya m\u00fcsait say\u0131s\u0131 vard\u0131r. Burada da cesaretleri yoksa milliyet\u00e7i hareket her t\u00fcrl\u00fc deste\u011fi verir.&#8221;<\/p>\n<p style=\"text-align: justify;\">Yeni anayasa ile ilgili \u00e7al\u0131\u015fmalar\u0131 nas\u0131l de\u011ferlendirdi\u011finin sorulmas\u0131 \u00fczerine Bah\u00e7eli, &#8220;Yeni anayasa ile ilgili olarak TBMM Ba\u015fkan\u0131 Cemil \u00c7i\u00e7ek bey, b\u00fct\u00fcn siyasi partilerden uzla\u015fma komisyonu olu\u015fturmak amac\u0131yla \u00fc\u00e7 \u00fcye istemi\u015ftir. MHP de \u00fc\u00e7 de\u011ferli arkada\u015f\u0131m\u0131z\u0131 \u00fcye olarak vermi\u015ftir. \u0130leriki g\u00fcnlerde \u00fcyelerle ilgili s\u00fcre\u00e7 tamamland\u0131\u011f\u0131nda nas\u0131l bir y\u00f6netim ile \u00e7al\u0131\u015faca\u011f\u0131na prensipler olu\u015fturulursa anayasa de\u011fi\u015fikli\u011fi ile ilgili TBMM etkin bir hale gelir. MHP de hassasiyetleri olan konularda gerekli katk\u0131y\u0131 sa\u011flamay\u0131 arzulamaktad\u0131r&#8221; ifadelerini kulland\u0131.<\/p>\n<p style=\"text-align: justify;\">Bah\u00e7eli, &#8220;Kandil&#8217;e bayrak dikilmesi&#8221;yle ilgili s\u00f6zlerinin hat\u0131rlat\u0131lmas\u0131 \u00fczerine de, &#8220;Onu Say\u0131n Ba\u015fbakan anlamakta zorluk \u00e7ekiyor. Kandil&#8217;e bayrak dikmek demek, T\u00fcrkiye&#8217;ye Kandil&#8217;den y\u00f6neltilecek her t\u00fcrl\u00fc tehlikeye kar\u015f\u0131 T\u00fcrk devletinin varl\u0131\u011f\u0131 ve kudretini orada hissettirmek demektir&#8221; diye konu\u015ftu.<\/p>\n<p style=\"text-align: justify;\"><strong>Toplu konut a\u00e7\u0131l\u0131\u015f\u0131 yapt\u0131<\/strong><\/p>\n<p style=\"text-align: justify;\">Bah\u00e7eli, Niksar Belediyesi taraf\u0131ndan yapt\u0131r\u0131lan &#8220;Nik-Konut&#8221; toplu konutlar\u0131n\u0131n Cumhuriyet Meydan\u0131&#8217;nda d\u00fczenlenen anahtar teslim t\u00f6reninde, Niksar Belediye Ba\u015fkan\u0131 Duran Yadigar&#8217;\u0131 yapt\u0131\u011f\u0131 hizmetlerden dolay\u0131 kutlad\u0131.<\/p>\n<p style=\"text-align: justify;\">MHP&#8217;li belediyelere bask\u0131lar\u0131n oldu\u011funu \u00f6ne s\u00fcren Bah\u00e7eli, \u015f\u00f6yle devam etti:<\/p>\n<p style=\"text-align: justify;\">&#8220;Belediyelerimizin ba\u015far\u0131s\u0131 iktidar\u0131 iyice tahamm\u00fcls\u00fcz yapm\u0131\u015ft\u0131r. Belediyelerimiz b\u00fcy\u00fck zul\u00fcm ve bask\u0131 ile kar\u015f\u0131 kar\u015f\u0131yad\u0131r. Sizlerin oyu ile sorumluluk \u00fcstlenen arkada\u015flar\u0131m\u0131z sindirilmeye, partimizden kopar\u0131lmaya \u00e7al\u0131\u015f\u0131lmaktad\u0131r. Tefti\u015f bask\u0131s\u0131 ve d\u00fczmece ihbarlar, mesnetsiz ve uydurma isnatlar, i\u00e7i bo\u015f \u015fikayetsiz mektuplar f\u0131rsat\u0131 ganimete \u00e7evirme tela\u015f\u0131nda olan \u00e7\u00fcr\u00fcm\u00fc\u015fleri hareket ge\u00e7irmektedir. Niksar&#8217;dan s\u00f6ylemek isterim, belediyelerimize y\u00f6nelik haks\u0131zl\u0131\u011f\u0131n ve usuls\u00fczl\u00fc\u011f\u00fcn i\u00e7inde kimler var ise bunun hesab\u0131n\u0131 mutlaka yarg\u0131 \u00f6n\u00fcnde verecektir. M\u00fclkiye m\u00fcfetti\u015flerinden ya da belediye kontrol\u00f6rlerinden iktidara u\u015fak olanlar, bu devran son bulduktan sonra siyasi hamileri ile birlikte ka\u00e7acak yer dahi bulamayacaklar.<\/p>\n<p style=\"text-align: justify;\">Herkes akl\u0131n\u0131 ba\u015f\u0131na almal\u0131d\u0131r. Sabr\u0131m\u0131z t\u00fckenmektedir, AKP elini MHP&#8217;li belediyelerden \u00e7ekmelidir. Yoksa o eli k\u0131rmas\u0131n\u0131 biz \u00e7ok iyi biliriz. Yoksullukla ve gelir adaletsizli\u011findeki dengesizlikle bo\u011fu\u015fan \u00fclkemizde zenginle\u015fen belediyeler olmas\u0131 e\u015fyan\u0131n tabiat\u0131na ayk\u0131r\u0131d\u0131r. Ne var ki s\u0131k\u0131nt\u0131 ve sorunlar\u0131n alabildi\u011fince artt\u0131\u011f\u0131 ortamda belediyecilik daha da \u00f6nem kazanmakta. Niksar&#8217;\u0131n neresinde \u00fcmit bekleyen varsa hemen onun yan\u0131nda olaca\u011f\u0131z. Birlikteli\u011fimize kem g\u00f6zle bakanlar\u0131n hep beraber aln\u0131n\u0131 kar\u0131\u015flayaca\u011f\u0131z. Vatan\u0131m\u0131za yan g\u00f6zle bakan\u0131n nefesini hep birlikte kesece\u011fiz. Ayr\u0131mc\u0131lara inat, b\u00f6l\u00fcc\u00fclere inat, ter\u00f6rle m\u00fczakere yapanlara inat hep birlikte T\u00fcrk milletini koruyaca\u011f\u0131z ve y\u00fckseklere \u00e7\u0131karaca\u011f\u0131z. Bunun i\u00e7in belediye y\u00f6neticilerinden memnuniyeti \u00e7ok \u00f6nemsiyorum. Halk\u0131m\u0131z\u0131n problemlerine el uzat\u0131lmas\u0131n\u0131 \u00e7ok \u00f6nemli g\u00f6r\u00fcyorum. Vatan\u0131m\u0131z\u0131n \u00f6n\u00fcn\u00fc ayd\u0131nlatacak \u0131\u015f\u0131k demetine buradan katk\u0131 olmas\u0131n\u0131 diliyorum ve bekliyorum.&#8221;<\/p>\n<p style=\"text-align: justify;\">\u00dclkenin geride kalan y\u0131llar\u0131n\u0131n heba oldu\u011funu iddia eden Bah\u00e7eli, &#8220;T\u00fcrkiye karanl\u0131k senaryolar, ekonomik s\u0131k\u0131nt\u0131lar ve cephele\u015fmelerle vakit kaybetmi\u015ftir. Bug\u00fcn A&#8217;dan Z&#8217;ye her \u015fey k\u00f6t\u00fcye gitmekte ve siyasi iktidardaki becerisizlik ve acziyet her f\u0131rsatta kendini g\u00f6stermektedir. S\u00f6zde demokrasiyle gerileyen bir \u00fclke haline gelmi\u015ftir&#8221; diye konu\u015ftu.<\/p>\n<p style=\"text-align: justify;\">Bah\u00e7eli, \u015funlar\u0131 kaydetti:<\/p>\n<p style=\"text-align: justify;\">&#8220;Bir \u00fclke d\u00fc\u015f\u00fcn\u00fcn\u00fcz ki, s\u0131navlar\u0131nda yolsuzluk ve kopya iddialar\u0131 olsun. Vatanda\u015f\u0131 a\u00e7 ve yar\u0131ndan endi\u015fe etsin. \u0130\u015fsizlik ve yoksulluk yalan ve sahte rakamlarla bast\u0131r\u0131l\u0131yor olsun. Milyonlarca gencin hayalleri harap olsun. Atanamayan \u00f6\u011fretmenlerin \u00e7ilesi dayan\u0131lamaz hale gelsin. Bir \u00fclke hayal edin ki askerine kur\u015fun s\u0131kanlar bar\u0131\u015f ve demokrasi havarisi kesilsin. Polisine may\u0131n d\u00f6\u015feyenler \u00f6zg\u00fcrl\u00fck sava\u015f\u00e7\u0131s\u0131 olarak lanse edilsin. Her g\u00fcn \u015fehitleri topra\u011fa verilsin. \u015eehitlerine sahip \u00e7\u0131kanlar tahrik\u00e7i olarak azarlans\u0131n.<\/p>\n<p style=\"text-align: justify;\">\u015eehit kan\u0131 d\u00f6kenler s\u00f6zde tahrike direnenler olarak alk\u0131\u015flans\u0131n. Vatan\u0131n\u0131 b\u00f6lmek isteyenlerle g\u00f6r\u00fc\u015fmeler yap\u0131ls\u0131n. Aralar\u0131nda dost meclisi kurulsun. Millet ve millet sevgisinden bahsedenler su\u00e7lans\u0131n. Tarihe hakaret edenler el \u00fcst\u00fcnde tutulsun. Bir \u00fclke farz edin ki Mehmet\u00e7i\u011fi darbeci diyerek k\u00f6\u015feye s\u0131k\u0131\u015ft\u0131r\u0131ls\u0131n. Ter\u00f6ristler serbest kal\u0131rken ter\u00f6rle m\u00fccadele edenler \u00f6zg\u00fcrl\u00fcklerinden olsun. Haks\u0131zl\u0131k, vicdans\u0131zl\u0131k, hukuksuzluk ve ac\u0131mas\u0131zl\u0131k kural olsun.&#8221;<\/p>\n<p style=\"text-align: justify;\">T\u00f6renin ard\u0131ndan il\u00e7edeki Ayvaz Su Fabrikas\u0131&#8217;n\u0131 ve Melik Gazi T\u00fcrbesi&#8217;ni ziyaret eden Bah\u00e7eli, tarihi Niksar Kalesi&#8217;ni de gezdi.<\/p>\n<p style=\"text-align: justify;\"><a href=\"http:\/\/www.cnnturk.com\/2011\/turkiye\/10\/09\/kandile.bayrak.sozlerine.aciklik.getirdi\/632464.0\/index.html\" target=\"_blank\">Kaynak : CNN T\u00dcRK<\/a><\/p>\n","protected":false},"excerpt":{"rendered":"<p style=\"text-align: center;\">\n<p style=\"text-align: justify;\">MHP Genel Ba\u015fkan\u0131 Devlet Bah\u00e7eli, &#8220;Kandil&#8217;e bayrak dikmek demek, T\u00fcrkiye&#8217;ye Kandil&#8217;den y\u00f6neltilecek her t\u00fcrl\u00fc tehlikeye kar\u015f\u0131 T\u00fcrk devletinin varl\u0131\u011f\u0131 ve kudretini orada hissettirmek demektir&#8221; dedi.<\/p>\n<p style=\"text-align: justify;\">Devlet Bah\u00e7eli, karayoluyla geldi\u011fi Tokat&#8217;\u0131n Niksar il\u00e7esinde, Hamidiye K\u00f6pr\u00fcs\u00fc mevkisinde partililer taraf\u0131ndan kar\u015f\u0131land\u0131.<\/p>\n","protected":false},"author":1,"featured_media":0,"comment_status":"open","ping_status":"open","sticky":false,"template":"","format":"standard","meta":{"footnotes":""},"categories":[105],"tags":[],"class_list":["post-40937","post","type-post","status-publish","format-standard","hentry","category-gundem","odd"],"_links":{"self":[{"href":"http:\/\/www.korhanyilmaz.com\/index.php?rest_route=\/wp\/v2\/posts\/40937","targetHints":{"allow":["GET"]}}],"collection":[{"href":"http:\/\/www.korhanyilmaz.com\/index.php?rest_route=\/wp\/v2\/posts"}],"about":[{"href":"http:\/\/www.korhanyilmaz.com\/index.php?rest_route=\/wp\/v2\/types\/post"}],"author":[{"embeddable":true,"href":"http:\/\/www.korhanyilmaz.com\/index.php?rest_route=\/wp\/v2\/users\/1"}],"replies":[{"embeddable":true,"href":"http:\/\/www.korhanyilmaz.com\/index.php?rest_route=%2Fwp%2Fv2%2Fcomments&post=40937"}],"version-history":[{"count":0,"href":"http:\/\/www.korhanyilmaz.com\/index.php?rest_route=\/wp\/v2\/posts\/40937\/revisions"}],"wp:attachment":[{"href":"http:\/\/www.korhanyilmaz.com\/index.php?rest_route=%2Fwp%2Fv2%2Fmedia&parent=40937"}],"wp:term":[{"taxonomy":"category","embeddable":true,"href":"http:\/\/www.korhanyilmaz.com\/index.php?rest_route=%2Fwp%2Fv2%2Fcategories&post=40937"},{"taxonomy":"post_tag","embeddable":true,"href":"http:\/\/www.korhanyilmaz.com\/index.php?rest_route=%2Fwp%2Fv2%2Ftags&post=40937"}],"curies":[{"name":"wp","href":"https:\/\/api.w.org\/{rel}","templated":true}]}}