{"id":40925,"date":"2011-10-09T00:45:57","date_gmt":"2011-10-08T21:45:57","guid":{"rendered":"http:\/\/www.korhanyilmaz.com\/?p=40925"},"modified":"2011-10-09T07:43:04","modified_gmt":"2011-10-09T04:43:04","slug":"nedir-bu-kck","status":"publish","type":"post","link":"http:\/\/www.korhanyilmaz.com\/?p=40925","title":{"rendered":"Nedir bu KCK?"},"content":{"rendered":"<p style=\"text-align: center;\"><a href=\"http:\/\/www.korhanyilmaz.com\/wp-content\/uploads\/2011\/10\/8026.jpg\"  class=\"lightview\"><img loading=\"lazy\" decoding=\"async\" class=\"aligncenter  wp-image-40926\" src=\"http:\/\/www.korhanyilmaz.com\/wp-content\/uploads\/2011\/10\/8026.jpg\" alt=\"\" width=\"462\" height=\"210\" \/><\/a><\/p>\n<p style=\"text-align: justify;\">\u2018\u2019Anneler, panzerin alt\u0131na atlay\u0131p \u00f6ls\u00fcn\u2019\u2019 talimat\u0131 veren PKK\u2019n\u0131n \u2018\u2019\u015eehir yap\u0131lanmas\u0131\u2019\u2019 KCK yine g\u00fcndemde\u2026 BDP, 4 bin tutuklamadan bahsederken Bakan \u015eahin \u2018\u2019Toplam 485\u2019\u2019 dedi. KCK, G\u00fcneydo\u011fu\u2019da belediyeleri y\u00f6netiyor, kepenk kapatt\u0131r\u0131yor, milletvekillerini y\u00f6nlendiriyor.<!--more--><\/p>\n<p style=\"text-align: justify;\">ANKARA &#8211; PKK\u2019n\u0131n \u2018\u2019\u015eehir yap\u0131lanmas\u0131\u2019\u2019 olan KCK\u2019ya y\u00f6nelik operasyonlara h\u0131z verildi. Bir ayda 277 ki\u015fi tutuklan\u0131rken toplam tutuklu say\u0131s\u0131 485\u2019e y\u00fckseldi. KCK, PKK&#8217;n\u0131n ve K\u00fcrt b\u00f6lgelerinde faaliyet g\u00f6steren t\u00fcm parti ve organizasyonlar\u0131n koordine edildi\u011fi, bir y\u00fcr\u00fctme organ\u0131 niteli\u011finde bulunuyor.<\/p>\n<p style=\"text-align: justify;\">BDP, 14 Nisan 2009\u2019da ba\u015flayan KCK operasyonlar\u0131nda bug\u00fcne kadar, 7 bin 800 ki\u015fi g\u00f6zalt\u0131na al\u0131nd\u0131\u011f\u0131n\u0131 ve 3 bin 895 ki\u015finin tutukland\u0131\u011f\u0131n\u0131 \u00f6ne s\u00fcrerken, \u0130\u00e7i\u015fleri Bakan\u0131 \u0130dris Naim \u015eahin \u2018\u20192009 y\u0131l\u0131ndan bug\u00fcne kadar toplam tutukluluk say\u0131s\u0131 485&#8217;tir. Eyl\u00fcl ay\u0131ndan bu yana ise 277&#8217;dir.&#8221; dedi.<\/p>\n<p style=\"text-align: justify;\">A\u00e7\u0131l\u0131m\u0131 \u2018\u2019Koma Civaken K\u00fcrdistan\u2019\u2019 olan KCK, K\u00fcrdistan Topluluklar Birli\u011fi anlam\u0131na geliyor. T\u00fcrkiye, \u0130ran, Suriye, Irak\u2019daki K\u00fcrtleri de temsil edeceklerini savunan KCK, \u00e7at\u0131 \u00f6rg\u00fct\u00fc olarak 2005\u2019de kuruldu ve ba\u015fkanl\u0131\u011f\u0131na Murat Karay\u0131lan getirildi.<\/p>\n<p style=\"text-align: justify;\">S\u00f6zle\u015fmesine g\u00f6re KCK \u2018\u2019Devlet olmayan ancak \u00f6rg\u00fctlenmi\u015f, demokratik, siyasal ve toplumsal organizasyon\u201d olarak niteleniyor. \u00d6zellikle G\u00fcneydo\u011fu\u2019da BDP\u2019li belediyelerde \u00f6rg\u00fctlenen KCK \u00fcyelerinin \u2018\u2019Halktan vergi toplama\u2019\u2019, sorunlar\u0131n \u00e7\u00f6z\u00fcm\u00fc i\u00e7in \u2018\u2019Mahkeme kurma&#8221; gibi faaliyetler y\u00fcr\u00fctt\u00fc\u011f\u00fc tespit edildi.<\/p>\n<p style=\"text-align: justify;\"><strong>OSMAN BAYDEM\u0130R \u2018\u2019C\u0130GUL\u0130\u2019\u2019<\/strong><\/p>\n<p style=\"text-align: justify;\">Cumhuriyet Savc\u0131l\u0131klar\u0131n\u0131n bug\u00fcne kadar y\u00fcr\u00fctt\u00fckleri soru\u015fturmalarda KCK \u00fcyeleri, BDP\u2019li milletvekilleri, y\u00f6neticileri ve belediye ba\u015fkanlar\u0131n\u0131 yarg\u0131lay\u0131p cezaland\u0131racak kadar yetkiye sahip bulunuyor. KCK \u00fcyelerinin Ahmet T\u00fcrk&#8217;e &#8221;Kanco&#8221;, Diyarbak\u0131r B\u00fcy\u00fck\u015fehir Belediye Ba\u015fkan\u0131 Osman Baydemir&#8217;e &#8221;Ciguli&#8221;, Leyla Zana&#8217;ya &#8221;Abla&#8221;, \u00d6calan&#8217;a ise \u2018\u2019Ba\u015fkan baba\u2019\u2019 lakab\u0131 takt\u0131klar\u0131 belirlendi. KCK, Osman Baydemir&#8217;i &#8221;Say\u0131n \u00d6calan&#8221; kampanyas\u0131na imza atmad\u0131\u011f\u0131 i\u00e7in de disipline sevketti.<\/p>\n<p style=\"text-align: justify;\"><strong>BELED\u0130YELERDE TAM YETK\u0130L\u0130<\/strong><\/p>\n<p style=\"text-align: justify;\">KCK, BDP\u2019li belediyeler \u00fczerinde de etkinlik kurdu. \u0130\u015f\u00e7i al\u0131m\u0131, i\u015f\u00e7i \u00fccretleri, i\u015ften \u00e7\u0131karma, ihaleler gibi konulardan talimatlar\u0131 KCK \u00fcyeleri veriyor. KCK\u2019n\u0131n ayr\u0131ca, BDP\u2019li milletvekillerine Cumhuriyet Bayram\u0131 t\u00f6renlerine kat\u0131lmamalar\u0131 y\u00f6n\u00fcnde talimat verdi. B\u00f6lgede faaliyet y\u00fcr\u00fcten i\u015f adamlar\u0131ndan da &#8221;Mavi Kampanya&#8221; ad\u0131yla para toplad\u0131. Vermeyenler tehdit edildi.<\/p>\n<p style=\"text-align: justify;\">\u0130\u015f yeri a\u00e7mak isteyenlerden &#8216;hava paras\u0131&#8217; ad\u0131 alt\u0131nda hara\u00e7 al\u0131n\u0131rken, esnaf\u0131n d\u00fckkanlar\u0131na KCK kumbaras\u0131 koyma zorunlulu\u011fu getirildi. Belediye i\u015f\u00e7ilerinden zorla para al\u0131nd\u0131\u011f\u0131, vermeyenlerin ise i\u015ften \u00e7\u0131kar\u0131ld\u0131\u011f\u0131 saptand\u0131. \u00c7at\u0131\u015fmalarda \u00f6len PKK \u00fcyeleri i\u00e7in d\u00fczenlenen taziyelerin masraflar\u0131 da, i\u015f adamlar\u0131na fatura ediliyor. KCK b\u00f6lgede kepenk kapatma, \u00e7\u00f6plerin toplanmamas\u0131, \u00f6\u011frenci servis ara\u00e7lar\u0131n\u0131 engelleme gibi faaliyetler de y\u00fcr\u00fctt\u00fc.<\/p>\n<p style=\"text-align: justify;\">KCK \u00fcyeleri hakk\u0131nda bug\u00fcne kadar a\u00e7\u0131lan davalarda &#8221;Devletin birli\u011fini ve b\u00fct\u00fcnl\u00fc\u011f\u00fcn\u00fc bozma, Ter\u00f6r \u00f6rg\u00fct\u00fc \u00fcyesi ve y\u00f6neticisi olmak, Ter\u00f6r \u00f6rg\u00fct\u00fcne yard\u0131m ve yatakl\u0131k etmek&#8221; su\u00e7lar\u0131ndan 15 y\u0131l ile a\u011f\u0131rla\u015ft\u0131r\u0131lm\u0131\u015f m\u00fcebbet aras\u0131nda de\u011fi\u015fen hapis cezalar\u0131 istendi. \u015e\u00fcpheliler aras\u0131nda Diyarbak\u0131r Belediye Ba\u015fkan\u0131 Osman Baydemir&#8217;in de aralar\u0131nda bulundu\u011fu 12 belediye ba\u015fkan\u0131 ile \u00e7ok say\u0131da belediye y\u00f6neticisi de var.<\/p>\n<p style=\"text-align: justify;\"><a href=\"http:\/\/www.gazeteport.com.tr\/haber\/56578\/nedir_bu_kck\" target=\"_blank\">Kaynak : GAZETEPORT<\/a><\/p>\n","protected":false},"excerpt":{"rendered":"<p style=\"text-align: center;\">\n<p style=\"text-align: justify;\">\u2018\u2019Anneler, panzerin alt\u0131na atlay\u0131p \u00f6ls\u00fcn\u2019\u2019 talimat\u0131 veren PKK\u2019n\u0131n \u2018\u2019\u015eehir yap\u0131lanmas\u0131\u2019\u2019 KCK yine g\u00fcndemde\u2026 BDP, 4 bin tutuklamadan bahsederken Bakan \u015eahin \u2018\u2019Toplam 485\u2019\u2019 dedi. KCK, G\u00fcneydo\u011fu\u2019da belediyeleri y\u00f6netiyor, kepenk kapatt\u0131r\u0131yor, milletvekillerini y\u00f6nlendiriyor.<\/p>\n","protected":false},"author":1,"featured_media":0,"comment_status":"open","ping_status":"open","sticky":false,"template":"","format":"standard","meta":{"footnotes":""},"categories":[105],"tags":[],"class_list":["post-40925","post","type-post","status-publish","format-standard","hentry","category-gundem","odd"],"_links":{"self":[{"href":"http:\/\/www.korhanyilmaz.com\/index.php?rest_route=\/wp\/v2\/posts\/40925","targetHints":{"allow":["GET"]}}],"collection":[{"href":"http:\/\/www.korhanyilmaz.com\/index.php?rest_route=\/wp\/v2\/posts"}],"about":[{"href":"http:\/\/www.korhanyilmaz.com\/index.php?rest_route=\/wp\/v2\/types\/post"}],"author":[{"embeddable":true,"href":"http:\/\/www.korhanyilmaz.com\/index.php?rest_route=\/wp\/v2\/users\/1"}],"replies":[{"embeddable":true,"href":"http:\/\/www.korhanyilmaz.com\/index.php?rest_route=%2Fwp%2Fv2%2Fcomments&post=40925"}],"version-history":[{"count":0,"href":"http:\/\/www.korhanyilmaz.com\/index.php?rest_route=\/wp\/v2\/posts\/40925\/revisions"}],"wp:attachment":[{"href":"http:\/\/www.korhanyilmaz.com\/index.php?rest_route=%2Fwp%2Fv2%2Fmedia&parent=40925"}],"wp:term":[{"taxonomy":"category","embeddable":true,"href":"http:\/\/www.korhanyilmaz.com\/index.php?rest_route=%2Fwp%2Fv2%2Fcategories&post=40925"},{"taxonomy":"post_tag","embeddable":true,"href":"http:\/\/www.korhanyilmaz.com\/index.php?rest_route=%2Fwp%2Fv2%2Ftags&post=40925"}],"curies":[{"name":"wp","href":"https:\/\/api.w.org\/{rel}","templated":true}]}}