{"id":40920,"date":"2011-10-08T14:40:33","date_gmt":"2011-10-08T11:40:33","guid":{"rendered":"http:\/\/www.korhanyilmaz.com\/?p=40920"},"modified":"2011-10-09T07:43:50","modified_gmt":"2011-10-09T04:43:50","slug":"gul-alman-vakfi-iddialari-icin-gulunc-demis","status":"publish","type":"post","link":"http:\/\/www.korhanyilmaz.com\/?p=40920","title":{"rendered":"G\u00fcl \u201cAlman Vakf\u0131\u201d iddialar\u0131 i\u00e7in &#8220;G\u00fcl\u00fcn\u00e7&#8221; demi\u015f"},"content":{"rendered":"<p style=\"text-align: center;\"><a href=\"http:\/\/www.korhanyilmaz.com\/wp-content\/uploads\/2011\/10\/8025.jpg\"  class=\"lightview\"><img loading=\"lazy\" decoding=\"async\" class=\"aligncenter  wp-image-40921\" src=\"http:\/\/www.korhanyilmaz.com\/wp-content\/uploads\/2011\/10\/8025.jpg\" alt=\"\" width=\"396\" height=\"180\" \/><\/a><\/p>\n<p style=\"text-align: justify;\">Ba\u015fbakan Erdo\u011fan&#8217;\u0131n hedef g\u00f6sterdi\u011fi Alman vak\u0131flar\u0131yla ilgili iddialar 2003 y\u0131l\u0131nda d\u00f6nemin Ba\u015fbakan\u0131 Abdullah G\u00fcl ile Alman D\u0131\u015fi\u015fleri Bakan\u0131 Joschka Fischer aras\u0131nda konu\u015fulmu\u015f ve bak\u0131n nas\u0131l \u00e7\u00f6z\u00fclm\u00fc\u015f. \u0130\u015fte o ilgin\u00e7 diyaloglar ve telgraflar&#8230;<\/p>\n<p style=\"text-align: justify;\">ANKARA\u2013 Cumhurba\u015fkan\u0131 Abdullah G\u00fcl\u2019\u00fcn, 2003\u2019teki \u201cBa\u015fbakanl\u0131\u011f\u0131\u201d s\u0131ras\u0131nda g\u00f6r\u00fc\u015ft\u00fc\u011f\u00fc d\u00f6nemin Alman D\u0131\u015fi\u015fleri Bakan\u0131 Joschka Fischer\u2019e, o y\u0131llarda \u201cAlman vak\u0131flar\u0131\u201dn\u0131n T\u00fcrkiye\u2019de alt\u0131n \u00e7\u0131kar\u0131lmas\u0131n\u0131 engellemeye \u00e7al\u0131\u015ft\u0131\u011f\u0131, b\u00f6l\u00fcc\u00fcl\u00fck ve casusluk yapt\u0131\u011f\u0131 iddialar\u0131na \u201cg\u00fcl\u00fcn\u00e7\u201d dedi\u011fi iddia edildi.\u00a0<!--more--><\/p>\n<p style=\"text-align: justify;\">Wikileaks\u2019te yer alan 2003 y\u0131l\u0131na ait olan ve ABD Ankara B\u00fcy\u00fckel\u00e7ili\u011fi diplomatlar\u0131 taraf\u0131ndan haz\u0131rlan\u0131p d\u00f6nemin b\u00fcy\u00fckel\u00e7isi Robert Pearson taraf\u0131ndan g\u00f6nderilen telgraf \u201cAlman Diplomatlar \u0130yimser Ancak Hala Demokrasi Vak\u0131flar\u0131na Kar\u015f\u0131 Davadan Endi\u015feli&#8221; ba\u015fl\u0131\u011f\u0131n\u0131 ta\u015f\u0131d\u0131. \u201c\u00d6zet\u201d b\u00f6l\u00fcm\u00fcnde \u201cBa\u015fbakan G\u00fcl Alman D\u0131\u015fi\u015fleri Bakan\u0131 Fischer\u2019e T\u00fcrkiye\u2019de su\u00e7lamalarla kar\u015f\u0131 kar\u015f\u0131ya kalan be\u015f Alman vakf\u0131n\u0131n beraat edece\u011fine inand\u0131\u011f\u0131n\u0131 s\u00f6yledi. Alman diplomatlar yarg\u0131n\u0131n beraat karar\u0131 vermeye haz\u0131rlan\u0131r gibi g\u00f6r\u00fcnd\u00fc\u011f\u00fcnde mutab\u0131k, ancak iddianameyi bir t\u00fcr taciz olarak de\u011ferlendiriyor ve bir mahkumiyetin Almanya\u2019n\u0131n T\u00fcrkiye\u2019nin AB te\u015febb\u00fcs\u00fcne deste\u011fini zay\u0131flataca\u011f\u0131 uyar\u0131s\u0131nda bulunuyor\u201d denildi.<\/p>\n<p style=\"text-align: justify;\"><strong>\u201cG\u00dcL\u00dcN\u00c7!\u201d<\/strong><\/p>\n<p style=\"text-align: justify;\">Telgrafta 23 Ocak\u2019ta \u0130stanbul\u2019da Abdullah G\u00fcl ile bir araya gelen Alman D\u0131\u015fi\u015fleri Bakan\u0131 Joschka Fischer\u2019in G\u00fcl\u2019e T\u00fcrk yarg\u0131s\u0131n\u0131n ba\u011f\u0131ms\u0131zl\u0131\u011f\u0131na sayg\u0131 duyduklar\u0131n\u0131 ancak be\u015f Alman vakf\u0131na kar\u015f\u0131 a\u00e7\u0131lan davan\u0131n h\u0131zla beraatle sonu\u00e7lanaca\u011f\u0131 umudunda oldu\u011funu anlatt\u0131. Telgraf \u015f\u00f6yle devam etti:<\/p>\n<p style=\"text-align: justify;\">\u201cFischer T\u00fcrk h\u00fck\u00fcmetine vak\u0131flara \u2013-Friedrich Ebert, Konrad Adenauer, Heinrich B\u00f6ll ve Friedric Nauman vak\u0131flar\u0131 ve yan\u0131 s\u0131ra Do\u011fu Enstit\u00fcs\u00fc&#8211; siyasi destek vermesini talep etti. G\u00fcl vak\u0131flara kar\u015f\u0131 yap\u0131lan su\u00e7lamalar\u0131n \u2018g\u00fcl\u00fcn\u00e7\u2019 oldu\u011funda mutab\u0131k kald\u0131. Davan\u0131n beraatle sonu\u00e7lanaca\u011f\u0131n\u0131 tahmin etti ancak yarg\u0131 s\u00fcrecine m\u00fcdahale edemeyece\u011fini s\u00f6yledi.\u201d<\/p>\n<p style=\"text-align: justify;\">Telgrafta \u201cOlumlu sinyallere kar\u015f\u0131n Alman diplomatlar h\u00fck\u00fcmetlerinin vak\u0131flara rahats\u0131zl\u0131k verilmesinden b\u00fcy\u00fck kayg\u0131 duyduklar\u0131n\u0131 s\u00f6ylediler. Diplomatlar mahkemenin, \u00e7al\u0131\u015fanlar\u0131n n\u00fcfus kay\u0131tlar\u0131 dahil devaml\u0131 belge talebiyle vak\u0131flar\u0131n pe\u015fini b\u0131rakmad\u0131klar\u0131n\u0131 belirttiler. Alman H\u00fck\u00fcmeti\u2019nin resmi tutumu davan\u0131n AB adayl\u0131\u011f\u0131n\u0131 etkilememesi ancak diplomatlardan biri, bir mahkumiyetin Almanya\u2019n\u0131n kat\u0131l\u0131m m\u00fczakerelerinde erteleme aray\u0131\u015f\u0131na neden olabilece\u011fini s\u00f6yledi. PEARSON\u201d denildi.<\/p>\n<p style=\"text-align: justify;\"><strong>ABD&#8217;YE KONUYLA \u0130LG\u0130L\u0130 \u0130K\u0130NC\u0130 TELGRAF<\/strong><\/p>\n<p style=\"text-align: justify;\">Ayn\u0131 konuda daha sonra ge\u00e7ilen ikinci telgrafta ise Alman vak\u0131flar\u0131na kar\u015f\u0131 davan\u0131n reddedilmesiyle ilgili bilgiler verildi ve \u015f\u00f6yle denildi:<\/p>\n<p style=\"text-align: justify;\">\u201c-Ankara\u2019da bir mahkeme oy birli\u011fiyle be\u015f Alman demokrasi yanl\u0131s\u0131 vakf\u0131n temsilcilerine kar\u015f\u0131 casusluk ve b\u00f6l\u00fcc\u00fcl\u00fck su\u00e7lamalar\u0131n\u0131 reddetti. Alman diplomatlar karar\u0131 memnuniyetle kar\u015f\u0131lad\u0131 ancak vak\u0131flar\u0131n hala k\u0131s\u0131tlamalar ve tacizle kar\u015f\u0131 kar\u015f\u0131ya bulunmalar\u0131ndan endi\u015feliler. Bu dava son derece ku\u015fkulu kan\u0131tlar \u00fczerine olu\u015fturuldu, b\u00fcrokraside Kemalist a\u015f\u0131r\u0131 milliyet\u00e7ilerin etkisini g\u00f6sterdi.<\/p>\n<p style=\"text-align: justify;\">-\u0130ki Alman diplomat\u0131 \u2018poloff\u2019a Mart 5\u2019te davan\u0131n uzun d\u00f6nemli etkilerinin vak\u0131flar\u0131n gelecekte ne denli \u00f6zg\u00fcr \u00e7al\u0131\u015fabileceklerine ba\u011fl\u0131 olaca\u011f\u0131n\u0131 anlatt\u0131. Vak\u0131flar \u015fu ana kadar T\u00fcrkiye\u2019de yasal stat\u00fcye ula\u015famad\u0131. Mahkeme s\u0131ras\u0131nda \u0130\u00e7i\u015fleri Bakanl\u0131\u011f\u0131 bir delil olarak vak\u0131flar\u0131n maliyesi konusunda son derece politize bir rapor haz\u0131rlad\u0131. Diplomatlar raporun Alman b\u00fcy\u00fckel\u00e7inin vak\u0131flar\u0131 T\u00fcrk devletine zarar vermek \u00fczere gizli bir kampanyan\u0131n bir par\u00e7as\u0131 olarak kontrol etti\u011fi ve b\u00f6l\u00fcc\u00fcl\u00fc\u011f\u00fc te\u015fvik etti\u011fi gibi \u2018\u00e7ok \u00e7irkin\u2019 su\u00e7lamalar i\u00e7erdi\u011fini s\u00f6ylediler. Vak\u0131f avukatlar\u0131 rapora kar\u015f\u0131 dava a\u00e7maya haz\u0131rlan\u0131yor.<\/p>\n<p style=\"text-align: justify;\">-Almanlar\u0131nki ve di\u011fer d\u0131\u015f bask\u0131lar, 26 Aral\u0131k\u2019ta ba\u015flayan mahkemeyi T\u00fcrk standartlar\u0131na g\u00f6re rekor s\u00fcrede karar vermeye zorlad\u0131&#8230;<\/p>\n<p style=\"text-align: justify;\">-Dava b\u00fcrokraside anahtar pozisyonlar\u0131 tutan milliyet\u00e7ilerin yayg\u0131n etkisini ortaya koyuyor. El\u00e7ili\u011fin T\u00fcrk h\u00fck\u00fcmetinde bulunan ba\u011flant\u0131lar\u0131ndan geni\u015f bir b\u00f6l\u00fcm\u00fc davadaki, su\u00e7lamalar\u0131n temelsiz ve g\u00fcl\u00fcn\u00e7 oldu\u011funu kabul etti. Ancak bir\u00e7ok savc\u0131 devlete bir tehdit olarak alg\u0131lad\u0131klar\u0131 yabanc\u0131lara, d\u0131\u015far\u0131dan gelenlere, insan haklar\u0131 eylemcilerine ve s\u00f6zde k\u00f6t\u00fc insanlara kar\u015f\u0131 g\u00fcc\u00fc kendi ellerinde tutmaya istekli.<\/p>\n<p style=\"text-align: justify;\">-Kanun onlara \u2018kan\u0131t\u2019 zannettikleri \u015feyler temelinde su\u00e7lamalar\u0131 biraraya getirme konusunda geni\u015f s\u00fcre tan\u0131yor, ve yarg\u0131\u00e7lar en zay\u0131f iddialar olsa bile en az bir duru\u015fma toplamadan davalar\u0131 reddetme yetkisine sahip de\u011fil.<\/p>\n<p style=\"text-align: justify;\">-Hablemito\u011flu\u2019nun son yazd\u0131klar\u0131n\u0131n bu davada temel kan\u0131t olarak hizmet etmesi \u00f6nemli. ABD\u2019yi, \u0130slami \u2018gericileri\u2019 laik T\u00fcrk birli\u011fini tehdit etmeleri i\u00e7in desteklemekle su\u00e7layan Hablemito\u011flu bilinen bir Kemalist idi. Evinin d\u0131\u015f\u0131nda ge\u00e7en 18 Ara.\u2019da hala gizemini koruyan bi\u00e7imde \u00f6ld\u00fcr\u00fclen Hablemito\u011flu\u2019nun cenaze t\u00f6reni Cumhurba\u015fkan\u0131 Sezer, Genelkurmay liderli\u011fi ve di\u011ferleriyle y\u00fcksek profilli bir Kemalist kat\u0131l\u0131ma tan\u0131kl\u0131k etti. Hatta \u0130slam-y\u00f6nelimli Ba\u015fbakan G\u00fcl, t\u00f6rende bulunmamas\u0131, Hablemito\u011flu\u2019nun ana-ak\u0131m bas\u0131ndaki ideolojik sempatizanlar\u0131nca \u2018yanl\u0131\u015f okunmas\u0131n\u2019 diye kat\u0131lmaya mecbur kald\u0131. PEARSON.\u201d<\/p>\n<p style=\"text-align: justify;\"><a href=\"http:\/\/www.gazeteport.com.tr\/haber\/56606\/gul_\" target=\"_blank\">Kaynak : GAZETEPORT<\/a><\/p>\n","protected":false},"excerpt":{"rendered":"<p style=\"text-align: center;\">\n<p style=\"text-align: justify;\">Ba\u015fbakan Erdo\u011fan&#8217;\u0131n hedef g\u00f6sterdi\u011fi Alman vak\u0131flar\u0131yla ilgili iddialar 2003 y\u0131l\u0131nda d\u00f6nemin Ba\u015fbakan\u0131 Abdullah G\u00fcl ile Alman D\u0131\u015fi\u015fleri Bakan\u0131 Joschka Fischer aras\u0131nda konu\u015fulmu\u015f ve bak\u0131n nas\u0131l \u00e7\u00f6z\u00fclm\u00fc\u015f. \u0130\u015fte o ilgin\u00e7 diyaloglar ve telgraflar&#8230;<\/p>\n<p style=\"text-align: justify;\">ANKARA\u2013 Cumhurba\u015fkan\u0131 Abdullah G\u00fcl\u2019\u00fcn, 2003\u2019teki \u201cBa\u015fbakanl\u0131\u011f\u0131\u201d s\u0131ras\u0131nda g\u00f6r\u00fc\u015ft\u00fc\u011f\u00fc d\u00f6nemin Alman D\u0131\u015fi\u015fleri Bakan\u0131 Joschka Fischer\u2019e, o y\u0131llarda <\/p>\n","protected":false},"author":1,"featured_media":0,"comment_status":"open","ping_status":"open","sticky":false,"template":"","format":"standard","meta":{"footnotes":""},"categories":[105],"tags":[],"class_list":["post-40920","post","type-post","status-publish","format-standard","hentry","category-gundem","odd"],"_links":{"self":[{"href":"http:\/\/www.korhanyilmaz.com\/index.php?rest_route=\/wp\/v2\/posts\/40920","targetHints":{"allow":["GET"]}}],"collection":[{"href":"http:\/\/www.korhanyilmaz.com\/index.php?rest_route=\/wp\/v2\/posts"}],"about":[{"href":"http:\/\/www.korhanyilmaz.com\/index.php?rest_route=\/wp\/v2\/types\/post"}],"author":[{"embeddable":true,"href":"http:\/\/www.korhanyilmaz.com\/index.php?rest_route=\/wp\/v2\/users\/1"}],"replies":[{"embeddable":true,"href":"http:\/\/www.korhanyilmaz.com\/index.php?rest_route=%2Fwp%2Fv2%2Fcomments&post=40920"}],"version-history":[{"count":0,"href":"http:\/\/www.korhanyilmaz.com\/index.php?rest_route=\/wp\/v2\/posts\/40920\/revisions"}],"wp:attachment":[{"href":"http:\/\/www.korhanyilmaz.com\/index.php?rest_route=%2Fwp%2Fv2%2Fmedia&parent=40920"}],"wp:term":[{"taxonomy":"category","embeddable":true,"href":"http:\/\/www.korhanyilmaz.com\/index.php?rest_route=%2Fwp%2Fv2%2Fcategories&post=40920"},{"taxonomy":"post_tag","embeddable":true,"href":"http:\/\/www.korhanyilmaz.com\/index.php?rest_route=%2Fwp%2Fv2%2Ftags&post=40920"}],"curies":[{"name":"wp","href":"https:\/\/api.w.org\/{rel}","templated":true}]}}