{"id":40915,"date":"2011-10-08T21:45:11","date_gmt":"2011-10-08T18:45:11","guid":{"rendered":"http:\/\/www.korhanyilmaz.com\/?p=40915"},"modified":"2011-10-09T00:28:05","modified_gmt":"2011-10-08T21:28:05","slug":"sefika-etikin-cenazesi-musta-topraga-verildi","status":"publish","type":"post","link":"http:\/\/www.korhanyilmaz.com\/?p=40915","title":{"rendered":"\u015eefika Etik&#8217;in cenazesi Mu\u015f&#8217;ta topra\u011fa verildi."},"content":{"rendered":"<p style=\"text-align: center;\"><a href=\"http:\/\/www.korhanyilmaz.com\/wp-content\/uploads\/2011\/10\/8024.jpg\"  class=\"lightview\"><img loading=\"lazy\" decoding=\"async\" class=\"aligncenter  wp-image-40916\" src=\"http:\/\/www.korhanyilmaz.com\/wp-content\/uploads\/2011\/10\/8024.jpg\" alt=\"\" width=\"307\" height=\"236\" \/><\/a><\/p>\n<p style=\"text-align: justify;\">Manisa&#8217;da kad\u0131n s\u0131\u011f\u0131nma evinden d\u00f6nd\u00fckten sonra e\u015fi taraf\u0131ndan s\u0131rt\u0131ndan b\u0131\u00e7aklanarak \u00f6ld\u00fcr\u00fclen \u015eefika Etik&#8217;in cenazesi Mu\u015f&#8217;ta topra\u011fa verildi. Etik&#8217;in d\u00fcn bir gazetede b\u0131\u00e7aklanm\u0131\u015f halde yay\u0131mlanan foto\u011fraf\u0131 tepki g\u00f6rm\u00fc\u015f, etik tart\u0131\u015fmas\u0131na yol a\u00e7m\u0131\u015ft\u0131.\u00a0<!--more--><\/p>\n<p style=\"text-align: justify;\">6 Ekim&#8217;de e\u015fi taraf\u0131ndan evlerinin banyosunda s\u0131rt\u0131ndan b\u0131\u00e7aklanarak \u00f6ld\u00fcr\u00fclen 2 \u00e7ocuk annesi \u015eefika Etik&#8217;in cenazesi, karayoluyla ailesinin ya\u015fad\u0131\u011f\u0131 Mu\u015f merkeze ba\u011fl\u0131 A\u015fa\u011f\u0131 Yongal\u0131 k\u00f6y\u00fcne getirildi.<\/p>\n<p style=\"text-align: justify;\">\u0130lk olarak babas\u0131 Abd\u00fclkerim G\u00fcner&#8217;in evine g\u00f6t\u00fcr\u00fclen ve evde toplanan kad\u0131nlara g\u00f6sterilen cenaze, daha sonra k\u00f6y camisine g\u00f6t\u00fcr\u00fcld\u00fc. Burada k\u0131l\u0131nan cenaze namaz\u0131n\u0131n ard\u0131ndan yak\u0131nlar\u0131n\u0131n omuzlar\u0131nda ta\u015f\u0131nan cenaze, k\u00f6y mezarl\u0131\u011f\u0131nda defnedildi.<\/p>\n<p style=\"text-align: justify;\">Mezarl\u0131kta gazetecilerin sorular\u0131n\u0131 yan\u0131tlayan \u015eefika Etik&#8217;in babas\u0131 Abd\u00fclkerim G\u00fcner, k\u0131z\u0131 ile e\u015fi aras\u0131nda daha \u00f6nce de tart\u0131\u015fma ya\u015fand\u0131\u011f\u0131n\u0131 belirterek, \u015funlar\u0131 kaydetti:<\/p>\n<p style=\"text-align: justify;\">&#8220;Olaydan bir hafta \u00f6nce \u0130brahim Etik, k\u0131z\u0131m\u0131 yemek yapmad\u0131\u011f\u0131 bahanesiyle d\u00f6v\u00fcyor ve b\u0131\u00e7ak almak i\u00e7in mutfa\u011fa gidiyor. K\u0131z\u0131m da kendisini can havliyle bir odaya atarak kom\u015fulardan yard\u0131m istiyor. Kom\u015fular\u0131n haber vermesiyle eve gelen polis, k\u0131z\u0131m\u0131 al\u0131p s\u0131\u011f\u0131nma evine g\u00f6t\u00fcr\u00fcyor. Olay g\u00fcn\u00fc \u0130brahim Etik, \u00e7i\u00e7ek alarak s\u0131\u011f\u0131nma evine gidiyor ve &#8216;hata yapt\u0131\u011f\u0131n\u0131&#8217; s\u00f6yleyerek k\u0131z\u0131m\u0131 evine d\u00f6nmeye ikna ediyor. Eve geldikten bir s\u00fcre sonra \u0130brahim mutfa\u011fa giderek, ald\u0131\u011f\u0131 b\u0131\u00e7a\u011f\u0131 defalarca k\u0131z\u0131ma sapl\u0131yor ve b\u0131\u00e7a\u011f\u0131 k\u0131z\u0131m\u0131n s\u0131rt\u0131ndan \u00e7\u0131karm\u0131yor. K\u0131z\u0131m\u0131n cesedini de hal\u0131ya sar\u0131p evi ate\u015fe veriyor. O esnada mutfakta t\u00fcp patl\u0131yor ve kom\u015fular durumu itfaiyeye bildiriyor. \u0130nsan olan bu hareketi yapmaz.&#8221;<\/p>\n<p style=\"text-align: justify;\">\u015eefika Etik&#8217;in karde\u015fi Seracettin G\u00fcner ise k\u0131z karde\u015fine ait foto\u011fraf\u0131n bir gazetede mozaiklenmeden verilmesine tepki g\u00f6stererek, &#8220;Bu cinayeti i\u015fleyen cezas\u0131n\u0131 elbet \u00e7ekecek. Ama bizim en fazla \u00fcz\u00fcld\u00fc\u011f\u00fcm\u00fcz konu karde\u015fime ait foto\u011fraf\u0131n bas\u0131nda yer almas\u0131. Bu insanl\u0131\u011fa s\u0131\u011fmaz. al\u00e7ak\u00e7a yap\u0131lm\u0131\u015f bu haberin pe\u015fini b\u0131rakmayaca\u011f\u0131z. Bu haberi yapan kim olursa olsun sonuna kadar m\u00fccadele edece\u011fiz&#8221; dedi.<\/p>\n<p style=\"text-align: justify;\">Amcas\u0131 Mehmet G\u00fcner de kad\u0131na y\u00f6nelik \u015fiddete son verilmesi gerekti\u011fini vurgulayarak, kad\u0131na y\u00f6nelik \u015fiddetin kar\u015f\u0131s\u0131nda olduklar\u0131n\u0131 ifade etti.<\/p>\n<p style=\"text-align: justify;\">6 Ekim&#8217;de, Hafsa Sultan Mahallesi&#8217;nde bulunan 3 katl\u0131 binan\u0131n zemin kat\u0131nda \u0130brahim Etik&#8217;e ait evden patlama sesi geldi\u011fini duyan ve dumanlar y\u00fckseldi\u011fini g\u00f6ren \u00e7evre sakinleri, itfaiyeye durumu bildirmi\u015f, \u0130tfaiye ve polis ekipleri, girdikleri evin banyosunda \u0130brahim Etik&#8217;in e\u015fi \u015eefika Etik&#8217;i s\u0131rt\u0131nda b\u0131\u00e7ak saplanm\u0131\u015f ve bayg\u0131n halde bulmu\u015ftu. Evdeki yang\u0131n s\u00f6nd\u00fcr\u00fcl\u00fcrken v\u00fccudunda d\u00f6rt b\u0131\u00e7ak yaras\u0131 bulunan \u015eefika Etik, kald\u0131r\u0131ld\u0131\u011f\u0131 hastanede ya\u015fam\u0131n\u0131 yitirmi\u015fti.<\/p>\n<p style=\"text-align: justify;\"><a href=\"http:\/\/www.cnnturk.com\/2011\/guncel\/10\/08\/o.kadin.topraga.verildi\/632413.0\/index.html\" target=\"_blank\">Kaynak : CNN T\u00dcRK<\/a><\/p>\n","protected":false},"excerpt":{"rendered":"<p style=\"text-align: center;\">\n<p style=\"text-align: justify;\">Manisa&#8217;da kad\u0131n s\u0131\u011f\u0131nma evinden d\u00f6nd\u00fckten sonra e\u015fi taraf\u0131ndan s\u0131rt\u0131ndan b\u0131\u00e7aklanarak \u00f6ld\u00fcr\u00fclen \u015eefika Etik&#8217;in cenazesi Mu\u015f&#8217;ta topra\u011fa verildi. Etik&#8217;in d\u00fcn bir gazetede b\u0131\u00e7aklanm\u0131\u015f halde yay\u0131mlanan foto\u011fraf\u0131 tepki g\u00f6rm\u00fc\u015f, etik tart\u0131\u015fmas\u0131na yol a\u00e7m\u0131\u015ft\u0131. <\/p>\n","protected":false},"author":1,"featured_media":0,"comment_status":"open","ping_status":"open","sticky":false,"template":"","format":"standard","meta":{"footnotes":""},"categories":[105],"tags":[],"class_list":["post-40915","post","type-post","status-publish","format-standard","hentry","category-gundem","odd"],"_links":{"self":[{"href":"http:\/\/www.korhanyilmaz.com\/index.php?rest_route=\/wp\/v2\/posts\/40915","targetHints":{"allow":["GET"]}}],"collection":[{"href":"http:\/\/www.korhanyilmaz.com\/index.php?rest_route=\/wp\/v2\/posts"}],"about":[{"href":"http:\/\/www.korhanyilmaz.com\/index.php?rest_route=\/wp\/v2\/types\/post"}],"author":[{"embeddable":true,"href":"http:\/\/www.korhanyilmaz.com\/index.php?rest_route=\/wp\/v2\/users\/1"}],"replies":[{"embeddable":true,"href":"http:\/\/www.korhanyilmaz.com\/index.php?rest_route=%2Fwp%2Fv2%2Fcomments&post=40915"}],"version-history":[{"count":0,"href":"http:\/\/www.korhanyilmaz.com\/index.php?rest_route=\/wp\/v2\/posts\/40915\/revisions"}],"wp:attachment":[{"href":"http:\/\/www.korhanyilmaz.com\/index.php?rest_route=%2Fwp%2Fv2%2Fmedia&parent=40915"}],"wp:term":[{"taxonomy":"category","embeddable":true,"href":"http:\/\/www.korhanyilmaz.com\/index.php?rest_route=%2Fwp%2Fv2%2Fcategories&post=40915"},{"taxonomy":"post_tag","embeddable":true,"href":"http:\/\/www.korhanyilmaz.com\/index.php?rest_route=%2Fwp%2Fv2%2Ftags&post=40915"}],"curies":[{"name":"wp","href":"https:\/\/api.w.org\/{rel}","templated":true}]}}