{"id":40904,"date":"2011-10-07T17:55:36","date_gmt":"2011-10-07T14:55:36","guid":{"rendered":"http:\/\/www.korhanyilmaz.com\/?p=40904"},"modified":"2011-10-09T23:11:59","modified_gmt":"2011-10-09T20:11:59","slug":"kckda-49-tutuklama-daha","status":"publish","type":"post","link":"http:\/\/www.korhanyilmaz.com\/?p=40904","title":{"rendered":"KCK&#8217;da 49 tutuklama daha"},"content":{"rendered":"<p style=\"text-align: center;\"><a href=\"http:\/\/www.korhanyilmaz.com\/wp-content\/uploads\/2011\/10\/8021.jpg\"  class=\"lightview\"><img loading=\"lazy\" decoding=\"async\" class=\"aligncenter  wp-image-40905\" src=\"http:\/\/www.korhanyilmaz.com\/wp-content\/uploads\/2011\/10\/8021.jpg\" alt=\"\" width=\"396\" height=\"180\" \/><\/a><\/p>\n<p style=\"text-align: justify;\">PKK ter\u00f6r \u00f6rg\u00fct\u00fcn\u00fcn \u015fehir yap\u0131lanmas\u0131 KCK&#8217;ya y\u00f6nelik operasyonlarda g\u00f6zalt\u0131na al\u0131narak mahkemeye sevk edilen 53 ki\u015fiden 49&#8217;u tutukland\u0131.<\/p>\n<p style=\"text-align: justify;\">\u0130STANBUL- KCK operasyonunda g\u00f6zalt\u0131na al\u0131nan 56 ki\u015finin \u0130stanbul Ter\u00f6rle M\u00fccadele \u015eube M\u00fcd\u00fcrl\u00fc\u011f\u00fc\u2019ndeki i\u015flemleri tamamland\u0131. \u015e\u00fcpheliler, \u00c7evik Kuvvet \u015eube M\u00fcd\u00fcrl\u00fc\u011f\u00fc\u2019ne ait 4 ara\u00e7la sabah saatlerinde Be\u015fikta\u015f\u2019taki \u0130stanbul Adliyesi\u2019ne getirildi. Aralar\u0131nda Avukat G\u00f6n\u00fcl Erdem\u2019in de aralar\u0131nda kad\u0131n \u015f\u00fcpheliler ayr\u0131 bir otob\u00fcsten indirildi.\u00a0<!--more--><\/p>\n<p style=\"text-align: justify;\"><strong>12 SAVCI SORGULADI<\/strong><\/p>\n<p style=\"text-align: justify;\">\u015e\u00fcpheliler, soru\u015fturma savc\u0131lar\u0131 Bilal Bayraktar ve Adnan \u00c7imen\u2019in de aralar\u0131nda oldu\u011fu 12 savc\u0131 taraf\u0131ndan sorguland\u0131.<\/p>\n<p style=\"text-align: justify;\"><strong>53 \u015e\u00dcPHEL\u0130 SEVK ED\u0130LD\u0130<\/strong><\/p>\n<p style=\"text-align: justify;\">\u0130fadelerin tamamlanmas\u0131n\u0131n ard\u0131ndan KCK\u2019n\u0131n \u0130stanbul il sorumlusu oldu\u011fu iddia edilen M\u00fcmtaz Aydeniz ile Avukat G\u00f6n\u00fcl Erdem\u2019in de aralar\u0131nda oldu\u011fu 53 \u015f\u00fcpheli tutuklanmalar\u0131 talebiyle mahkemeye sevk edildi. \u00dc\u00e7 \u015f\u00fcpheli ise savc\u0131l\u0131k sorgular\u0131n\u0131n ard\u0131ndan serbest b\u0131rak\u0131ld\u0131. \u015e\u00fcphelilerin mahkeme sorgusu hen\u00fcz ba\u015flamad\u0131.<\/p>\n<p style=\"text-align: justify;\"><strong>BDP M\u0130LLETVEK\u0130L\u0130 TUNCEL\u2019E \u0130Z\u0130N VER\u0130LMED\u0130<\/strong><\/p>\n<p style=\"text-align: justify;\">\u00d6te yandan BDP Milletvekili Sebahat Tuncel mahkemeye sevk edilen \u015f\u00fcphelilerle g\u00f6r\u00fc\u015fmek istedi. \u015e\u00fcphelilerle g\u00f6r\u00fc\u015fmek i\u00e7in nezarethaneye girmek istiyen Tuncel\u2019e polis izin verilmedi.<\/p>\n<p style=\"text-align: justify;\"><strong>49 K\u0130\u015e\u0130 TUTUKLANDI<\/strong><\/p>\n<p style=\"text-align: justify;\">PKK ter\u00f6r \u00f6rg\u00fct\u00fcn\u00fcn \u015fehir yap\u0131lanmas\u0131 KCK&#8217;ya y\u00f6nelik operasyonlarda g\u00f6zalt\u0131na al\u0131narak mahkemeye sevk edilen 53 ki\u015fiden 49&#8217;u tutukland\u0131.<\/p>\n<p style=\"text-align: justify;\">Be\u015fikta\u015f&#8217;taki \u0130stanbul Adliyesinde, savc\u0131l\u0131k taraf\u0131ndan ifadeleri al\u0131nd\u0131ktan sonra tutuklanmalar\u0131 istemiyle \u0130stanbul N\u00f6bet\u00e7i 15. A\u011f\u0131r Ceza Mahkemesine sevk edilen 53 ki\u015finin sorgular\u0131 tamamland\u0131.<\/p>\n<p style=\"text-align: justify;\">Mahkeme, bu ki\u015filerden, KCK \u0130stanbul il sorumlusu oldu\u011fu iddia edilen M\u00fcmtaz Aydeniz&#8217;in de aralar\u0131nda bulundu\u011fu 49&#8217;unun tutuklanmas\u0131na karar verirken, 4 ki\u015fiyi serbest b\u0131rakt\u0131.<\/p>\n<p style=\"text-align: justify;\">Adliyeye \u00e7\u0131kar\u0131lan 56 ki\u015fiden 3&#8217;\u00fc, savc\u0131l\u0131k sorgular\u0131n\u0131n ard\u0131ndan serbest kalm\u0131\u015ft\u0131.<\/p>\n<p style=\"text-align: justify;\"><a href=\"http:\/\/www.gazeteport.com.tr\/haber\/56484\/kckda_53_tutuklama_talebi\" target=\"_blank\">Kaynak : GAZETEPORT<\/a><\/p>\n","protected":false},"excerpt":{"rendered":"<p style=\"text-align: center;\">\n<p style=\"text-align: justify;\">PKK ter\u00f6r \u00f6rg\u00fct\u00fcn\u00fcn \u015fehir yap\u0131lanmas\u0131 KCK&#8217;ya y\u00f6nelik operasyonlarda g\u00f6zalt\u0131na al\u0131narak mahkemeye sevk edilen 53 ki\u015fiden 49&#8217;u tutukland\u0131.<\/p>\n<p style=\"text-align: justify;\">\u0130STANBUL- KCK operasyonunda g\u00f6zalt\u0131na al\u0131nan 56 ki\u015finin \u0130stanbul Ter\u00f6rle M\u00fccadele \u015eube M\u00fcd\u00fcrl\u00fc\u011f\u00fc\u2019ndeki i\u015flemleri tamamland\u0131. \u015e\u00fcpheliler, \u00c7evik Kuvvet \u015eube M\u00fcd\u00fcrl\u00fc\u011f\u00fc\u2019ne ait 4 ara\u00e7la sabah saatlerinde Be\u015fikta\u015f\u2019taki \u0130stanbul Adliyesi\u2019ne getirildi. Aralar\u0131nda Avukat G\u00f6n\u00fcl <\/p>\n","protected":false},"author":1,"featured_media":0,"comment_status":"open","ping_status":"open","sticky":false,"template":"","format":"standard","meta":{"footnotes":""},"categories":[105],"tags":[],"class_list":["post-40904","post","type-post","status-publish","format-standard","hentry","category-gundem","odd"],"_links":{"self":[{"href":"http:\/\/www.korhanyilmaz.com\/index.php?rest_route=\/wp\/v2\/posts\/40904","targetHints":{"allow":["GET"]}}],"collection":[{"href":"http:\/\/www.korhanyilmaz.com\/index.php?rest_route=\/wp\/v2\/posts"}],"about":[{"href":"http:\/\/www.korhanyilmaz.com\/index.php?rest_route=\/wp\/v2\/types\/post"}],"author":[{"embeddable":true,"href":"http:\/\/www.korhanyilmaz.com\/index.php?rest_route=\/wp\/v2\/users\/1"}],"replies":[{"embeddable":true,"href":"http:\/\/www.korhanyilmaz.com\/index.php?rest_route=%2Fwp%2Fv2%2Fcomments&post=40904"}],"version-history":[{"count":0,"href":"http:\/\/www.korhanyilmaz.com\/index.php?rest_route=\/wp\/v2\/posts\/40904\/revisions"}],"wp:attachment":[{"href":"http:\/\/www.korhanyilmaz.com\/index.php?rest_route=%2Fwp%2Fv2%2Fmedia&parent=40904"}],"wp:term":[{"taxonomy":"category","embeddable":true,"href":"http:\/\/www.korhanyilmaz.com\/index.php?rest_route=%2Fwp%2Fv2%2Fcategories&post=40904"},{"taxonomy":"post_tag","embeddable":true,"href":"http:\/\/www.korhanyilmaz.com\/index.php?rest_route=%2Fwp%2Fv2%2Ftags&post=40904"}],"curies":[{"name":"wp","href":"https:\/\/api.w.org\/{rel}","templated":true}]}}