{"id":40896,"date":"2011-10-07T19:35:02","date_gmt":"2011-10-07T16:35:02","guid":{"rendered":"http:\/\/www.korhanyilmaz.com\/?p=40896"},"modified":"2011-10-08T11:12:29","modified_gmt":"2011-10-08T08:12:29","slug":"anayasanin-ilk-uc-maddesi-on-sartimiz","status":"publish","type":"post","link":"http:\/\/www.korhanyilmaz.com\/?p=40896","title":{"rendered":"&#8216;Anayasa&#8217;n\u0131n ilk \u00fc\u00e7 maddesi \u00f6n \u015fart\u0131m\u0131z&#8217;"},"content":{"rendered":"<p style=\"text-align: center;\"><a href=\"http:\/\/www.korhanyilmaz.com\/wp-content\/uploads\/2011\/10\/8020.jpg\"  class=\"lightview\"><img loading=\"lazy\" decoding=\"async\" class=\"aligncenter size-full wp-image-40897\" src=\"http:\/\/www.korhanyilmaz.com\/wp-content\/uploads\/2011\/10\/8020.jpg\" alt=\"\" width=\"294\" height=\"305\" \/><\/a><\/p>\n<p style=\"text-align: justify;\">CHP Genel Ba\u015fkan\u0131 Kemal K\u0131l\u0131\u00e7daro\u011flu, &#8221;Anayasa&#8217;n\u0131n ilk \u00fc\u00e7 maddesi bizim a\u00e7\u0131m\u0131zdan \u00f6n \u015fart. \u00c7\u00fcnk\u00fc kurucu iradenin iradesidir ilk \u00fc\u00e7 madde&#8221; dedi.<\/p>\n<p style=\"text-align: justify;\">BOLU &#8211; CHP&#8217;nin, Bolu Abant&#8217;ta d\u00fczenlenen ve 3 g\u00fcn s\u00fcrecek &#8221;\u00e7al\u0131\u015fma toplant\u0131s\u0131&#8221; Genel Ba\u015fkan Kemal K\u0131l\u0131\u00e7daro\u011flu&#8217;nun kat\u0131l\u0131m\u0131 ile ba\u015flad\u0131.<\/p>\n<p style=\"text-align: justify;\">Gazetecilerin sorular\u0131n\u0131 yan\u0131tlayan K\u0131l\u0131\u00e7daro\u011flu, Ba\u015fbakan Recep Tayyip Erdo\u011fan&#8217;\u0131n annesi Tenzile Erdo\u011fan&#8217;\u0131n bug\u00fcn vefat\u0131n\u0131n hat\u0131rlat\u0131lmas\u0131 \u00fczerine &#8221;Say\u0131n Ba\u015fbakan&#8217;\u0131n annesi ameliyat oldu\u011fu g\u00fcn kendisini arad\u0131m. Ge\u00e7mi\u015f olsun ve acil \u015fifa dileklerimi ilettim. Bug\u00fcn maalesef ac\u0131 haber geldi&#8221; dedi.\u00a0<!--more--><\/p>\n<p style=\"text-align: justify;\">K\u0131l\u0131\u00e7daro\u011flu, annesinin vefat\u0131n\u0131n ard\u0131ndan bug\u00fcn de Ba\u015fbakan Erdo\u011fan&#8217;\u0131 arayarak ba\u015fsa\u011fl\u0131\u011f\u0131 dile\u011finde bulundu\u011funu belirtti ve &#8221;Allah rahmet eylesin. Mekan\u0131 cennet olsun&#8221; diye konu\u015ftu.<\/p>\n<p style=\"text-align: justify;\">K\u0131l\u0131\u00e7daro\u011flu, CHP&#8217;nin ge\u00e7en y\u0131l da bu d\u00f6nemde \u00e7al\u0131\u015fma toplant\u0131s\u0131 yapt\u0131\u011f\u0131 hat\u0131rlat\u0131larak, toplant\u0131n\u0131n amac\u0131n\u0131n sorulmas\u0131 \u00fczerine, yeni parlamento d\u00f6neminde ilk kamp\u0131 ger\u00e7ekle\u015ftirdiklerini ve bu kampta yeni yasama d\u00f6nemine ili\u015fkin \u00e7al\u0131\u015fma stratejilerini ele alacaklar\u0131n\u0131 s\u00f6yledi.<\/p>\n<p style=\"text-align: justify;\">K\u0131l\u0131\u00e7daro\u011flu, \u015f\u00f6yle konu\u015ftu:<\/p>\n<p style=\"text-align: justify;\">&#8221;Grup ba\u015fkan vekilleri bir \u00f6n haz\u0131rl\u0131k yapt\u0131lar. Genel merkez olarak biz MYK&#8217;da bir \u00f6n toplant\u0131 yapt\u0131k, burada nas\u0131l bir y\u00f6ntem nas\u0131l bir usul belirleyece\u011fiz diye. Anayasa de\u011fi\u015fiklikleri, bu s\u00fcre\u00e7te bizim a\u00e7\u0131m\u0131zdan \u00e7ok \u00f6nemli. Anayasa de\u011fi\u015fiklikleri ile ilgili arkada\u015flar\u0131m\u0131z\u0131n g\u00f6r\u00fc\u015flerini alaca\u011f\u0131z. Bizim, ilkelerimiz, hedeflerimiz \u00e7al\u0131\u015fma y\u00f6ntemlerimiz neler olacak? neler olmal\u0131d\u0131r, bunlar\u0131 tart\u0131\u015faca\u011f\u0131z.&#8221;<\/p>\n<p style=\"text-align: justify;\">Bir gazetecinin, &#8221;Bug\u00fcn gazetelerde CHP&#8217;nin anayasa de\u011fi\u015fiklikleri ile ilgili d\u00f6rt madde yans\u0131m\u0131\u015f ko\u015ful olarak. \u00d6rne\u011fin, se\u00e7im baraj\u0131 gibi. Buna ili\u015fkin de\u011ferlendirmeniz nedir? sorusunu da yan\u0131tlayan K\u0131l\u0131\u00e7daro\u011flu, anayasa de\u011fi\u015fikli\u011fini \u00f6zg\u00fcrl\u00fck ve demokrasi a\u00e7\u0131s\u0131ndan T\u00fcrkiye i\u00e7in bir \u015fans olarak g\u00f6rmek istediklerini ifade etti. K\u0131l\u0131\u00e7daro\u011flu, s\u00f6zlerini \u015f\u00f6yle s\u00fcrd\u00fcrd\u00fc:<\/p>\n<p style=\"text-align: justify;\">&#8221;Bir taraftan anayasa de\u011fi\u015firken, g\u00fc\u00e7ler ayr\u0131l\u0131\u011f\u0131 ilkesinin varl\u0131\u011f\u0131 ve g\u00fc\u00e7lendirilmesi, bas\u0131n\u0131n \u00f6zg\u00fcrl\u00fc\u011f\u00fc, \u00f6zel ya\u015fam\u0131n gizlili\u011fi gibi hepimizin \u00fczerinde titizlikle durdu\u011fu konular, bir taraftan anayasada g\u00fcvence alt\u0131na al\u0131n\u0131rken \u00f6b\u00fcr taraftan demokrasinin g\u00fc\u00e7lenmesi a\u00e7\u0131s\u0131ndan anayasa d\u0131\u015f\u0131nda da yap\u0131lmas\u0131 gereken pek \u00e7ok de\u011fi\u015fiklikler var. \u00d6rne\u011fin se\u00e7im baraj\u0131n\u0131n kald\u0131r\u0131lmas\u0131, \u00f6zel yetkili mahkemelerin kald\u0131r\u0131lmas\u0131 gibi. Bunlar\u0131n anayasa de\u011fi\u015fikli\u011fi ile beraber e\u015f zamanl\u0131 ele al\u0131n\u0131p baz\u0131lar\u0131 parlamentoda kabul edilirken, anayasa de\u011fi\u015fiklikleri bittikten sonra onlar da parlamentonun g\u00fcndemine gelebilirler diye bir d\u00fc\u015f\u00fcncemiz var.&#8221;<\/p>\n<p style=\"text-align: justify;\">K\u0131l\u0131\u00e7daro\u011flu, bunun \u00f6n \u015fart olup olmad\u0131\u011f\u0131n\u0131n sorulmas\u0131 \u00fczerine de, &#8221;Hay\u0131r bir \u00f6n \u015fart de\u011fil. \u00d6n \u015fart\u0131m\u0131z \u015fu. Anayasa&#8217;n\u0131n ilk \u00fc\u00e7 maddesi bizim a\u00e7\u0131m\u0131zdan \u00f6n \u015fart. \u00c7\u00fcnk\u00fc kurucu iradenin iradesidir ilk \u00fc\u00e7 madde. Onun d\u0131\u015f\u0131nda g\u00fc\u00e7ler ayr\u0131l\u0131\u011f\u0131 ilkesini g\u00fczlendirmemiz sadece bizim de\u011fil, asl\u0131nda b\u00fct\u00fcn siyasal partilerin temel amac\u0131 olmak durumundad\u0131r. Dolay\u0131s\u0131yla bizim anayasa de\u011fi\u015fikli\u011fi konusundaki hedeflerimiz, ilkelerimiz daha \u00f6nce se\u00e7imlerden \u00f6nce belirlenmi\u015fti. Bunu kamuoyu ile payla\u015ft\u0131k zaten. Bizim merak etti\u011fimiz Adalet ve Kalk\u0131nma Partisi&#8217;nin tutumu nedir, g\u00f6r\u00fc\u015f\u00fc nedir, hedefi nedir? biz onu merak ediyoruz. Bunu da herhalde masada \u00f6\u011frenece\u011fiz.&#8221;<\/p>\n<p style=\"text-align: justify;\">K\u0131l\u0131\u00e7daro\u011flu, &#8221;Vatanda\u015fl\u0131k tan\u0131m\u0131 da \u00f6n \u015fartlar\u0131n\u0131z aras\u0131nda m\u0131?&#8221; sorusu \u00fczerine de, &#8221;Biz anayasan\u0131n ilk \u00fc\u00e7 maddesini \u00f6n \u015fart olarak koyduk. Onun d\u0131\u015f\u0131ndaki pek \u00e7ok d\u00fczenleme herhalde g\u00f6r\u00fc\u015f\u00fclecek&#8221; yan\u0131t\u0131n\u0131 verdi.<\/p>\n<p style=\"text-align: justify;\">Bu ak\u015fam T\u00fcrkiye ile Almanya aras\u0131nda oynanacak milli ma\u00e7\u0131n hat\u0131rlat\u0131larak tahmininin sorulmas\u0131 \u00fczerine de K\u0131l\u0131\u00e7daro\u011flu, bir tahmini olmad\u0131\u011f\u0131n\u0131, ancak niyetinin ne oldu\u011funun herkes taraf\u0131ndan bilindi\u011fini ifade etti.<\/p>\n<p style=\"text-align: justify;\">&#8221;Do\u011fal olarak T\u00fcrkiye&#8217;nin kazanmas\u0131n\u0131 isteriz&#8221; diyen K\u0131l\u0131\u00e7daro\u011flu T\u00fcrkiye&#8217;nin galip gelmesi halinde bu mutlulu\u011fu hep beraber ya\u015fayacaklar\u0131n\u0131 s\u00f6yledi.<\/p>\n<p style=\"text-align: justify;\"><a href=\"http:\/\/www.ntvmsnbc.com\/id\/25286599\/\" target=\"_blank\">Kaynak : NTVMSNBC<\/a><\/p>\n","protected":false},"excerpt":{"rendered":"<p style=\"text-align: center;\">\n<p style=\"text-align: justify;\">CHP Genel Ba\u015fkan\u0131 Kemal K\u0131l\u0131\u00e7daro\u011flu, &#8221;Anayasa&#8217;n\u0131n ilk \u00fc\u00e7 maddesi bizim a\u00e7\u0131m\u0131zdan \u00f6n \u015fart. \u00c7\u00fcnk\u00fc kurucu iradenin iradesidir ilk \u00fc\u00e7 madde&#8221; dedi.<\/p>\n<p style=\"text-align: justify;\">BOLU &#8211; CHP&#8217;nin, Bolu Abant&#8217;ta d\u00fczenlenen ve 3 g\u00fcn s\u00fcrecek &#8221;\u00e7al\u0131\u015fma toplant\u0131s\u0131&#8221; Genel Ba\u015fkan Kemal K\u0131l\u0131\u00e7daro\u011flu&#8217;nun kat\u0131l\u0131m\u0131 ile ba\u015flad\u0131.<\/p>\n<p style=\"text-align: justify;\">Gazetecilerin sorular\u0131n\u0131 yan\u0131tlayan K\u0131l\u0131\u00e7daro\u011flu, Ba\u015fbakan Recep <\/p>\n","protected":false},"author":1,"featured_media":0,"comment_status":"open","ping_status":"open","sticky":false,"template":"","format":"standard","meta":{"footnotes":""},"categories":[105],"tags":[],"class_list":["post-40896","post","type-post","status-publish","format-standard","hentry","category-gundem","odd"],"_links":{"self":[{"href":"http:\/\/www.korhanyilmaz.com\/index.php?rest_route=\/wp\/v2\/posts\/40896","targetHints":{"allow":["GET"]}}],"collection":[{"href":"http:\/\/www.korhanyilmaz.com\/index.php?rest_route=\/wp\/v2\/posts"}],"about":[{"href":"http:\/\/www.korhanyilmaz.com\/index.php?rest_route=\/wp\/v2\/types\/post"}],"author":[{"embeddable":true,"href":"http:\/\/www.korhanyilmaz.com\/index.php?rest_route=\/wp\/v2\/users\/1"}],"replies":[{"embeddable":true,"href":"http:\/\/www.korhanyilmaz.com\/index.php?rest_route=%2Fwp%2Fv2%2Fcomments&post=40896"}],"version-history":[{"count":0,"href":"http:\/\/www.korhanyilmaz.com\/index.php?rest_route=\/wp\/v2\/posts\/40896\/revisions"}],"wp:attachment":[{"href":"http:\/\/www.korhanyilmaz.com\/index.php?rest_route=%2Fwp%2Fv2%2Fmedia&parent=40896"}],"wp:term":[{"taxonomy":"category","embeddable":true,"href":"http:\/\/www.korhanyilmaz.com\/index.php?rest_route=%2Fwp%2Fv2%2Fcategories&post=40896"},{"taxonomy":"post_tag","embeddable":true,"href":"http:\/\/www.korhanyilmaz.com\/index.php?rest_route=%2Fwp%2Fv2%2Ftags&post=40896"}],"curies":[{"name":"wp","href":"https:\/\/api.w.org\/{rel}","templated":true}]}}