{"id":40891,"date":"2011-10-08T10:23:04","date_gmt":"2011-10-08T07:23:04","guid":{"rendered":"http:\/\/www.korhanyilmaz.com\/?p=40891"},"modified":"2011-10-08T11:11:28","modified_gmt":"2011-10-08T08:11:28","slug":"mecliste-general-duzenlemesi","status":"publish","type":"post","link":"http:\/\/www.korhanyilmaz.com\/?p=40891","title":{"rendered":"Meclis&#8217;te general d\u00fczenlemesi"},"content":{"rendered":"<p style=\"text-align: center;\"><a href=\"http:\/\/www.korhanyilmaz.com\/wp-content\/uploads\/2011\/10\/8019.jpg\"  class=\"lightview\"><img loading=\"lazy\" decoding=\"async\" class=\"aligncenter  wp-image-40892\" src=\"http:\/\/www.korhanyilmaz.com\/wp-content\/uploads\/2011\/10\/8019.jpg\" alt=\"\" width=\"420\" height=\"210\" \/><\/a><\/p>\n<p style=\"text-align: justify;\">Askeri taburun kald\u0131r\u0131lmas\u0131 i\u00e7in d\u00fczenleme yapan TBMM Ba\u015fkanl\u0131\u011f\u0131, bu kez askerlerin Meclis\u2019e giri\u015f ve \u00e7\u0131k\u0131\u015flar\u0131n\u0131 rutbelerine g\u00f6re ay\u0131rarak protokol s\u0131ras\u0131n\u0131 de\u011fi\u015ftirdi. Buna g\u00f6re, daha \u00f6nce orgeneral ve oramirallerle birlikte giri\u015f ve \u00e7\u0131k\u0131\u015f yapan \u201ckorgeneraller-koramiraller, t\u00fcmgeneraller-t\u00fcmamiraller, tu\u011fgeneraller-tu\u011famiraller\u201d art\u0131k valiler ve belediye ba\u015fkanlar\u0131ndan sonra yer alacak.<!--more--><\/p>\n<p style=\"text-align: justify;\">TBMM Ba\u015fkanl\u0131\u011f\u0131, 12 Ekim\u2019de ger\u00e7ekle\u015ftirece\u011fi toplant\u0131s\u0131nda \u201cHizmete \u00d6zel\u201d olan ve kamuoyuna a\u00e7\u0131klanmayan \u201cG\u00fcvenlik Y\u00f6netmeli\u011fi\u201d de\u011fi\u015fikli\u011fini karara ba\u011flayacak. Yap\u0131lan de\u011fi\u015fikli\u011fe g\u00f6re, y\u00f6netmeli\u011fin, \u201cTBMM\u2019de kap\u0131lardan giri\u015f ve \u00e7\u0131k\u0131\u015flara ili\u015fkin genel h\u00fck\u00fcmler\u201d ba\u015fl\u0131kl\u0131 10. maddesindeki ek-9 protokol\u00fc, askerler a\u00e7\u0131s\u0131ndan rutbelerine g\u00f6re s\u0131ralanacak.<\/p>\n<p style=\"text-align: justify;\"><strong>D\u0130YANET\u2019\u0130N ARKASINDA\u00a0<\/strong><\/p>\n<p style=\"text-align: justify;\">Yeni yap\u0131lan d\u00fczenlemeye g\u00f6re orgeneraller ve oramiraller yine s\u00f6zkonusu protokol\u00fcn ilk s\u0131ras\u0131nda yer alacaklar, ancak di\u011fer rutbelerdeki general ve amiraller ise rutbelerine g\u00f6re ek-9 protokol\u00fcnde kendilerine verilen s\u0131ralamaya g\u00f6re hareket edecekler. Buna g\u00f6re korgeneral ve koramiraller ek-9 protokol\u00fcnde 18. s\u0131rada, \u201ct\u00fcmgeneraller-t\u00fcmamiraller\u201d 28. s\u0131rada ve \u201ctu\u011fgeneraller-tu\u011famiraller\u201d de 29. s\u0131rada yer alacak. B\u00f6ylece, korgeneraller ve koramiraller valiler ve belediye ba\u015fkanlar\u0131n\u0131n ard\u0131ndan, t\u00fcmgeneral-t\u00fcmamiral ve tu\u011fgeneral ve tu\u011famiraller de Diyanet \u0130\u015fleri Ba\u015fkan\u0131, RT\u00dcK Ba\u015fkan\u0131, Emniyet Genel M\u00fcd\u00fcr\u00fc, AB Genel Sekreteri\u2019nden sonra listede yer alacak.<\/p>\n<p style=\"text-align: justify;\">TBMM\u2019de milletvekilleri odalar\u0131 ba\u015fta olmak \u00fczere \u00e7al\u0131\u015fma odalar\u0131n\u0131n g\u00fcvenli\u011fi i\u00e7in yeni bir uygulama ba\u015flad\u0131. Odalarda e\u015fyalar\u0131n kayboldu\u011fu, dinleme cihazlar\u0131 yerle\u015ftirildi\u011fi iddialar\u0131n\u0131 dikkat alan TBMM Ba\u015fkanl\u0131\u011f\u0131, bundan sonra \u201cimza kar\u015f\u0131l\u0131\u011f\u0131 anahtar\u201d uygulamas\u0131na ge\u00e7ecek.<\/p>\n<p style=\"text-align: justify;\"><strong>\u0130\u015eTE O L\u0130STE\u00a0<\/strong><\/p>\n<p style=\"text-align: justify;\">\u0130\u015fte generalleri rutbelerine g\u00f6re s\u0131n\u0131fland\u0131ran ek-9 listesinin son hali:<\/p>\n<p style=\"text-align: justify;\">1- Orgeneral, oramiraller, 2- Y\u00d6K Ba\u015fkan\u0131, 3- Yarg\u0131tay Cumhuriyet Savc\u0131s\u0131, 4- T\u00fcrkiye Barolar Birli\u011fi Ba\u015fkan\u0131, 5- Dan\u0131\u015ftay Ba\u015fsavc\u0131s\u0131, 6- Anayasa Mahkemesi Ba\u015fkanvekili, 7- Uyu\u015fmazl\u0131k Mahkemesi Ba\u015fkan\u0131, 8- HSYK Ba\u015fkanvekili, 9- YSK Ba\u015fkan\u0131, 10- Y\u00fcksek Hakem Kurulu Ba\u015fkan\u0131, 11- Cumhurba\u015fkanl\u0131\u011f\u0131 Genel Sekreteri, 12- Ba\u015fbakanl\u0131k M\u00fcste\u015far\u0131, 13- DDK Ba\u015fkan\u0131, 14- \u0130l valileri, 15- \u00dcniversite rekt\u00f6rleri, 16- Ankara Garnizon Komutan\u0131, 17- B\u00fcy\u00fck\u015fehir belediye ba\u015fkanlar\u0131, 18- Korgeneraller, koramiraller, 19- MGK Genel Sekreteri, 20- Bakanl\u0131k M\u00fcste\u015farlar\u0131, 21- AB Genel Sekreteri, 22- Ba\u015fbakanl\u0131k ve bakanl\u0131klar\u0131 ba\u011fl\u0131 m\u00fcste\u015farl\u0131klar, 23- Emniyet Genel M\u00fcd\u00fcr\u00fc, 24- Dil ve Tarih Y\u00fcksek Kurumu Ba\u015fkan\u0131, 25- RT\u00dcK Ba\u015fkan\u0131, 26- Diyanet \u0130\u015fleri Ba\u015fkan\u0131, 27- YDK Ba\u015fkan\u0131, 28- Tumgeneraller, t\u00fcmamiraller, 29- Tu\u011feneraller, tu\u011famiraller.<\/p>\n<p style=\"text-align: justify;\"><a href=\"http:\/\/haber.gazetevatan.com\/mecliste-general-duzenlemesi\/404172\/1\/Gundem\" target=\"_blank\">Kaynak : VATAN Gazetesi<\/a><\/p>\n","protected":false},"excerpt":{"rendered":"<p style=\"text-align: center;\">\n<p style=\"text-align: justify;\">Askeri taburun kald\u0131r\u0131lmas\u0131 i\u00e7in d\u00fczenleme yapan TBMM Ba\u015fkanl\u0131\u011f\u0131, bu kez askerlerin Meclis\u2019e giri\u015f ve \u00e7\u0131k\u0131\u015flar\u0131n\u0131 rutbelerine g\u00f6re ay\u0131rarak protokol s\u0131ras\u0131n\u0131 de\u011fi\u015ftirdi. Buna g\u00f6re, daha \u00f6nce orgeneral ve oramirallerle birlikte giri\u015f ve \u00e7\u0131k\u0131\u015f yapan \u201ckorgeneraller-koramiraller, t\u00fcmgeneraller-t\u00fcmamiraller, tu\u011fgeneraller-tu\u011famiraller\u201d art\u0131k valiler ve belediye ba\u015fkanlar\u0131ndan sonra yer alacak.<\/p>\n","protected":false},"author":1,"featured_media":0,"comment_status":"open","ping_status":"open","sticky":false,"template":"","format":"standard","meta":{"footnotes":""},"categories":[105],"tags":[],"class_list":["post-40891","post","type-post","status-publish","format-standard","hentry","category-gundem","odd"],"_links":{"self":[{"href":"http:\/\/www.korhanyilmaz.com\/index.php?rest_route=\/wp\/v2\/posts\/40891","targetHints":{"allow":["GET"]}}],"collection":[{"href":"http:\/\/www.korhanyilmaz.com\/index.php?rest_route=\/wp\/v2\/posts"}],"about":[{"href":"http:\/\/www.korhanyilmaz.com\/index.php?rest_route=\/wp\/v2\/types\/post"}],"author":[{"embeddable":true,"href":"http:\/\/www.korhanyilmaz.com\/index.php?rest_route=\/wp\/v2\/users\/1"}],"replies":[{"embeddable":true,"href":"http:\/\/www.korhanyilmaz.com\/index.php?rest_route=%2Fwp%2Fv2%2Fcomments&post=40891"}],"version-history":[{"count":0,"href":"http:\/\/www.korhanyilmaz.com\/index.php?rest_route=\/wp\/v2\/posts\/40891\/revisions"}],"wp:attachment":[{"href":"http:\/\/www.korhanyilmaz.com\/index.php?rest_route=%2Fwp%2Fv2%2Fmedia&parent=40891"}],"wp:term":[{"taxonomy":"category","embeddable":true,"href":"http:\/\/www.korhanyilmaz.com\/index.php?rest_route=%2Fwp%2Fv2%2Fcategories&post=40891"},{"taxonomy":"post_tag","embeddable":true,"href":"http:\/\/www.korhanyilmaz.com\/index.php?rest_route=%2Fwp%2Fv2%2Ftags&post=40891"}],"curies":[{"name":"wp","href":"https:\/\/api.w.org\/{rel}","templated":true}]}}