{"id":40846,"date":"2011-10-08T08:01:47","date_gmt":"2011-10-08T05:01:47","guid":{"rendered":"http:\/\/www.korhanyilmaz.com\/?p=40846"},"modified":"2011-10-24T01:38:11","modified_gmt":"2011-10-23T22:38:11","slug":"anacigi-ile-yollarini-olum-ayirdi","status":"publish","type":"post","link":"http:\/\/www.korhanyilmaz.com\/?p=40846","title":{"rendered":"\u2018Anac\u0131\u011f\u0131\u2019 ile yollar\u0131n\u0131 \u00f6l\u00fcm ay\u0131rd\u0131"},"content":{"rendered":"<p style=\"text-align: center;\"><a href=\"http:\/\/www.korhanyilmaz.com\/wp-content\/uploads\/2011\/10\/8012.jpg\"  class=\"lightview\"><img loading=\"lazy\" decoding=\"async\" class=\" wp-image-40850 aligncenter\" src=\"http:\/\/www.korhanyilmaz.com\/wp-content\/uploads\/2011\/10\/8012.jpg\" alt=\"\" width=\"416\" height=\"214\" \/><\/a><\/p>\n<p style=\"text-align: justify;\">Erdo\u011fan\u2019\u0131n 88 ya\u015f\u0131ndaki annesi Tenzile Erdo\u011fan 1 haftad\u0131r tedavi g\u00f6rd\u00fcg\u00fc hastanede ya\u015fam\u0131n\u0131 yitirdi. Ba\u015fbakan, ac\u0131 haberin ard\u0131ndan korumas\u0131z olarak hastaneye gitti. Annesine olan sevgisi ile bilinen Erdo\u011fan, Tenzile han\u0131ma \u2018anac\u0131\u011f\u0131m\u2019 diye hitap ediyordu.<!--more--><\/p>\n<p style=\"text-align: justify;\"><strong>AYA\u011eINI \u00d6PMEK \u0130ST\u0130YORUM AMA \u0130Z\u0130N VERM\u0130YOR<\/strong><\/p>\n<p style=\"text-align: justify;\">Ba\u015fbakan Erdo\u011fan\u2019\u0131n bir hafta \u00f6nce safra kesesi ameliyat\u0131 olan 88 ya\u015f\u0131ndaki annesi Tenzile Erdo\u011fan, tedavi g\u00f6rd\u00fc\u011f\u00fc hastanede \u2018ani dola\u015f\u0131m bozuklu\u011fu\u2019 nedeniyle d\u00fcn sabah hayat\u0131n\u0131 kaybetti. Erdo\u011fan\u2019\u0131n bug\u00fcnk\u00fc Bursa ve yar\u0131nki Hatay ziyaretleri annesinin \u00f6l\u00fcm\u00fc nedeniyle iptal edildi. Annesine olan d\u00fc\u015fk\u00fcnl\u00fc\u011f\u00fcyle bilinen Ba\u015fbakan Erdo\u011fan vefat haberinin ard\u0131ndan defin i\u015flemleri ile bizzat ilgilendi.Tenzile Erdo\u011fan, bug\u00fcn\u00a0Fatih Camii\u2019nde k\u0131l\u0131nacak cenaze namaz\u0131n\u0131n ard\u0131ndan Karacaahmet Mezarl\u0131\u011f\u0131\u2019nda topra\u011fa verilecek.<\/p>\n<p style=\"text-align: justify;\">Kar\u0131n a\u011fr\u0131s\u0131 ve y\u00fcksek ate\u015f \u015fikayeti ile 30 Eyl\u00fcl\u2019de hastaneye kald\u0131r\u0131lan ve safra kesesi ameliyat\u0131 ge\u00e7iren Tenzile Erdo\u011fan, d\u00fcn sabah tedavi g\u00f6rd\u00fc\u011f\u00fc Medipol Hastanesi\u2019nde fenala\u015farak yo\u011fun bak\u0131ma kald\u0131r\u0131ld\u0131. Tenzile Erdo\u011fan, yo\u011fun m\u00fcdahalelere ra\u011fmen saat 09.15\u2019te ya\u015fam\u0131n\u0131 yitirdi. Hastaneden yap\u0131lan yaz\u0131l\u0131 a\u00e7\u0131klamada, \u201cTenzile\u00a0Erdo\u011fan Han\u0131mefendi, 30 Eyl\u00fcl 2011 saat 18.00\u2019de akut kar\u0131n tablosu ile hastanemize getirildi. Gerekli t\u0131bbi haz\u0131rl\u0131klar\u0131 takiben a\u011f\u0131r iltihabi safra kesesi tablosu, kar\u0131n zar\u0131 iltihab\u0131 ve a\u011f\u0131r sepsis (enfeksiyonun organlara yay\u0131lmas\u0131) tan\u0131lar\u0131 ile ameliyata al\u0131nd\u0131. Ameliyat sonras\u0131 5 g\u00fcn yo\u011fun bak\u0131mda tedavi g\u00f6ren hasta, klinik durumunun iyile\u015fmesi \u00fczerine 6 Eyl\u00fcl\u2019de normal servise al\u0131nd\u0131. Ancak\u00a07 Eyl\u00fcl 07.30\u2019da ani geli\u015fen dola\u015f\u0131m bozuklu\u011fu\u00a0nedeniyle tekrar yo\u011fun bak\u0131ma al\u0131nan hastam\u0131z yap\u0131lan m\u00fcdahalelere ra\u011fmen saat 09.15\u2019te kaybedildi.\u201d denildi.<\/p>\n<p style=\"text-align: justify;\"><strong>Taziye \u00e7ad\u0131r\u0131 kuruldu\u00a0<\/strong><\/p>\n<p style=\"text-align: justify;\">Annesi Tenzile Erdo\u011fan\u2019\u0131n \u00f6l\u00fcm haberinin ard\u0131ndan hastaneye giden Ba\u015fbakan Erdo\u011fan cenaze arac\u0131yla birlikte hastaneden ayr\u0131ld\u0131. Erdo\u011fan\u2019\u0131n makam arac\u0131yla e\u015flik etti\u011fi cenaze arac\u0131 Ba\u015fbakan Erdo\u011fan\u2019\u0131n K\u0131s\u0131kl\u0131\u2019daki evine getirildi.Tenzile Erdo\u011fan\u2019\u0131n \u00f6l\u00fcm\u00fcn\u00fcn ard\u0131ndan \u00e7ok say\u0131da yak\u0131n\u0131 ve seveni Erdo\u011fan\u2019\u0131n evine ak\u0131n etti. Erdo\u011fan\u2019\u0131n K\u0131s\u0131kl\u0131\u2019da bulunan evinin bah\u00e7esine ziyaret\u00e7ilerin daha rahat a\u011f\u0131rlanabilmesi i\u00e7in bir \u00e7ad\u0131r kuruldu\u011fu \u00f6\u011frenildi.<\/p>\n<p style=\"text-align: justify;\"><strong>Defin i\u015flemlerini Ba\u015fbakan yapt\u0131\u00a0<\/strong><\/p>\n<p style=\"text-align: justify;\">Ba\u015fbakan, Cuma namaz\u0131n\u0131 M\u00dc \u0130lahiyat Fak\u00fcltesi Camii\u2019nde k\u0131ld\u0131. Camiye karde\u015fi Mustafa Erdo\u011fan ile gelen Erdo\u011fan namaz \u00e7\u0131k\u0131\u015f\u0131 cemaatin taziyelerini kabul etti. Erdo\u011fan ayr\u0131ca Diyanet \u0130\u015fleri Ba\u015fkan\u0131 Mehmet G\u00f6rmez, Vali H\u00fcseyin Avni Mutlu, B\u00fcy\u00fck\u015fehir Belediye Ba\u015fkan\u0131 Kadir Topba\u015f ve \u0130stanbul il Emniyet M\u00fcd\u00fcr\u00fc H\u00fcseyin \u00c7apk\u0131n ile bir s\u00fcre g\u00f6r\u00fc\u015ft\u00fc. Karde\u015fi Mustafa Erdo\u011fan ile birlikte Karacaahmet Mezarl\u0131\u011f\u0131\u2019ndaki \u0130stanbul B\u00fcy\u00fck\u015fehir Belediyesi Mezarl\u0131klar M\u00fcd\u00fcrl\u00fc\u011f\u00fc Anadolu 1. B\u00f6lge M\u00fcd\u00fcr Yard\u0131mc\u0131l\u0131\u011f\u0131 binas\u0131na girdi. Burada bir saat kalan Erdo\u011fan annesi Tenzile Erdo\u011fan\u2019\u0131n defin i\u015flemlerini ger\u00e7ekle\u015ftirdi. Tenzile Erdo\u011fan Fatih Camii\u2019nde \u00f6\u011flen namaz\u0131na m\u00fcteakip k\u0131l\u0131nacak cenaze namaz\u0131n\u0131n ard\u0131ndan Karacaahmet\u2019te topra\u011fa verilecek. Fevzipa\u015fa Caddesi ve caddeye \u00e7\u0131kan yollar Fatih Camii\u2019ndeki cenaze t\u00f6reni boyunca kadameli olarak kapat\u0131lacak.<\/p>\n<p style=\"text-align: justify;\"><strong>2011\u2019DE YILIN ANNES\u0130 SE\u00c7\u0130LM\u0130\u015eT\u0130\u00a0<\/strong><\/p>\n<p style=\"text-align: justify;\"><strong>Hastanede annesini 5 kez ziyaret etti\u00a0<\/strong><\/p>\n<p style=\"text-align: justify;\">Erdo\u011fan annesinin tedavi s\u00fcrecini yak\u0131ndan takip etmi\u015fti. 1 Ekim\u2019de TBMM a\u00e7\u0131l\u0131\u015f t\u00f6reni i\u00e7in Ankara\u2019da bulunan Ba\u015fbakan Erdo\u011fan, ak\u015fam saatlerinde annesi Tenzile Erdo\u011fan\u2019\u0131 ziyaret etmi\u015fti. Hastanede Erdo\u011fan yakla\u015f\u0131k 2 saat kalm\u0131\u015ft\u0131. Ertesi g\u00fcn Erdo\u011fan, annesini hastanede 17.00-19.00 saatleri aras\u0131nda ve 21.30-22.30 saatleri aras\u0131nda ziyaret etmi\u015fti. Pazartesi g\u00fcn\u00fc Erdo\u011fan, resmi ziyaret i\u00e7in G\u00fcney Afrika\u2019ya gitmeden \u00f6nce annesini yeniden ziyaret etti. Yakla\u015f\u0131k 1 saat hastanede kalan Erdo\u011fan, daha sonra Atat\u00fcrk Havaliman\u0131\u2019ndan G\u00fcney Afrika\u2019ya gitti. 6 Ekim Per\u015fembe sabah\u0131 saat 05.30\u2019da yurda d\u00f6nen Erdo\u011fan, \u00f6nceki ak\u015fam 20.00-21.30 aras\u0131nda annesini son kez ziyaret etti. Erdo\u011fan d\u00fcn sabah saat 09.15\u2019te annesinin tedavi g\u00f6rd\u00fc\u011f\u00fc Medipol Hastanesi\u2019ne geldi.<\/p>\n<p style=\"text-align: justify;\"><strong>M\u00fctevaz\u0131 ve hay\u0131rseverdi\u00a0<\/strong><\/p>\n<p style=\"text-align: justify;\">Rize\u2019nin G\u00fcneysu \u0130l\u00e7esi\u2019nde 1933 y\u0131l\u0131nda d\u00fcnyaya gelen Tenzile Erdo\u011fan, Ba\u015fbakan Recep Tayyip Erdo\u011fan, Mustafa Erdo\u011fan ve Vesile (Erdo\u011fan) \u0130lgen\u2019in annesiydi. 1955 y\u0131l\u0131ndan beri \u0130stanbul\u2019da ya\u015fayan Tenzile Erdo\u011fan\u2019\u0131n gemi kaptan\u0131 olan e\u015fi Ahmet Erdo\u011fan 8 Aral\u0131k 1988 y\u0131l\u0131nda vefat etti. Tenzile Erdo\u011fan, \u00e7evresinde m\u00fctevaz\u0131 ki\u015fili\u011fi ve hay\u0131rseverli\u011fi ile tan\u0131n\u0131yordu. Kocaeli\u2019nin Dar\u0131ca il\u00e7esindeki \u00d6zel \u00c7\u0131ra\u011fan E\u011fitim Kurumlar\u0131 Okul Aile Birli\u011fi, taraf\u0131ndan 2011 y\u0131l\u0131nda Tenzile Erdo\u011fan \u2018Y\u0131l\u0131n Annesi\u2019 se\u00e7ildi. Okul Aile Birli\u011fi\u2019nin yapt\u0131rd\u0131\u011f\u0131 kamuoyu yoklamas\u0131 sonucu \u2018Y\u0131l\u0131n Annesi\u2019 se\u00e7ilen Tenzile Erdo\u011fan, sa\u011fl\u0131k sorunlar\u0131 nedeniyle kat\u0131lamad\u0131\u011f\u0131 \u00f6d\u00fcl t\u00f6renine bir mesaj g\u00f6ndermi\u015fti.<\/p>\n<p style=\"text-align: center;\"><a href=\"http:\/\/www.korhanyilmaz.com\/wp-content\/uploads\/2011\/10\/80091.jpg\"  class=\"lightview\"><img loading=\"lazy\" decoding=\"async\" class=\"aligncenter  wp-image-40854\" src=\"http:\/\/www.korhanyilmaz.com\/wp-content\/uploads\/2011\/10\/80091.jpg\" alt=\"\" width=\"416\" height=\"214\" \/><\/a><\/p>\n<p style=\"text-align: justify;\"><strong>ANNES\u0130 \u0130\u00c7\u0130N DUA \u0130STEM\u0130\u015eT\u0130\u00a0<\/strong><\/p>\n<p style=\"text-align: justify;\">Ba\u015fbakan Erdo\u011fan, annesi Tenzile Erdo\u011fan\u2019\u0131n durumuna ili\u015fkin G\u00fcney Afrika ziyareti s\u0131ras\u0131nda gazetecilere bilgi vermi\u015fti. Hastane kaynaklar\u0131 \u00f6nceki hafta ciddi bir ameliyat ge\u00e7iren Tenzile Erdo\u011fan\u2019\u0131n durumunun iyi y\u00f6nde seyretti\u011fi ve yo\u011fun bak\u0131mdan, servise al\u0131nd\u0131\u011f\u0131n\u0131 a\u00e7\u0131klam\u0131\u015ft\u0131. Ba\u015fbakan Erdo\u011fan annesi Tenzile Erdo\u011fan i\u00e7in \u201cD\u00fcnden daha iyi. Daha iyi olmasa yola \u00e7\u0131kmazd\u0131m. Birka\u00e7 g\u00fcne hastaneden \u00e7\u0131kacak. Dua edin\u201d demi\u015fti.<\/p>\n<p style=\"text-align: justify;\"><strong>\u00c7i\u00e7ek yerine \u0130SEGEV\u2019e ba\u011f\u0131\u015f yap\u0131ls\u0131n \u00e7a\u011fr\u0131s\u0131<\/strong><\/p>\n<p style=\"text-align: justify;\">Ba\u015fbakan Erdo\u011fan\u2019\u0131n annesi Tenzile Erdo\u011fan, bug\u00fcn Fatih Camii\u2019nde \u00f6\u011fle namaz\u0131na m\u00fcteakiben k\u0131l\u0131nacak cenaze namaz\u0131n\u0131n ard\u0131ndan Karacaahmet Mezarl\u0131\u011f\u0131\u2019nda topra\u011fa verilecek. Cenaze nedeniyle Fatih Camii ve Karacaahmet Mezarl\u0131\u011f\u0131\u2019nda yo\u011fun g\u00fcvenlik \u00f6nlemleri al\u0131n\u0131rken, cenazeye ve defin t\u00f6renine \u00e7ok say\u0131da vatanda\u015f\u0131n kat\u0131lmas\u0131 bekleniyor.<\/p>\n<p style=\"text-align: justify;\">\u00d6te yandan Ba\u015fbakanl\u0131k Bas\u0131n Merkezi\u2019nden yap\u0131lan a\u00e7\u0131klamada, \u015funlar kaydedildi: \u2018\u2019Say\u0131n Ba\u015fbakan\u0131m\u0131z Recep Tayyip Erdo\u011fan\u2019\u0131n anneleri Tenzile Erdo\u011fan Han\u0131mefendi, yar\u0131n (08 Eyl\u00fcl 2011) \u00f6\u011fle vakti \u0130stanbul\u2019da Fatih Cami\u2019inde k\u0131l\u0131nacak cenaze namaz\u0131n\u0131n ard\u0131ndan, Karacaahmet Mezarl\u0131\u011f\u0131\u2019nda topra\u011fa verilecektir. Merhumenin cenazesine i\u015ftirak \u00e7er\u00e7evesinde, medya kurulu\u015flar\u0131na taziye ilan\u0131 vermeyi, \u00e7elenk veya \u00e7i\u00e7ek g\u00f6ndermeyi d\u00fc\u015f\u00fcnenlerin, bunlar\u0131n yerine \u0130SEGEV-\u0130stanbul E\u011fitim ve Gen\u00e7li\u011fe Hizmet Vakf\u0131\u2019na ba\u011f\u0131\u015fta bulunmalar\u0131 \u00f6nemle rica olunur. An\u0131lan Vakf\u0131n banka hesab\u0131na ili\u015fkin ayr\u0131nt\u0131lar a\u015fa\u011f\u0131da sunulmaktad\u0131r: \u0130SEGEV-\u0130stanbul E\u011fitim ve Gen\u00e7li\u011fe Hizmet Vakf\u0131.<\/p>\n<p style=\"text-align: justify;\">VAKIFBANK \u0130stanbul, Vatan Caddesi \u015eubesi<\/p>\n<p style=\"text-align: justify;\">IBAN No: TR-420001500158007299233860<\/p>\n<p style=\"text-align: justify;\"><strong><a href=\"http:\/\/www.korhanyilmaz.com\/wp-content\/uploads\/2011\/10\/8013.jpg\"  class=\"lightview\"><img loading=\"lazy\" decoding=\"async\" class=\"alignleft size-full wp-image-40851\" style=\"margin-left: 10px; margin-right: 10px;\" title=\"8013\" src=\"http:\/\/www.korhanyilmaz.com\/wp-content\/uploads\/2011\/10\/8013.jpg\" alt=\"\" width=\"313\" height=\"167\" \/><\/a>MAKAM\u2008ARABASIYLA\u2008E\u015eL\u0130K\u2008ETT\u0130\u00a0<\/strong><\/p>\n<p style=\"text-align: justify;\">Ba\u015fbakan Erdo\u011fan sabah saatlerinde kaybetti\u011fi annesinin cenazesini bizzat teslim ald\u0131.\u2008Erdo\u011fan\u2019\u0131n makam arabas\u0131 ile birlikte e\u015flik etti\u011fi cenaze \u00dcsk\u00fcdar K\u0131s\u0131kl\u0131\u2019daki eve getirildi.<\/p>\n<p style=\"text-align: justify;\"><strong>Bosna Hersek\u2019te g\u0131yabi cenaze namaz\u0131 k\u0131l\u0131nacak\u00a0<\/strong><\/p>\n<p style=\"text-align: justify;\">Ba\u015fbakaN\u2019\u0131n annesi Tenzile Erdo\u011fan\u2019\u0131n vefat\u0131n\u0131n ard\u0131ndan yurti\u00e7i ve yurt\u0131d\u0131\u015f\u0131ndan tazjye mesajlar\u0131 ya\u011fd\u0131. Cumhurba\u015fkan\u0131 G\u00fcl e\u015fi Hayr\u00fcnnisa G\u00fcl ile Erdo\u011fan\u2019\u0131n K\u0131s\u0131kl\u0131\u2019daki evine gelirken ba\u015fta ABD\u2008Ba\u015fkan\u0131 Obama, Rusya Devlet Ba\u015fkan\u0131 Medvedev, Yunanistan Ba\u015fbakan\u0131 Papandreu, Irak K\u00fcrdistan \u00d6zerk Y\u00f6netimi Ba\u015fkan\u0131 Barzani Irak Cumhurba\u015fkan\u0131 Talabani, KKTC Cumhurba\u015fkan\u0131 Ero\u011flu olmak \u00fczere d\u00fcnya liderleri Erdo\u011fan\u2019\u0131 arayarak ba\u015fsa\u011fl\u0131\u011f\u0131 diledi. CHP, MHP, BDP, Has Parti, BBP, DSP taziye mesaj\u0131 yay\u0131nlad\u0131. Bosna-Hersek Diyanet \u0130\u015fleri Ba\u015fkanl\u0131\u011f\u0131 ise Saraybosna\u2019da g\u0131yabi cenaze namaz\u0131 k\u0131l\u0131naca\u011f\u0131 a\u00e7\u0131klad\u0131.<\/p>\n<p style=\"text-align: justify;\"><strong><a href=\"http:\/\/www.korhanyilmaz.com\/wp-content\/uploads\/2011\/10\/8014.jpg\"  class=\"lightview\"><img loading=\"lazy\" decoding=\"async\" class=\"alignleft  wp-image-40852\" style=\"margin-left: 10px; margin-right: 10px;\" src=\"http:\/\/www.korhanyilmaz.com\/wp-content\/uploads\/2011\/10\/8014.jpg\" alt=\"\" width=\"250\" height=\"128\" \/><\/a>ROUSSEF\u2019TEN TAZ\u0130YE Z\u0130YARET\u0130\u00a0<\/strong><\/p>\n<p style=\"text-align: justify;\">Brezilya Devlet Ba\u015fkan\u0131 Dilma Roussef, Ankara\u2019da Cumhurba\u015fkan\u0131 G\u00fcl ile g\u00f6r\u00fc\u015fmesinin ard\u0131ndan \u0130stanbul\u2019a ge\u00e7ti. Rouussef Ba\u015fbakan\u2019\u0131n K\u0131s\u0131kl\u0131\u2019daki evine giderek taziye ziyaretinde bulundu.<\/p>\n<p style=\"text-align: justify;\"><span style=\"color: #993300; font-size: medium;\"><strong>Aya\u011f\u0131n\u0131 \u00f6pmek istiyorum ama izin vermiyor<\/strong><\/span><\/p>\n<p style=\"text-align: justify;\">Annesine kar\u015f\u0131 d\u00fc\u015fk\u00fcnl\u00fc\u011f\u00fcyle bilinen Erdo\u011fan i\u00e7in yak\u0131n \u00e7evresi, \u201cAnnesine kar\u015f\u0131 sevgisi \u00e7ok g\u00fc\u00e7l\u00fc.\u2008Annesinin kar\u015f\u0131s\u0131nda eriyen bir adamd\u0131r\u201d diye anlatt\u0131.<\/p>\n<p style=\"text-align: justify;\"><strong><a href=\"http:\/\/www.korhanyilmaz.com\/wp-content\/uploads\/2011\/10\/8011.jpg\"  class=\"lightview\"><img loading=\"lazy\" decoding=\"async\" class=\"alignright  wp-image-40849\" style=\"margin: 10px;\" src=\"http:\/\/www.korhanyilmaz.com\/wp-content\/uploads\/2011\/10\/8011.jpg\" alt=\"\" width=\"210\" height=\"186\" \/><\/a>EN\u2008SON\u2008FOTO\u011eRAFI\u2008SANDIKTA\u2008<\/strong><\/p>\n<p style=\"text-align: justify;\"><strong>Anne sevgisi \u00e7ok g\u00fc\u00e7l\u00fcyd\u00fc\u00a0<\/strong><\/p>\n<p style=\"text-align: justify;\">Merhume Tenzile Erdo\u011fan, 12 Haziran se\u00e7imlerinde torunu Bilal\u2019in refakat\u00e7ili\u011finde oy kullan\u0131rken g\u00f6r\u00fcnt\u00fclenmi\u015fti. Yak\u0131n \u00e7evresi Erdo\u011fan\u2019\u0131n anne sevgisini \u015fu s\u00f6zlerle anlat\u0131yor: \u201cBa\u015fbakan, annesine, her seferinde \u201canac\u0131\u011f\u0131m\u201d diye seslenirdi. Annesinin kar\u015f\u0131s\u0131nda eriyen bir adamd\u0131r, sevgisi \u00e7ok g\u00fc\u00e7l\u00fc ve a\u00e7\u0131k a\u00e7\u0131kt\u0131r.\u201d<\/p>\n<p style=\"text-align: justify;\"><strong>SON\u2008Z\u0130YARET\u0130\u2008\u00d6NCEK\u0130\u2008AK\u015eAMDI\u00a0<\/strong><\/p>\n<p style=\"text-align: justify;\"><strong>Hi\u00e7 yaln\u0131z b\u0131rakmad\u0131\u00a0<\/strong><\/p>\n<p style=\"text-align: justify;\">Ba\u015fbakan Erdo\u011fan annesinin tedavi s\u00fcrecini yak\u0131ndan takip etmi\u015fti. Annesini tedavi g\u00f6rd\u00fc\u011f\u00fc s\u00fcre boyunca 5 defa ziyaret eden Erdo\u011fan son olarak \u00f6nceki gece de ziyarette bulundu. \u00d6nceki ak\u015fam 20.00-21.30 aras\u0131nda annesini son kez ziyaret eden Erdo\u011fan d\u00fcn ise ayn\u0131 hastaneye annesinin cenazesini teslim almak i\u00e7in geldi.<\/p>\n<p style=\"text-align: justify;\">\u00a0<strong>CENNET\u2008ANNELER\u0130N\u2008AYA\u011eI\u2008ALTINDA<\/strong><\/p>\n<p style=\"text-align: justify;\"><strong>K\u00fc\u00e7\u00fck bir sorunum var\u00a0<\/strong><\/p>\n<p style=\"text-align: justify;\">Erdo\u011fan, en son annesiyle 8 May\u0131s\u2019taki Anneler g\u00fcn\u00fcnde bas\u0131n\u0131n kar\u015f\u0131s\u0131na \u00e7\u0131t\u0131. Erdo\u011fan, \u201cCennet annelerin ayaklar\u0131 alt\u0131nda, babalar\u0131n ayaklar\u0131 alt\u0131nda de\u011fil. Bu bak\u0131mdan annelerin ayaklar\u0131n\u0131n alt\u0131 \u00f6p\u00fclesidir. Ger\u00e7i benim annem aya\u011f\u0131n\u0131n alt\u0131n\u0131 bana pek \u00f6pt\u00fcrm\u00fcyor ama bazen zorluyorum\u201d demi\u015fti.<\/p>\n<p style=\"text-align: justify;\"><strong><a href=\"http:\/\/www.korhanyilmaz.com\/wp-content\/uploads\/2011\/10\/8010.jpg\"  class=\"lightview\"><img loading=\"lazy\" decoding=\"async\" class=\"alignleft  wp-image-40848\" style=\"margin-left: 10px; margin-right: 10px;\" src=\"http:\/\/www.korhanyilmaz.com\/wp-content\/uploads\/2011\/10\/8010.jpg\" alt=\"\" width=\"250\" height=\"128\" \/><\/a>CENAZEY\u0130 B\u0130RL\u0130KTE G\u00d6T\u00dcRD\u00dcLER\u00a0<\/strong><\/p>\n<p style=\"text-align: justify;\"><strong>\u0130ki karde\u015fin anne ac\u0131s\u0131\u00a0<\/strong><\/p>\n<p style=\"text-align: justify;\">Ba\u015fbakan Erdo\u011fan ve karde\u015fi Mustafa Erdo\u011fan anneleri Tenzile Erdo\u011fan\u2019\u0131n cenazesi nedeniyle ilk defa bir arada g\u00f6r\u00fcnt\u00fclendi. \u0130ki karde\u015fin \u00fcz\u00fcnt\u00fcleri y\u00fczlerinden okunuyordu. 2006\u2019da abilerini kaybeden iki karde\u015f, annelerinin cenazesinin hastaneden al\u0131nmas\u0131 ve eve getirilmesine kadar hep birlikte hareket etti.<\/p>\n<p style=\"text-align: justify;\"><strong>\u2018Hastaneye isminin verilmesine k\u0131zm\u0131\u015ft\u0131\u2019\u00a0<\/strong><\/p>\n<p style=\"text-align: justify;\">BABA oca\u011f\u0131 Rize\u2019nin G\u00fcneysu il\u00e7esinin Belediye Ba\u015fkan\u0131 Ahmet Minder de Tenzile Erdo\u011fan\u2019\u0131 anlatt\u0131: Tenzile Han\u0131m 1.5 ay \u00f6nce buradayd\u0131. Sohbet etmi\u015ftik. Ba\u015fbakan\u0131m\u0131z\u0131n validesine ne kadar d\u00fc\u015fk\u00fcn oldu\u011funun yak\u0131n tan\u0131\u011f\u0131y\u0131m. Tenzile Han\u0131m m\u00fctevazi \u015fahsiyetiyle bilinirdi. Hay\u0131rsever i\u015fadam\u0131m\u0131z\u0131n yapm\u0131\u015f oldu\u011fu bir hastaneye ba\u015fbakan\u0131m\u0131z istekli olmasa da Tenzile Han\u0131m\u0131n ad\u0131 verildi. Tenzile Han\u0131m o zaman \u2018Buna ne gerek vard\u0131?\u2019 diye tepki verdi. Yokluk d\u00f6nemlerinde b\u00fct\u00fcn s\u0131k\u0131nt\u0131lar\u0131 ya\u015fam\u0131\u015f bir anneydi. M\u00fctevazi, kendi halinde bir han\u0131mefendiydi.<\/p>\n<p style=\"text-align: justify;\"><a href=\"http:\/\/www.stargazete.com\/politika\/-anacigi-ile-yollarini-olum-ayirdi-haber-388060.htm\" target=\"_blank\">Kaynak : Stargazete.com<\/a><\/p>\n","protected":false},"excerpt":{"rendered":"<p style=\"text-align: center;\">\n<p style=\"text-align: justify;\">Erdo\u011fan\u2019\u0131n 88 ya\u015f\u0131ndaki annesi Tenzile Erdo\u011fan 1 haftad\u0131r tedavi g\u00f6rd\u00fcg\u00fc hastanede ya\u015fam\u0131n\u0131 yitirdi. Ba\u015fbakan, ac\u0131 haberin ard\u0131ndan korumas\u0131z olarak hastaneye gitti. Annesine olan sevgisi ile bilinen Erdo\u011fan, Tenzile han\u0131ma \u2018anac\u0131\u011f\u0131m\u2019 diye hitap ediyordu.<\/p>\n","protected":false},"author":1,"featured_media":0,"comment_status":"open","ping_status":"open","sticky":false,"template":"","format":"standard","meta":{"footnotes":""},"categories":[105],"tags":[424,426,427,425,421,12,422],"class_list":["post-40846","post","type-post","status-publish","format-standard","hentry","category-gundem","tag-dilma-roussef","tag-fatih-camii","tag-isegev","tag-mustafa-erdogan","tag-ozel-medipol-hastanesi","tag-recep-tayyip-erdogan","tag-tenzile-erdogan","odd"],"_links":{"self":[{"href":"http:\/\/www.korhanyilmaz.com\/index.php?rest_route=\/wp\/v2\/posts\/40846","targetHints":{"allow":["GET"]}}],"collection":[{"href":"http:\/\/www.korhanyilmaz.com\/index.php?rest_route=\/wp\/v2\/posts"}],"about":[{"href":"http:\/\/www.korhanyilmaz.com\/index.php?rest_route=\/wp\/v2\/types\/post"}],"author":[{"embeddable":true,"href":"http:\/\/www.korhanyilmaz.com\/index.php?rest_route=\/wp\/v2\/users\/1"}],"replies":[{"embeddable":true,"href":"http:\/\/www.korhanyilmaz.com\/index.php?rest_route=%2Fwp%2Fv2%2Fcomments&post=40846"}],"version-history":[{"count":0,"href":"http:\/\/www.korhanyilmaz.com\/index.php?rest_route=\/wp\/v2\/posts\/40846\/revisions"}],"wp:attachment":[{"href":"http:\/\/www.korhanyilmaz.com\/index.php?rest_route=%2Fwp%2Fv2%2Fmedia&parent=40846"}],"wp:term":[{"taxonomy":"category","embeddable":true,"href":"http:\/\/www.korhanyilmaz.com\/index.php?rest_route=%2Fwp%2Fv2%2Fcategories&post=40846"},{"taxonomy":"post_tag","embeddable":true,"href":"http:\/\/www.korhanyilmaz.com\/index.php?rest_route=%2Fwp%2Fv2%2Ftags&post=40846"}],"curies":[{"name":"wp","href":"https:\/\/api.w.org\/{rel}","templated":true}]}}