{"id":40825,"date":"2011-10-07T13:40:21","date_gmt":"2011-10-07T10:40:21","guid":{"rendered":"http:\/\/www.korhanyilmaz.com\/?p=40825"},"modified":"2011-10-08T09:18:24","modified_gmt":"2011-10-08T06:18:24","slug":"chpli-baskan-ak-partiye-gecti","status":"publish","type":"post","link":"http:\/\/www.korhanyilmaz.com\/?p=40825","title":{"rendered":"CHP&#8217;li Ba\u015fkan AK Parti&#8217;ye ge\u00e7ti"},"content":{"rendered":"<p style=\"text-align: center;\"><a href=\"http:\/\/www.korhanyilmaz.com\/wp-content\/uploads\/2011\/10\/8005.jpg\"  class=\"lightview\"><img loading=\"lazy\" decoding=\"async\" class=\"aligncenter  wp-image-40826\" src=\"http:\/\/www.korhanyilmaz.com\/wp-content\/uploads\/2011\/10\/8005.jpg\" alt=\"\" width=\"396\" height=\"180\" \/><\/a><\/p>\n<p style=\"text-align: justify;\">Denizli\u2019nin Ac\u0131payam \u0130l\u00e7esi Belediye Ba\u015fkan\u0131 Dr. Hulusi \u015eevkan, AK Parti\u2019ye ge\u00e7ti.<\/p>\n<p style=\"text-align: justify;\">DEN\u0130ZL\u0130- Denizli\u2019nin Ac\u0131payam \u0130l\u00e7esi\u2019nde CHP \u0130l\u00e7e y\u00f6netimi ile aras\u0131ndaki anla\u015fmazl\u0131k nedeniyle ge\u00e7en mart ay\u0131nda partisinden istifa edip g\u00f6revini ba\u011f\u0131ms\u0131z olarak s\u00fcrd\u00fcren Belediye Ba\u015fkan\u0131 Dr. Hulusi \u015eevkan, AK Parti\u2019ye ge\u00e7ti.<!--more--><\/p>\n<p style=\"text-align: justify;\">Ac\u0131payam Belediye Ba\u015fkan\u0131 Dr. Hulusi \u015eevkan, partisinin il\u00e7e \u00f6rg\u00fct\u00fc ile ters d\u00fc\u015f\u00fcnce ge\u00e7en 14 Mart\u2019ta CHP\u2019den istifa etti. G\u00f6revini ba\u011f\u0131ms\u0131z olarak s\u00fcrd\u00fcr\u00fcrken, CHP\u2019den istifas\u0131ndan bir ay sonra Ac\u0131payam Belediyesi\u2019nin b\u00fct\u00e7esini belediye meclis \u00fcyeleri onaylamad\u0131.<\/p>\n<p style=\"text-align: justify;\">Belediyenin 6 CHP ve 4 AK Parti\u2019li meclis \u00fcyesi faaliyet raporuna ret oyu verirken yaln\u0131zca, o d\u00f6nem ba\u011f\u0131ms\u0131z \u00fcye olan ve daha sonra da MHP\u2019ye ge\u00e7en H\u00fcseyin Erdem kabul oyu kulland\u0131. Meclis \u00fcyeleri, faaliyet raporunun onaylanmamas\u0131 nedeniyle \u015eevkan\u2019\u0131n ba\u015fkanl\u0131\u011f\u0131n\u0131n d\u00fc\u015fmesi i\u00e7in yarg\u0131ya ba\u015fvurdu. Bir s\u00fcre \u00f6nce Dan\u0131\u015ftay 8\u2019inci Dairesi, \u015eevkan\u2019\u0131n g\u00f6revine devam etmesi y\u00f6n\u00fcnde karar verdi.<\/p>\n<p style=\"text-align: justify;\"><strong>&#8220;S\u0130YAS\u0130 PART\u0130LER H\u0130ZMET \u0130\u00c7\u0130N ARA\u00c7TIR&#8221;<\/strong><\/p>\n<p style=\"text-align: justify;\">Kulislerde 12 Haziran se\u00e7imleri \u00f6ncesi AK Parti\u2019ye ge\u00e7ece\u011fi konu\u015fulan \u015eevkan, yarg\u0131 karar\u0131n\u0131 bekledi\u011fini s\u00f6yledi. G\u00f6revine devam etmesi karar\u0131 \u00e7\u0131kt\u0131ktan sonra AK Parti \u0130l\u00e7e Ba\u015fkanl\u0131\u011f\u0131\u2019na giderek, \u0130l\u00e7e Ba\u015fkan\u0131 Mehmet K\u0131rg\u0131l ile g\u00f6r\u00fc\u015fen Ba\u015fkan \u015eevkan, \u00fcyelik kayd\u0131n\u0131 yapt\u0131rd\u0131. AK Parti\u2019li milletvekillerinin de kat\u0131l\u0131m\u0131yla \u015eevkan\u2019\u0131n partiye ge\u00e7mesi nedeniyle t\u00f6ren yap\u0131laca\u011f\u0131 \u00f6\u011frenildi.<\/p>\n<p style=\"text-align: justify;\">Ba\u015fkan \u015eevkan, &#8220;Siyasi partiler hizmet i\u00e7in ara\u00e7t\u0131r. Ben Ac\u0131payam\u2019a hizmet etmek i\u00e7in ba\u015fkan oldum. Ama ne yaz\u0131k ki, CHP \u00f6rg\u00fct\u00fc ile ters d\u00fc\u015ft\u00fck, bir t\u00fcrl\u00fc anla\u015famad\u0131k. Sanki hizmet etmemem i\u00e7in beni frenlemeye ba\u015flad\u0131lar. Siyasi komplolar kuruldu. Siyaset eti\u011fine ayk\u0131r\u0131 davran\u0131\u015flara maruz kald\u0131m. Ak Parti\u2019den ald\u0131\u011f\u0131m daveti de\u011ferlendirip bu partiye ge\u00e7tim. Bundan sonra Ac\u0131payam\u2019\u0131n merkezi y\u00f6netimden daha fazla pay alaca\u011f\u0131n\u0131, daha iyi hizmet \u00fcretece\u011fimizi d\u00fc\u015f\u00fcn\u00fcyorum&#8221; dedi.<\/p>\n<p style=\"text-align: justify;\"><a href=\"http:\/\/www.gazeteport.com.tr\/haber\/56421\/chpli_baskan_ak_partiye_gecti\" target=\"_blank\">Kaynak : GAZETEPORT<\/a><\/p>\n","protected":false},"excerpt":{"rendered":"<p style=\"text-align: center;\">\n<p style=\"text-align: justify;\">Denizli\u2019nin Ac\u0131payam \u0130l\u00e7esi Belediye Ba\u015fkan\u0131 Dr. Hulusi \u015eevkan, AK Parti\u2019ye ge\u00e7ti.<\/p>\n<p style=\"text-align: justify;\">DEN\u0130ZL\u0130- Denizli\u2019nin Ac\u0131payam \u0130l\u00e7esi\u2019nde CHP \u0130l\u00e7e y\u00f6netimi ile aras\u0131ndaki anla\u015fmazl\u0131k nedeniyle ge\u00e7en mart ay\u0131nda partisinden istifa edip g\u00f6revini ba\u011f\u0131ms\u0131z olarak s\u00fcrd\u00fcren Belediye Ba\u015fkan\u0131 Dr. Hulusi \u015eevkan, AK Parti\u2019ye ge\u00e7ti.<\/p>\n","protected":false},"author":1,"featured_media":0,"comment_status":"open","ping_status":"open","sticky":false,"template":"","format":"standard","meta":{"footnotes":""},"categories":[105],"tags":[],"class_list":["post-40825","post","type-post","status-publish","format-standard","hentry","category-gundem","odd"],"_links":{"self":[{"href":"http:\/\/www.korhanyilmaz.com\/index.php?rest_route=\/wp\/v2\/posts\/40825","targetHints":{"allow":["GET"]}}],"collection":[{"href":"http:\/\/www.korhanyilmaz.com\/index.php?rest_route=\/wp\/v2\/posts"}],"about":[{"href":"http:\/\/www.korhanyilmaz.com\/index.php?rest_route=\/wp\/v2\/types\/post"}],"author":[{"embeddable":true,"href":"http:\/\/www.korhanyilmaz.com\/index.php?rest_route=\/wp\/v2\/users\/1"}],"replies":[{"embeddable":true,"href":"http:\/\/www.korhanyilmaz.com\/index.php?rest_route=%2Fwp%2Fv2%2Fcomments&post=40825"}],"version-history":[{"count":0,"href":"http:\/\/www.korhanyilmaz.com\/index.php?rest_route=\/wp\/v2\/posts\/40825\/revisions"}],"wp:attachment":[{"href":"http:\/\/www.korhanyilmaz.com\/index.php?rest_route=%2Fwp%2Fv2%2Fmedia&parent=40825"}],"wp:term":[{"taxonomy":"category","embeddable":true,"href":"http:\/\/www.korhanyilmaz.com\/index.php?rest_route=%2Fwp%2Fv2%2Fcategories&post=40825"},{"taxonomy":"post_tag","embeddable":true,"href":"http:\/\/www.korhanyilmaz.com\/index.php?rest_route=%2Fwp%2Fv2%2Ftags&post=40825"}],"curies":[{"name":"wp","href":"https:\/\/api.w.org\/{rel}","templated":true}]}}