{"id":40820,"date":"2011-10-07T19:45:53","date_gmt":"2011-10-07T16:45:53","guid":{"rendered":"http:\/\/www.korhanyilmaz.com\/?p=40820"},"modified":"2011-10-08T09:17:18","modified_gmt":"2011-10-08T06:17:18","slug":"bari-muvazzaf-subaylara-yol-verin","status":"publish","type":"post","link":"http:\/\/www.korhanyilmaz.com\/?p=40820","title":{"rendered":"&#8216;Bari muvazzaf subaylara yol verin&#8217;"},"content":{"rendered":"<p style=\"text-align: center;\"><a href=\"http:\/\/www.korhanyilmaz.com\/wp-content\/uploads\/2011\/10\/8004.jpg\"  class=\"lightview\"><img loading=\"lazy\" decoding=\"async\" class=\"aligncenter  wp-image-40821\" src=\"http:\/\/www.korhanyilmaz.com\/wp-content\/uploads\/2011\/10\/8004.jpg\" alt=\"\" width=\"396\" height=\"180\" \/><\/a><\/p>\n<p style=\"text-align: justify;\">Balyoz Plan\u0131 davas\u0131n\u0131n tutuklu san\u0131klar\u0131ndan eski 1. Ordu Komutan\u0131 emekli Orgeneral \u00c7etin Do\u011fan, &#8220;TSK, K\u0131br\u0131s&#8217;\u0131n g\u00fcneyine gidiyor. Donanman\u0131n yar\u0131s\u0131 parmakl\u0131klar arkas\u0131nda. Bari muvazzaf subaylara yol verin&#8221; dedi.<!--more--><\/p>\n<p style=\"text-align: justify;\">\u0130stanbul 10. A\u011f\u0131r Ceza Mahkemesindeki duru\u015fmada s\u00f6z alan Do\u011fan, dosyadaki dijital verilerin sahte oldu\u011funu belirterek, g\u00fcn\u00fcm\u00fcz teknolojisinde dijital verilerin basit bir \u015fekilde haz\u0131rlanabilece\u011fini s\u00f6yledi. Kara, deniz ve hava kuvvetleri subaylar\u0131n\u0131n tutuklu bulundu\u011funu s\u00f6yleyen Do\u011fan, \u201cTSK, K\u0131br\u0131s&#8217;\u0131n g\u00fcneyine gidiyor. Donanman\u0131n yar\u0131s\u0131 parmakl\u0131klar arkas\u0131nda. &#8216;Dijital belgelerde imza yok. Bunlar sahte&#8217; dedik komutanlar i\u00e7eride. L\u00fctfen, hayk\u0131r\u0131yorum. Biz yand\u0131k, \u00fclke gitmesin. Bari muvazzaf subaylara yol verin\u201d dedi.<\/p>\n<p style=\"text-align: justify;\">2002 y\u0131l\u0131n\u0131n a\u011fustos ay\u0131nda Kocaeli \u0130l Jandarma Komutanl\u0131\u011f\u0131 \u0130stihbarat \u015eube M\u00fcd\u00fcrl\u00fc\u011f\u00fcne atand\u0131\u011f\u0131n\u0131 belirten emekli Y\u00fczba\u015f\u0131 Mehmet Uluta\u015f da \u201cKocaeli&#8217;nde g\u00f6revlendirilecek personel listesinde bir \u00fcste\u011fmen olarak \u00fcst r\u00fctbeli personele nas\u0131l emir verebilirim? Bir \u00fcste\u011fmenin \u00fcstlerine emir vermesi yasa d\u0131\u015f\u0131 yollarla olsa dahi fiilen m\u00fcmk\u00fcn de\u011fildir\u201d diye konu\u015ftu. Ak\u0131l ve vicdanen su\u00e7suz oldu\u011funu belirten Uluta\u015f, yalan makinesi dahil her t\u00fcrl\u00fc bilimsel y\u00f6ntemin \u00fczerinde uygulanarak su\u00e7suzlu\u011funun ortaya \u00e7\u0131kar\u0131lmas\u0131n\u0131 istedi.<\/p>\n<p style=\"text-align: justify;\"><strong>\u00c7apraz sorgu<\/strong><\/p>\n<p style=\"text-align: justify;\">\u00c7apraz sorgusu s\u0131ras\u0131nda Cumhuriyet Savc\u0131s\u0131 Sava\u015f K\u0131rba\u015f, Uluta\u015f&#8217;\u0131n 37&#8217;nci celsede s\u00f6z alarak, \u201cBu salonda bulunan birileri g\u00f6z\u00fcm\u00fcze baka baka burada olmam\u0131za hala g\u00f6z yumuyorsa, bildikleri bir \u015fey varsa a\u00e7\u0131klas\u0131nlar&#8217; demi\u015fsiniz. Bunu a\u00e7\u0131klar m\u0131s\u0131n\u0131z?\u201d diye sordu. \u201cT\u00fcrkiye&#8217;de gelinen noktada darbelerin nas\u0131l oldu\u011fu belli. Hiyerar\u015fik yap\u0131 i\u00e7indeki faaliyetler\u201d diyen Uluta\u015f, \u201cBiz de b\u00f6yle bir su\u00e7lama ile kar\u015f\u0131 kar\u015f\u0131yay\u0131z. Herkes bir \u015feyler s\u00f6yl\u00fcyor. &#8216;Halil \u0130brahim F\u0131rt\u0131na, \u00e7\u0131ld\u0131raca\u011f\u0131n\u0131 s\u00f6yl\u00fcyor. Biz de \u00e7\u0131ld\u0131raca\u011f\u0131z. Burada ordu komutanlar\u0131 var. E\u011fer biliyorlarsa bunu s\u00f6ylesinler&#8217; diye s\u00f6yledim. O psikolojik ortamda bunlar\u0131 s\u00f6yledim. Sonraki d\u00f6nemde bu insanlar\u0131n, dijital verilerle bir ilgileri bulunmad\u0131\u011f\u0131n\u0131 g\u00f6rd\u00fcm\u201d \u015feklinde konu\u015ftu.<\/p>\n<p style=\"text-align: justify;\">Bunun \u00fczerine Savc\u0131 K\u0131rba\u015f, \u201cYapanlar kimse &#8216;\u00e7\u0131ks\u0131n ortaya s\u00f6ylesin&#8217; diyorsunuz. Bundan bir g\u00fcn sonra da Halil \u0130brahim F\u0131rt\u0131na benim anlad\u0131\u011f\u0131m gibi anlam\u0131\u015f ki \u00e7\u0131k\u0131p, &#8216;Ben olsam \u00e7\u0131kar s\u00f6ylerdim&#8217; diyor\u201d dedi. Belli bir psikolojik bask\u0131 alt\u0131nda olduklar\u0131n\u0131 ifade eden Uluta\u015f, \u201cHaddimi a\u015fm\u0131\u015f\u0131m demek ki&#8230; Bu kadar belge ortadayken ben nas\u0131l &#8216;Komutanlar\u0131m\u0131z yapm\u0131\u015f&#8217; diyebilirim?\u201d \u015feklinde konu\u015ftu.<\/p>\n<p style=\"text-align: justify;\"><strong>\u201cKomutan\u0131n verdi\u011fi g\u00f6revi yerine getirmezsen y\u00fckselemezsin\u201d<\/strong><\/p>\n<p style=\"text-align: justify;\">\u00dcye hakim Murat \u00dcr\u00fcnd\u00fc&#8217;n\u00fcn \u201cBurada beyanda bulunmaktan \u00e7ekindi\u011finiz bir durum var m\u0131?\u201d sorusuna da Uluta\u015f, \u201cHay\u0131r yok. Birileri bana konusu su\u00e7 olan hi\u00e7bir \u015fey yapt\u0131ramaz\u201d yan\u0131t\u0131n\u0131 verdi. Askeriyede emir komuta zinciri oldu\u011funu hat\u0131rlatan Uluta\u015f, d\u00fcnk\u00fc duru\u015fmada savunmas\u0131n\u0131 yapan san\u0131klardan Y\u00fcksel G\u00fcrcan&#8217;\u0131 an\u0131msatarak, \u201cY\u00fcksel G\u00fcrcan, kendine verilen g\u00f6revi yapmasayd\u0131 yarbay olamazd\u0131. Komutanlar\u0131n s\u00f6yledi\u011fini yapmad\u0131\u011f\u0131nda &#8216;Postal\u0131n boyas\u0131z&#8217;, &#8216;Sakal\u0131n var&#8217; \u015feklinde tacizler ba\u015flar\u201d diye konu\u015ftu.<\/p>\n<p style=\"text-align: justify;\">Duru\u015fma salonundaki di\u011fer san\u0131klar\u0131n \u201cSen kendi ad\u0131na konu\u015f. G\u00fcrcan ad\u0131na konu\u015fma\u201d \u015feklindeki s\u00f6zleri \u00fczerine Mahkeme Heyeti Ba\u015fkan\u0131 \u00d6mer Diken, m\u00fcdahale edilmemesi konusunda di\u011fer san\u0131klar\u0131 uyard\u0131. S\u00f6zlerini geri ald\u0131\u011f\u0131n\u0131 belirten Uluta\u015f&#8217;\u0131n \u201cBu konuda da haddimi a\u015fmayay\u0131m\u201d demesi \u00fczerine savc\u0131 K\u0131rba\u015f, tekrar araya girerek \u201cYine s\u00f6zlerinizi geri ald\u0131n\u0131z. Salondan sesler geldi\u011fi i\u00e7in geri ald\u0131n\u0131z. Darbe yapmak da su\u00e7. Komutanlar &#8216;Darbe yapaca\u011f\u0131z&#8217; dedi\u011finde, siz &#8216;Yok yasa d\u0131\u015f\u0131&#8217; diyemez misiniz?\u201d diye sordu.<\/p>\n<p style=\"text-align: justify;\">Uluta\u015f da G\u00fcrcan&#8217;\u0131n savunmas\u0131 s\u0131ras\u0131nda komutan\u0131 olan Arif \u00c7etin&#8217;in emir verdi\u011fini s\u00f6yledi\u011fini an\u0131msatarak, \u00c7etin&#8217;in san\u0131klar aras\u0131nda yer almad\u0131\u011f\u0131n\u0131 dile getirdi.<\/p>\n<p style=\"text-align: justify;\">Duru\u015fmada s\u00f6z alan baz\u0131 san\u0131klar da bir komutandan al\u0131nan yasa d\u0131\u015f\u0131 emrin onun \u00fcst\u00fcndeki ba\u015fka komutanlara bildirilebilece\u011fini belirterek, bu t\u00fcr emirlerin yaz\u0131l\u0131 olarak istenildi\u011fini belirttiler.<\/p>\n<p style=\"text-align: justify;\"><strong>MHP Milletvekili Alan&#8217;a ziyaret<\/strong><\/p>\n<p style=\"text-align: justify;\">Mehmet Uluta\u015f&#8217;a yasalar\u0131 hat\u0131rlatan \u00dcr\u00fcnd\u00fc&#8217;n\u00fcn \u201cE\u011fer savunman\u0131z\u0131 bu ortamda yapam\u0131yorsan\u0131z t\u00fcm san\u0131klar\u0131 ve izleyicileri d\u0131\u015far\u0131 \u00e7\u0131karabiliriz\u201d s\u00f6zlerine, baz\u0131 san\u0131klar da \u201cBiz de duru\u015fmadan gideriz o zaman\u201d diyerek tepki g\u00f6sterdi. Aralar\u0131nda emekli Albay Dursun \u00c7i\u00e7ek&#8217;in de bulundu\u011fu yakla\u015f\u0131k 10 san\u0131k, bir s\u00fcreli\u011fine duru\u015fma salonunu terk etti. \u00c7i\u00e7ek&#8217;in k\u0131z\u0131 ve ayn\u0131 zamanda avukat\u0131 olan \u0130rem \u00c7i\u00e7ek&#8217;in \u201cSiz yasa d\u0131\u015f\u0131 emir ald\u0131n\u0131z m\u0131?\u201d sorusuna Uluta\u015f, \u201cKesinlikle emir almad\u0131m. Orada haddimizi a\u015ft\u0131k, s\u00f6yledik\u201d yan\u0131t\u0131n\u0131 verdi.<\/p>\n<p style=\"text-align: justify;\">San\u0131k avukatlar\u0131ndan K\u00fcr\u015fat Veli Eren de dosyay\u0131 ilk ald\u0131\u011f\u0131nda 9 m\u00fcvekkili i\u00e7in akl\u0131nda soru i\u015faretleri oldu\u011funu belirerek, \u201cAncak akl\u0131mdan bu \u015f\u00fcphe gitti. Darbe planlar\u0131ndan haberi olup da bu salonda ya da d\u0131\u015farda konu\u015fmayan varsa, susuyorsa, \u015ferefsizdir\u201d dedi. Mahkeme Heyeti Ba\u015fkan\u0131 \u00d6mer Diken de yasalar\u0131n san\u0131\u011fa su\u00e7unu gizleme hakk\u0131n\u0131 tan\u0131d\u0131\u011f\u0131n\u0131 belirterek, \u201cS\u00f6zlerim yanl\u0131\u015f anla\u015f\u0131lmas\u0131n ben kimseye su\u00e7ludur demiyorum. Ancak hakaretvari su\u00e7lama hakk\u0131n\u0131z yok\u201d diye konu\u015ftu.<\/p>\n<p style=\"text-align: justify;\">Uluta\u015f&#8217;\u0131n avukat\u0131 Durgut Can da m\u00fcvekkilinin 2006 y\u0131l\u0131nda d\u00f6nemin \u0130\u00e7i\u015fleri Bakan\u0131 Abd\u00fclkadir Aksu&#8217;nun Sar\u0131gazi&#8217;de resmi bir a\u00e7\u0131l\u0131\u015fa geldi\u011fi s\u0131rada kendisinin de jandarma olarak g\u00fcvenlik \u00f6nlemi ald\u0131\u011f\u0131n\u0131 s\u00f6yledi. Uluta\u015f&#8217;\u0131n bu s\u0131rada yasa d\u0131\u015f\u0131 \u00f6rg\u00fct mensuplar\u0131nca yap\u0131lan ta\u015fl\u0131 ve sopal\u0131 sald\u0131r\u0131da kendisini korumak isterken ba\u015f\u0131ndan ve kolundan yaraland\u0131\u011f\u0131n\u0131 belirten Can, bir m\u00fcddet hastanede yatt\u0131\u011f\u0131n\u0131 ve hava de\u011fi\u015fimi alan m\u00fcvekkilinin bu olay\u0131n ard\u0131ndan takdirnameyle \u00f6d\u00fcllendirildi\u011fini ve kendisine nakdi tazminat \u00f6dendi\u011fini anlatt\u0131.<\/p>\n<p style=\"text-align: justify;\"><a href=\"http:\/\/www.radikal.com.tr\/Radikal.aspx?aType=RadikalDetayV3&amp;ArticleID=1065645&amp;Date=08.10.2011&amp;CategoryID=77\" target=\"_blank\">Kaynak : Radikal.com.tr<\/a><\/p>\n","protected":false},"excerpt":{"rendered":"<p style=\"text-align: center;\">\n<p style=\"text-align: justify;\">Balyoz Plan\u0131 davas\u0131n\u0131n tutuklu san\u0131klar\u0131ndan eski 1. Ordu Komutan\u0131 emekli Orgeneral \u00c7etin Do\u011fan, &#8220;TSK, K\u0131br\u0131s&#8217;\u0131n g\u00fcneyine gidiyor. Donanman\u0131n yar\u0131s\u0131 parmakl\u0131klar arkas\u0131nda. Bari muvazzaf subaylara yol verin&#8221; dedi.<\/p>\n","protected":false},"author":1,"featured_media":0,"comment_status":"open","ping_status":"open","sticky":false,"template":"","format":"standard","meta":{"footnotes":""},"categories":[105],"tags":[],"class_list":["post-40820","post","type-post","status-publish","format-standard","hentry","category-gundem","odd"],"_links":{"self":[{"href":"http:\/\/www.korhanyilmaz.com\/index.php?rest_route=\/wp\/v2\/posts\/40820","targetHints":{"allow":["GET"]}}],"collection":[{"href":"http:\/\/www.korhanyilmaz.com\/index.php?rest_route=\/wp\/v2\/posts"}],"about":[{"href":"http:\/\/www.korhanyilmaz.com\/index.php?rest_route=\/wp\/v2\/types\/post"}],"author":[{"embeddable":true,"href":"http:\/\/www.korhanyilmaz.com\/index.php?rest_route=\/wp\/v2\/users\/1"}],"replies":[{"embeddable":true,"href":"http:\/\/www.korhanyilmaz.com\/index.php?rest_route=%2Fwp%2Fv2%2Fcomments&post=40820"}],"version-history":[{"count":0,"href":"http:\/\/www.korhanyilmaz.com\/index.php?rest_route=\/wp\/v2\/posts\/40820\/revisions"}],"wp:attachment":[{"href":"http:\/\/www.korhanyilmaz.com\/index.php?rest_route=%2Fwp%2Fv2%2Fmedia&parent=40820"}],"wp:term":[{"taxonomy":"category","embeddable":true,"href":"http:\/\/www.korhanyilmaz.com\/index.php?rest_route=%2Fwp%2Fv2%2Fcategories&post=40820"},{"taxonomy":"post_tag","embeddable":true,"href":"http:\/\/www.korhanyilmaz.com\/index.php?rest_route=%2Fwp%2Fv2%2Ftags&post=40820"}],"curies":[{"name":"wp","href":"https:\/\/api.w.org\/{rel}","templated":true}]}}