{"id":40805,"date":"2011-10-08T02:12:36","date_gmt":"2011-10-07T23:12:36","guid":{"rendered":"http:\/\/www.korhanyilmaz.com\/?p=40805"},"modified":"2011-10-08T09:16:42","modified_gmt":"2011-10-08T06:16:42","slug":"avrupa-birliginden-turkiyeye-agir-odev","status":"publish","type":"post","link":"http:\/\/www.korhanyilmaz.com\/?p=40805","title":{"rendered":"Avrupa Birli\u011fi\u2019nden T\u00fcrkiye\u2019ye a\u011f\u0131r \u00f6dev"},"content":{"rendered":"<p style=\"text-align: center;\"><a href=\"http:\/\/www.korhanyilmaz.com\/wp-content\/uploads\/2011\/10\/8001.jpg\"  class=\"lightview\"><img loading=\"lazy\" decoding=\"async\" class=\"aligncenter  wp-image-40806\" src=\"http:\/\/www.korhanyilmaz.com\/wp-content\/uploads\/2011\/10\/8001.jpg\" alt=\"\" width=\"396\" height=\"207\" \/><\/a><\/p>\n<p style=\"text-align: justify;\">AB\u2019nin, 12 Ekim\u2019de a\u00e7\u0131klayaca\u011f\u0131 T\u00fcrkiye\u2019nin \u2018yapmas\u0131 gerekenleri\u2019 i\u00e7eren Strateji Belgesi\u2019ni Milliyet ele ge\u00e7irdi. Belgede bas\u0131n \u00f6zg\u00fcrl\u00fc\u011f\u00fc, yolsuzluk ve polisin orant\u0131s\u0131z g\u00fc\u00e7 kullan\u0131m\u0131na yap\u0131lan vurgular \u00f6ne \u00e7\u0131k\u0131yor.<\/p>\n<p style=\"text-align: justify;\">Avrupa Birli\u011fi Komisyonu taraf\u0131ndan her y\u0131l \u0130lerleme Raporu\u2019yla birlikte yay\u0131mlanan ve bir bak\u0131ma aday \u00fclkelerin yol haritas\u0131n\u0131 \u00e7izen Strateji Belgesi, T\u00fcrkiye\u2019nin ev \u00f6devinin h\u00e2l\u00e2 olduk\u00e7a a\u011f\u0131r oldu\u011funu ortaya koyuyor.<!--more--><\/p>\n<p style=\"text-align: justify;\">Milliyet\u2019in ula\u015ft\u0131\u011f\u0131 belgede, eksiklerin at\u0131lan ad\u0131mlar\u0131 g\u00f6lgede b\u0131rakt\u0131\u011f\u0131 bir denge s\u00f6z konusu. 12 Ekim\u2019de a\u00e7\u0131klanmas\u0131 \u00f6ng\u00f6r\u00fclen belgede \u00f6ne \u00e7\u0131kan mesajlar \u015funlar:<\/p>\n<p style=\"text-align: justify;\">&#8211; <strong>Siyasi kriterler:<\/strong> \u00c7o\u011fu alanda temel haklar\u0131 g\u00fc\u00e7lendirmek i\u00e7in belirgin ad\u0131mlar at\u0131lmas\u0131 gerekiyor.<\/p>\n<p style=\"text-align: justify;\">&#8211; <strong>Hukukun \u00fcst\u00fcnl\u00fc\u011f\u00fc:<\/strong> Savunma hakk\u0131n\u0131 ve davalar\u0131n me\u015fruiyetini etkileyen soru\u015fturmalar\u0131n y\u00fcr\u00fct\u00fclmesi ve yarg\u0131 s\u00fcreci konusunda ciddi endi\u015feler var.<\/p>\n<p style=\"text-align: justify;\">&#8211; <strong>Asker-sivil:<\/strong> \u0130yi ilerleme sa\u011fland\u0131. \u0130\u00e7 g\u00fcvenlik sekt\u00f6r\u00fc, \u00f6zellikle de jandarma konusunda, sivillerin denetimini g\u00fc\u00e7lendirecek daha fazla reform gerekli. Askeri yarg\u0131 alan\u0131nda ilerleme s\u00fcrmeli.<\/p>\n<p style=\"text-align: justify;\">&#8211; <strong>Yarg\u0131:<\/strong> Ceza davalar\u0131nda y\u0131\u011f\u0131lma var. Al\u0131nan \u00f6nlemlerin yarg\u0131 d\u00fcnyas\u0131 ve sivil toplum aras\u0131nda b\u00f6l\u00fcnme yaratt\u0131\u011f\u0131 da dikkate al\u0131narak uygulama izlenmeli. Mahkeme ya da savc\u0131l\u0131k, kamu \u00e7\u0131kar\u0131na olan konularda yeterli bilgilendirmede bulunmuyor.<\/p>\n<p style=\"text-align: justify;\">&#8211; <strong>Yolsuzluk:<\/strong> Bir\u00e7ok alanda yolsuzluk yayg\u0131n olmay\u0131 s\u00fcrd\u00fcr\u00fcyor. Siyasi partilerin finansman\u0131 konusundaki \u015feffafl\u0131k eksikli\u011fi ve dokunulmazl\u0131klar\u0131n kapsam\u0131 sorun olmay\u0131 s\u00fcrd\u00fcr\u00fcyor.<\/p>\n<p style=\"text-align: justify;\">&#8211; <strong>Demokratik a\u00e7\u0131l\u0131m:<\/strong> 2009 a\u00e7\u0131l\u0131m\u0131n\u0131n devam\u0131 gelmedi. Se\u00e7ilmi\u015f politikac\u0131lar\u0131n ve insan haklar\u0131 savunucular\u0131n\u0131n tutuklanmas\u0131 endi\u015fe yarat\u0131yor. May\u0131nlar ve koruculuk sistemi h\u00e2l\u00e2 endi\u015fe unsuru.<\/p>\n<p style=\"text-align: justify;\">&#8211; <strong>K\u00f6t\u00fc muamele:<\/strong> Orant\u0131s\u0131z g\u00fc\u00e7 kullan\u0131m\u0131 s\u00fcr\u00fcyor. \u00d6zellikle tutuklama s\u0131ras\u0131nda uygulanan a\u015f\u0131r\u0131 g\u00fc\u00e7le ba\u011flant\u0131l\u0131 fiziki k\u00f6t\u00fc muamele olaylar\u0131 konusunda inand\u0131r\u0131c\u0131 su\u00e7lamalar mevcut. K\u00f6t\u00fc muamelede bulunan yetkililerin cezaland\u0131r\u0131lmas\u0131 konusunda ilerleme yok.<\/p>\n<p style=\"text-align: justify;\">&#8211; <strong>Bas\u0131n \u00f6zg\u00fcrl\u00fc\u011f\u00fc:<\/strong> Gazetecilere y\u00f6nelik davalar otosans\u00fcre neden oluyor. Otosans\u00fcr ve bas\u0131n \u00fczerindeki a\u015f\u0131r\u0131 bask\u0131 ciddi endi\u015fe kayna\u011f\u0131 olu\u015fturuyor. Mevcut yasal d\u00fczenlemeler ifade \u00f6zg\u00fcrl\u00fc\u011f\u00fcn\u00fcn Avrupa standartlar\u0131nda korunmas\u0131 i\u00e7in yeterli de\u011fil.<\/p>\n<p style=\"text-align: justify;\">&#8211;<strong> K\u0131br\u0131s:<\/strong> \u0130yi kom\u015fuluk ili\u015fkilerini ve sorunlar\u0131n bar\u0131\u015f\u00e7\u0131l \u00e7\u00f6z\u00fcm\u00fcn\u00fc engelleyecek her t\u00fcrl\u00fc tehdit, s\u00fcrt\u00fc\u015fme ve eylemden ka\u00e7\u0131n\u0131lmal\u0131.<\/p>\n<p style=\"text-align: justify;\">&#8211; <strong>D\u0131\u015f politika:<\/strong> \u0130ran, Libya ve Suriye konusunda AB\u2019nin ald\u0131\u011f\u0131 yapt\u0131r\u0131m kararlar\u0131na T\u00fcrkiye uymad\u0131. Yunanistan, Irak ve b\u00f6lgesel K\u00fcrt y\u00f6netimiyle ili\u015fkileri normalle\u015ftirme konusunda ad\u0131m at\u0131l\u0131rken Ermenistan\u2019la ilerleme sa\u011flanmad\u0131.<\/p>\n<p style=\"text-align: justify;\">&#8211;<strong> Kad\u0131n haklar\u0131:<\/strong> Yasal \u00e7er\u00e7evenin siyasi, sosyal ve ekonomik bir ger\u00e7e\u011fe d\u00f6n\u00fc\u015ft\u00fcr\u00fclmesi gerekiyor. Namus cinayetleri, zorla evlendirme ve kad\u0131na y\u00f6nelik \u015fiddet ciddi sorun olmay\u0131 s\u00fcrd\u00fcr\u00fcyor.<\/p>\n<p style=\"text-align: justify;\">&#8211; <strong>Az\u0131nl\u0131klar\u0131n korunmas\u0131:<\/strong> \u00d6zellikle ifade \u00f6zg\u00fcrl\u00fc\u011f\u00fc ve dini \u00f6zg\u00fcrl\u00fckler alan\u0131nda \u00f6nemli \u00e7aba harcanmas\u0131 gerekiyor. Az\u0131nl\u0131klara y\u00f6nelik k\u0131s\u0131tlay\u0131c\u0131 bir yakla\u015f\u0131m sergileniyor. Dilsel, k\u00fclt\u00fcrel ve temel haklara tam sayg\u0131 seviyesine ula\u015f\u0131lmad\u0131.<\/p>\n<p style=\"text-align: justify;\">&#8211; <strong>Dini \u00f6zg\u00fcrl\u00fckler:<\/strong> Dini az\u0131nl\u0131k mensuplar\u0131 a\u015f\u0131r\u0131 u\u00e7lar\u0131n tehditleriyle kar\u015f\u0131 kar\u015f\u0131ya.<\/p>\n<p style=\"text-align: justify;\">&#8211; <strong>Sendikal haklar:<\/strong> Mevcut yasal \u00e7er\u00e7eve Avrupa standartlar\u0131 ve Uluslararas\u0131 \u00c7al\u0131\u015fma \u00d6rg\u00fct\u00fc S\u00f6zle\u015fmesi\u2019yle uyumlu de\u011fil.<\/p>\n<p style=\"text-align: justify;\"><a href=\"http:\/\/dunya.milliyet.com.tr\/avrupa-birligi-nden-turkiye-ye-agir-odev\/dunya\/dunyadetay\/08.10.2011\/1448193\/default.htm\" target=\"_blank\">Kaynak : Milliyet.com.tr<\/a><\/p>\n","protected":false},"excerpt":{"rendered":"<p style=\"text-align: center;\">\n<p style=\"text-align: justify;\">AB\u2019nin, 12 Ekim\u2019de a\u00e7\u0131klayaca\u011f\u0131 T\u00fcrkiye\u2019nin \u2018yapmas\u0131 gerekenleri\u2019 i\u00e7eren Strateji Belgesi\u2019ni Milliyet ele ge\u00e7irdi. Belgede bas\u0131n \u00f6zg\u00fcrl\u00fc\u011f\u00fc, yolsuzluk ve polisin orant\u0131s\u0131z g\u00fc\u00e7 kullan\u0131m\u0131na yap\u0131lan vurgular \u00f6ne \u00e7\u0131k\u0131yor.<\/p>\n<p style=\"text-align: justify;\">Avrupa Birli\u011fi Komisyonu taraf\u0131ndan her y\u0131l \u0130lerleme Raporu\u2019yla birlikte yay\u0131mlanan ve bir bak\u0131ma aday \u00fclkelerin yol haritas\u0131n\u0131 \u00e7izen Strateji Belgesi, T\u00fcrkiye\u2019nin ev <\/p>\n","protected":false},"author":1,"featured_media":0,"comment_status":"open","ping_status":"open","sticky":false,"template":"","format":"standard","meta":{"footnotes":""},"categories":[105],"tags":[],"class_list":["post-40805","post","type-post","status-publish","format-standard","hentry","category-gundem","odd"],"_links":{"self":[{"href":"http:\/\/www.korhanyilmaz.com\/index.php?rest_route=\/wp\/v2\/posts\/40805","targetHints":{"allow":["GET"]}}],"collection":[{"href":"http:\/\/www.korhanyilmaz.com\/index.php?rest_route=\/wp\/v2\/posts"}],"about":[{"href":"http:\/\/www.korhanyilmaz.com\/index.php?rest_route=\/wp\/v2\/types\/post"}],"author":[{"embeddable":true,"href":"http:\/\/www.korhanyilmaz.com\/index.php?rest_route=\/wp\/v2\/users\/1"}],"replies":[{"embeddable":true,"href":"http:\/\/www.korhanyilmaz.com\/index.php?rest_route=%2Fwp%2Fv2%2Fcomments&post=40805"}],"version-history":[{"count":0,"href":"http:\/\/www.korhanyilmaz.com\/index.php?rest_route=\/wp\/v2\/posts\/40805\/revisions"}],"wp:attachment":[{"href":"http:\/\/www.korhanyilmaz.com\/index.php?rest_route=%2Fwp%2Fv2%2Fmedia&parent=40805"}],"wp:term":[{"taxonomy":"category","embeddable":true,"href":"http:\/\/www.korhanyilmaz.com\/index.php?rest_route=%2Fwp%2Fv2%2Fcategories&post=40805"},{"taxonomy":"post_tag","embeddable":true,"href":"http:\/\/www.korhanyilmaz.com\/index.php?rest_route=%2Fwp%2Fv2%2Ftags&post=40805"}],"curies":[{"name":"wp","href":"https:\/\/api.w.org\/{rel}","templated":true}]}}