{"id":40775,"date":"2011-10-07T13:33:39","date_gmt":"2011-10-07T10:33:39","guid":{"rendered":"http:\/\/www.korhanyilmaz.com\/?p=40775"},"modified":"2011-10-08T09:47:52","modified_gmt":"2011-10-08T06:47:52","slug":"ahmet-turke-hapis-soku","status":"publish","type":"post","link":"http:\/\/www.korhanyilmaz.com\/?p=40775","title":{"rendered":"Ahmet T\u00fcrk&#8217;e hapis \u015foku"},"content":{"rendered":"<p style=\"text-align: center;\"><a href=\"http:\/\/www.korhanyilmaz.com\/wp-content\/uploads\/2011\/10\/7154.jpg\"  class=\"lightview\"><img loading=\"lazy\" decoding=\"async\" class=\"aligncenter  wp-image-40776\" src=\"http:\/\/www.korhanyilmaz.com\/wp-content\/uploads\/2011\/10\/7154.jpg\" alt=\"\" width=\"396\" height=\"180\" \/><\/a><\/p>\n<p style=\"text-align: justify;\">Ahmet T\u00fcrk hakk\u0131nda, milletvekilli\u011fi d\u00fc\u015f\u00fcr\u00fclmeden \u00f6nce yapt\u0131\u011f\u0131 7 ayr\u0131 konu\u015fmas\u0131 nedeniyle 35 y\u0131la kadar hapis cezas\u0131 istendi.<\/p>\n<p style=\"text-align: justify;\">D\u0130YARBAKIR- Mardin Ba\u011f\u0131ms\u0131z Milletvekili ve DemokratiK Toplum Kongresi (DTK) Genel Ba\u015fkan\u0131 Ahmet T\u00fcrk hakk\u0131nda, milletvekilli\u011fi d\u00fc\u015f\u00fcr\u00fclmeden \u00f6nce 2008 ve 2009 y\u0131llar\u0131nda yapt\u0131\u011f\u0131 7 ayr\u0131 konu\u015fmas\u0131 nedeniyle yarg\u0131land\u0131\u011f\u0131 davada, savc\u0131 35 y\u0131la kadar hapis cezas\u0131 istedi.\u00a0<!--more--><\/p>\n<p style=\"text-align: justify;\">Mahkeme, T\u00fcrk&#8217;\u00fcn yeniden milletvekili se\u00e7ilmesi nedeniyle hakk\u0131ndaki yarg\u0131laman\u0131n durdurulmas\u0131 talebini, &#8216;yasama dokunulmazl\u0131\u011f\u0131&#8217; kapsam\u0131nda kalmad\u0131\u011f\u0131 gerek\u00e7esiyle kabul etmedi.<\/p>\n<p style=\"text-align: justify;\">Diyarbak\u0131r 6&#8217;nc\u0131 A\u011f\u0131r Ceza Mahkemesi&#8217;nde g\u00f6r\u00fclen davaya san\u0131k Ahmet T\u00fcrk kat\u0131lmazken, avukat\u0131 Fethi G\u00fcm\u00fc\u015f haz\u0131r bulundu. Savc\u0131, haz\u0131rlad\u0131\u011f\u0131 m\u00fctalaas\u0131nda, T\u00fcrk&#8217;\u00fcn 2006 ile 2009 y\u0131l\u0131nda yapt\u0131\u011f\u0131 2 ayr\u0131 konu\u015fmas\u0131nda &#8216;Ter\u00f6r \u00f6rg\u00fct\u00fc propagandas\u0131 yapmak&#8217; su\u00e7undan 10 y\u0131la kadar hapis istemiyle dava a\u00e7\u0131ld\u0131\u011f\u0131 hat\u0131rlatt\u0131. M\u00fctalaada Ahmet T\u00fcrk&#8217;\u00fcn dosya kapsam\u0131nda ter\u00f6r \u00f6rg\u00fct\u00fc propagandas\u0131 yapt\u0131\u011f\u0131na dair kesin delil elde edilmedi\u011finden dolay\u0131 2 ayr\u0131 dosyadan beraat\u0131n\u0131 istendi.<\/p>\n<p style=\"text-align: justify;\">T\u00fcrk&#8217;\u00fcn Anayasa Mahkemesi&#8217;nce kapat\u0131lan DTP&#8217;nin Genel Ba\u015fkan\u0131 ve Mardin Milletvekili oldu\u011fu 2008 y\u0131l\u0131nda Diyarbak\u0131r&#8217;daki Nevruz konu\u015fmas\u0131na dikkat \u00e7ekilen m\u00fctalaada, &#8220;Bug\u00fcn \u0130mral\u0131&#8217;da say\u0131n \u00d6calan \u00e7ok a\u00e7\u0131k mesajlar geliyor ve diyor ki bu kan art\u0131k dursun, bu \u00fclkenin bar\u0131\u015fa ihtiyac\u0131 var. CPT raporunda oradaki ko\u015fullar\u0131n ya\u015fanmayacak olmas\u0131na ra\u011fmen bar\u0131\u015f diyor. Bar\u0131\u015f i\u00e7in karde\u015flik i\u00e7in oran\u0131n \u015fartlar\u0131 d\u00fczelsin, bu bir insan\u0131 taleptir. Bu bar\u0131\u015f\u0131n kap\u0131s\u0131n\u0131 aralayacak ilk ad\u0131m\u0131 olarak de\u011ferlendirilmeli&#8221; dedi\u011fi kaydedildi. M\u00fctalaada, Ahmet T\u00fcrk&#8217;\u00fcn Ekim 2008&#8217;de Diyarbak\u0131r ve Mardin&#8217;de yapt\u0131\u011f\u0131 konu\u015fmalar ile 2009 Diyarbak\u0131r Nevruz kutlamas\u0131 ile 2009 Batman&#8217;daki konu\u015fmalar\u0131nda \u00d6calan&#8217;a \u00f6zg\u00fcr b\u0131rak\u0131lmas\u0131n\u0131 istedi\u011fine yer verdi.<\/p>\n<p style=\"text-align: justify;\"><strong>&#8216;\u00d6RG\u00dcTLE HAREKET ED\u0130YOR&#8217; \u0130DD\u0130ASI<\/strong><\/p>\n<p style=\"text-align: justify;\">Ahmet T\u00fcrk&#8217;\u00fcn, PKK eleba\u015f\u0131 Abdullah \u00d6calan&#8217;dan &#8216; K\u00fcrt halk \u00f6nderi&#8217; olarak bahsetti\u011finin vurguland\u0131\u011f\u0131 m\u00fctalaada, san\u0131\u011f\u0131n \u00d6calan&#8217;n g\u00f6r\u00fc\u015flerini s\u00fcrekli g\u00fcndemde tutarak, sempatizanlar\u0131 aras\u0131nda benimsenmesi, k\u00f6kle\u015fmesi ve derinle\u015fmesine y\u00f6nelik \u00f6rg\u00fct\u00fcn s\u00f6ylemleri ve y\u00f6nlendirmesi do\u011frultusunda hareket etti\u011fi savunuldu. San\u0131\u011f\u0131n konu\u015fmalar\u0131nda ter\u00f6r \u00f6rg\u00fct\u00fc propagandas\u0131 yapt\u0131\u011f\u0131 gerek\u00e7esiyle, 5&#8217;er kez 25 y\u0131la kadar hapis cezas\u0131yla cezaland\u0131r\u0131lmas\u0131 istendi. Savc\u0131, T\u00fcrk&#8217;\u00fcn ayr\u0131ca &#8216;\u00d6rg\u00fcte \u00fcye olmamakla birlikte \u00f6rg\u00fct ad\u0131na su\u00e7 i\u015flemek&#8217; su\u00e7undan da 10 y\u0131la kadar olmak \u00fczere toplam 35 y\u0131la kadar hapis cezas\u0131yla cezaland\u0131r\u0131lmas\u0131n\u0131 talep etti.<\/p>\n<p style=\"text-align: justify;\"><strong>&#8216;YARGILAMA DURSUN&#8217; TALEB\u0130<\/strong><\/p>\n<p style=\"text-align: justify;\">Mardin Ba\u011f\u0131ms\u0131z Milletvekili Ahmet T\u00fcrk&#8217;\u00fcn avukat\u0131 Fethi G\u00fcm\u00fc\u015f, m\u00fcvekkilinin yapt\u0131\u011f\u0131 konu\u015fmalar\u0131n \u00f6rg\u00fct propagandas\u0131 su\u00e7u kapsam\u0131nda kald\u0131\u011f\u0131n\u0131 ileri s\u00fcrd\u00fc. G\u00fcm\u00fc\u015f, T\u00fcrk&#8217;\u00fcn milletvekili se\u00e7ildi\u011fini bu nedenle, dava dosyas\u0131n\u0131n Anayasa&#8217;n\u0131n 83&#8217;\u00fcnc\u00fc maddesi kapsam\u0131nda de\u011ferlendirilerek, yarg\u0131laman\u0131n durdurulmas\u0131n\u0131 talep etti.<\/p>\n<p style=\"text-align: justify;\">Mahkeme ise, Anayasa&#8217;n\u0131n 83&#8217;\u00fcnc\u00fc ve 14&#8217;\u00fcnc\u00fc maddeleri ile Yarg\u0131tay&#8217;\u0131n i\u00e7tihatlar\u0131na at\u0131f yaparak, T\u00fcrk hakk\u0131ndaki su\u00e7lar\u0131n Ter\u00f6rle M\u00fccadele Yasas\u0131 kapsam\u0131nda kald\u0131\u011f\u0131n\u0131 bildirdi. Mahkeme T\u00fcrk hakk\u0131nda yarg\u0131laman\u0131n durdurulmas\u0131 y\u00f6n\u00fcndeki talebi \u015fu gerek\u00e7elerle reddetti:<\/p>\n<p style=\"text-align: justify;\">&#8220;San\u0131\u011f\u0131n yeniden milletvekili se\u00e7ilmi\u015f olmas\u0131, san\u0131k hakk\u0131nda se\u00e7imden \u00f6nce soru\u015fturmaya ba\u015flanm\u0131\u015f ve hatta kamu davas\u0131 a\u00e7\u0131lm\u0131\u015f olmas\u0131 g\u00f6z \u00f6n\u00fcne al\u0131nd\u0131\u011f\u0131nda; s\u00f6z konusu yarg\u0131lamada san\u0131\u011f\u0131n Anayasa&#8217;n\u0131n 83&#8217;\u00fcnc\u00fc maddesinde d\u00fczenlenen &#8216;Yasama dokunulmazl\u0131\u011f\u0131&#8217; kapsam\u0131nda kalmad\u0131\u011f\u0131 anla\u015f\u0131lm\u0131\u015ft\u0131r. Anayasa&#8217;n\u0131n 83&#8217;\u00fcnc\u00fc maddesi h\u00fckm\u00fc g\u00f6z \u00f6n\u00fcne al\u0131narak, san\u0131k hakk\u0131ndaki kamu davas\u0131n\u0131n durmas\u0131 y\u00f6n\u00fcndeki talebin reddine oy birli\u011fiyle karar verilmi\u015ftir.&#8221;<\/p>\n<p style=\"text-align: justify;\"><a href=\"http:\/\/www.gazeteport.com.tr\/haber\/56417\/ahmet_turke_hapis_soku\" target=\"_blank\">Kaynak : GAZETEPORT<\/a><\/p>\n","protected":false},"excerpt":{"rendered":"<p style=\"text-align: center;\">\n<p style=\"text-align: justify;\">Ahmet T\u00fcrk hakk\u0131nda, milletvekilli\u011fi d\u00fc\u015f\u00fcr\u00fclmeden \u00f6nce yapt\u0131\u011f\u0131 7 ayr\u0131 konu\u015fmas\u0131 nedeniyle 35 y\u0131la kadar hapis cezas\u0131 istendi.<\/p>\n<p style=\"text-align: justify;\">D\u0130YARBAKIR- Mardin Ba\u011f\u0131ms\u0131z Milletvekili ve DemokratiK Toplum Kongresi (DTK) Genel Ba\u015fkan\u0131 Ahmet T\u00fcrk hakk\u0131nda, milletvekilli\u011fi d\u00fc\u015f\u00fcr\u00fclmeden \u00f6nce 2008 ve 2009 y\u0131llar\u0131nda yapt\u0131\u011f\u0131 7 ayr\u0131 konu\u015fmas\u0131 nedeniyle yarg\u0131land\u0131\u011f\u0131 davada, savc\u0131 35 y\u0131la <\/p>\n","protected":false},"author":1,"featured_media":0,"comment_status":"open","ping_status":"open","sticky":false,"template":"","format":"standard","meta":{"footnotes":""},"categories":[105],"tags":[],"class_list":["post-40775","post","type-post","status-publish","format-standard","hentry","category-gundem","odd"],"_links":{"self":[{"href":"http:\/\/www.korhanyilmaz.com\/index.php?rest_route=\/wp\/v2\/posts\/40775","targetHints":{"allow":["GET"]}}],"collection":[{"href":"http:\/\/www.korhanyilmaz.com\/index.php?rest_route=\/wp\/v2\/posts"}],"about":[{"href":"http:\/\/www.korhanyilmaz.com\/index.php?rest_route=\/wp\/v2\/types\/post"}],"author":[{"embeddable":true,"href":"http:\/\/www.korhanyilmaz.com\/index.php?rest_route=\/wp\/v2\/users\/1"}],"replies":[{"embeddable":true,"href":"http:\/\/www.korhanyilmaz.com\/index.php?rest_route=%2Fwp%2Fv2%2Fcomments&post=40775"}],"version-history":[{"count":0,"href":"http:\/\/www.korhanyilmaz.com\/index.php?rest_route=\/wp\/v2\/posts\/40775\/revisions"}],"wp:attachment":[{"href":"http:\/\/www.korhanyilmaz.com\/index.php?rest_route=%2Fwp%2Fv2%2Fmedia&parent=40775"}],"wp:term":[{"taxonomy":"category","embeddable":true,"href":"http:\/\/www.korhanyilmaz.com\/index.php?rest_route=%2Fwp%2Fv2%2Fcategories&post=40775"},{"taxonomy":"post_tag","embeddable":true,"href":"http:\/\/www.korhanyilmaz.com\/index.php?rest_route=%2Fwp%2Fv2%2Ftags&post=40775"}],"curies":[{"name":"wp","href":"https:\/\/api.w.org\/{rel}","templated":true}]}}