{"id":40757,"date":"2011-10-07T10:24:31","date_gmt":"2011-10-07T07:24:31","guid":{"rendered":"http:\/\/www.korhanyilmaz.com\/?p=40757"},"modified":"2011-10-24T01:39:32","modified_gmt":"2011-10-23T22:39:32","slug":"basbakanin-aci-gunu","status":"publish","type":"post","link":"http:\/\/www.korhanyilmaz.com\/?p=40757","title":{"rendered":"Ba\u015fbakan&#8217;\u0131n ac\u0131 g\u00fcn\u00fc"},"content":{"rendered":"<p style=\"text-align: center;\"><a href=\"http:\/\/www.korhanyilmaz.com\/wp-content\/uploads\/2011\/10\/7152.jpg\"  class=\"lightview\"><img loading=\"lazy\" decoding=\"async\" class=\"aligncenter  wp-image-40759\" src=\"http:\/\/www.korhanyilmaz.com\/wp-content\/uploads\/2011\/10\/7152.jpg\" alt=\"\" width=\"480\" height=\"204\" \/><\/a><\/p>\n<p style=\"text-align: justify;\">Ba\u015fbakan Erdo\u011fan&#8217;\u0131n ge\u00e7en hafta safra kesesi ameliyat\u0131 olan annesi Tenzile Erdo\u011fan tedavi g\u00f6rd\u00fc\u011f\u00fc hastanede hayat\u0131n\u0131 kaybetti.<\/p>\n<p style=\"text-align: justify;\">\u0130STANBUL &#8211; Kad\u0131k\u00f6y&#8217;deki Medipol Hastanesinde bir s\u00fcredir tedavi alt\u0131nda bulunan Tenzile Erdo\u011fan bu sabah 09.15&#8217;te hayat\u0131n\u0131 kaybetti. Safra kesesi ameliyat\u0131 olan Tenzile Erdo\u011fan yakla\u015f\u0131k bir haftad\u0131r hastanede tedavi g\u00f6r\u00fcyordu.\u00a0<!--more--><\/p>\n<p style=\"text-align: justify;\">Erdo\u011fan&#8217;\u0131n annesi Tenzile Erdo\u011fan, 30 Eyl\u00fcl&#8217;de saat 18.00 civar\u0131nda kar\u0131n a\u011fr\u0131s\u0131 ve y\u00fcksek ate\u015f \u015fikayetleriyle hastaneye kald\u0131r\u0131lm\u0131\u015ft\u0131. Yap\u0131lan klinik radyolojik ve laboratuvar tetkikler sonucunda Tenzile Erdo\u011fan&#8217;a akut kolesistit tan\u0131s\u0131 konulmu\u015f, gerekli ameliyat haz\u0131rl\u0131klar\u0131n\u0131 takiben, 1 Ekim saat 11.00&#8217;de hastane hekimlerinden Prof. Dr. Hasan Ta\u015f\u00e7\u0131 ba\u015fkanl\u0131\u011f\u0131ndaki ekip taraf\u0131ndan kolesistektomi (safra kesesinin al\u0131nmas\u0131) operasyonu ger\u00e7ekle\u015ftirilmi\u015fti.<\/p>\n<p style=\"text-align: justify;\"><strong><a href=\"http:\/\/www.korhanyilmaz.com\/wp-content\/uploads\/2011\/10\/7151.jpg\"  class=\"lightview\"><img loading=\"lazy\" decoding=\"async\" class=\"alignleft  wp-image-40753\" style=\"margin-left: 10px; margin-right: 10px;\" src=\"http:\/\/www.korhanyilmaz.com\/wp-content\/uploads\/2011\/10\/7151.jpg\" alt=\"\" width=\"308\" height=\"253\" \/><\/a>&#8220;ANNEM \u0130Y\u0130 DUA ED\u0130N&#8221; DEM\u0130\u015eT\u0130<\/strong><\/p>\n<p style=\"text-align: justify;\">Ba\u015fbakan Erdo\u011fan, G\u00fcney Afrika ziyaretine \u00e7\u0131kmadan \u00f6nce safra kesesi ameliyat\u0131 olan annesini ziyaret etmi\u015f, &#8220;Annem iyi ama dua edin. Daha iyi. Daha iyi olmasa yola \u00e7\u0131kmazd\u0131m. Birka\u00e7 g\u00fcne hastaneden \u00e7\u0131kacak. Dua edin\u201d demi\u015fti.<\/p>\n<p style=\"text-align: justify;\"><strong>BURSA PROGRAMINI \u0130PTAL ETT\u0130<\/strong><\/p>\n<p style=\"text-align: justify;\">Ba\u015fbakan Erdo\u011fan&#8217;\u0131n annesinin vefat\u0131 \u00fczerine yar\u0131nki Bursa gezisini iptal etti\u011fi \u00f6\u011frenildi.<\/p>\n<p style=\"text-align: justify;\"><strong>TAZ\u0130YE VE CENAZE NAMAZI \u0130\u00c7\u0130N HALK U\u00c7AKLARA AKIN ETT\u0130<\/strong><\/p>\n<p style=\"text-align: justify;\">Ba\u015fbakan Recep Tayyip Erdo\u011fan&#8217;\u0131n annesi Tenzile Erdo\u011fan&#8217;a taziyelerde bulunmak ve \u0130stanbul&#8217;da yap\u0131lacak olan cenaze namaz\u0131na kat\u0131lmak i\u00e7in \u00e7e\u015fitli illerde ya\u015fayanlar, \u0130stanbul&#8217;a gelebilmek i\u00e7in \u015fimdiden havayolu \u015firketlerine y\u00f6neldi.<\/p>\n<p style=\"text-align: justify;\">\u0130stanbul d\u0131\u015f\u0131ndan taziye ve cenaze namaz\u0131 i\u00e7in Tenzile Erdo\u011fan&#8217;\u0131n vefat haberinden sonra ba\u015fta THY olmak \u00fczere di\u011fer havayolu \u015firketlerinin u\u00e7ak seferlerine vatanda\u015flar rezervasyon yapt\u0131rmaya ba\u015flad\u0131lar.<\/p>\n<p style=\"text-align: justify;\">Tenzile Erdo\u011fan&#8217;\u0131n cenaze namaz\u0131na kat\u0131lmak i\u00e7in u\u00e7aklarla \u00e7ok say\u0131da ki\u015finin \u0130stanbul&#8217;a gelmesi bekleniyor. Yine \u0130stanbul&#8217;a tarifeli sefer say\u0131s\u0131 yetersiz olan illerden de cenaze t\u00f6renine kat\u0131lmak i\u00e7in partililerin u\u00e7ak kiralama yoluna gidece\u011fi \u00f6\u011frenildi. Ba\u015fbakan Recep Tayyip Erdo\u011fan&#8217;\u0131n annesi Tenzile Erdo\u011fan, yar\u0131n Fatih Camisi&#8217;nde \u00f6\u011fle vakti k\u0131l\u0131nacak cenaze namaz\u0131n\u0131n ard\u0131ndan Karacaahmet Mezarl\u0131\u011f\u0131&#8217;nda topra\u011fa verilecek.<\/p>\n<p style=\"text-align: justify;\"><strong>TAZ\u0130YE \u0130\u00c7\u0130N \u00c7OK SAYIDA K\u0130\u015e\u0130 HASTANEDE<\/strong><\/p>\n<p style=\"text-align: justify;\">Ba\u015fbakan Recep Tayyip Erdo\u011fan&#8217;\u0131n annesi Tenzile Erdo\u011fan&#8217;\u0131n vefat etti\u011fi hastaneye taziye ziyareti i\u00e7in \u00e7ok say\u0131da ki\u015fi geliyor. AK Parti Genel Ba\u015fkan Yard\u0131mc\u0131s\u0131 \u00d6mer \u00c7elik, Tar\u0131m ve Hayvanc\u0131l\u0131k Bakan\u0131 Mehdi Eker, \u0130stanbul B\u00fcy\u00fck\u015fehir Belediye Ba\u015fkan\u0131 Kadir Topba\u015f, AK parti \u0130stanbul \u0130l Ba\u015fkan\u0131 Aziz Babu\u015fcu, \u015ei\u015fli Belediye Ba\u015fkan\u0131 Mustafa Sar\u0131g\u00fcl, \u00dcsk\u00fcdar Belediye Ba\u015fkan\u0131 Mustafa Kara, Ey\u00fcp Belediye Ba\u015fkan\u0131 \u0130smail Kavuncu, Diyanet \u0130\u015fleri Ba\u015fkan\u0131 Mehmet G\u00f6rmez, \u0130stanbul M\u00fcft\u00fcs\u00fc Mustafa \u00c7a\u011fr\u0131c\u0131, \u0130stanbul Emniyet M\u00fcd\u00fcr\u00fc H\u00fcseyin \u00c7apk\u0131n, \u0130T\u00dc rekt\u00f6r\u00fc Prof.Dr. Muhammed \u015eahin, spor yorumcusu R\u0131dvan Dilmen ve i\u015fadam\u0131 Ali A\u011fao\u011flu&#8217;nun hastaneye geldi\u011fi g\u00f6r\u00fcld\u00fc.<\/p>\n<p style=\"text-align: justify;\">\u00a0<strong>TAZ\u0130YELER\u0130 BA\u015eBAKAN VE KARDE\u015eLER\u0130 KABUL ED\u0130YOR<\/strong><\/p>\n<p style=\"text-align: justify;\">Annesi Tenzile Erdo\u011fan&#8217;\u0131 kaybeden Ba\u015fbakan Recep Tayyip Erdo\u011fan, \u00d6zel \u0130stanbul Medipol Hastanesi&#8217;nde karde\u015fleri Vesile Erdo\u011fan ve Mustafa Erdo\u011fan ile birlikte taziyeleri kabul ediyor.<\/p>\n<p style=\"text-align: justify;\"><strong>CUMHURBA\u015eKANI CENAZEYE KATILACAK<\/strong><\/p>\n<p style=\"text-align: justify;\">Cumhurba\u015fkan\u0131 Abdullah G\u00fcl, Ba\u015fbakan Erdo\u011fan&#8217;a ac\u0131 kayb\u0131ndan dolay\u0131 ba\u015fsa\u011fl\u0131\u011f\u0131 diledi ve yar\u0131n yap\u0131lacak cenazeye kat\u0131laca\u011f\u0131n\u0131 s\u00f6yledi.<\/p>\n<p style=\"text-align: justify;\"><strong>KULAKSIZ MEZARLI\u011eINDA HUMMALI B\u0130R \u00c7ALI\u015eMA VAR<\/strong><\/p>\n<p style=\"text-align: justify;\">Ba\u015fbakan Recep Tayyip Erdo\u011fan&#8217;\u0131n annesi Tenzile Erdo\u011fan&#8217;\u0131n (83) vefat haberinin ard\u0131ndan, Ba\u015fbakan&#8217;\u0131n babas\u0131 Hac\u0131 Ahmet Erdo\u011fan&#8217;\u0131n kabrinin de bulundu\u011fu Beyo\u011flu Kulaks\u0131z Mezarl\u0131\u011f\u0131&#8217;nda hummal\u0131 bir temizlik \u00e7al\u0131\u015fmas\u0131 ba\u015flat\u0131ld\u0131. Hac\u0131 Ahmet Erdo\u011fan&#8217;\u0131n kabrinin hemen yan\u0131nda bo\u015f bir kabir bulunmas\u0131 ve Tenzile Erdo\u011fan&#8217;\u0131n naa\u015f\u0131n\u0131n burada topra\u011fa verilebilecek olmas\u0131 ihtimali nedeniyle temizlik g\u00f6revlileri sabah saatlerinde Kulaks\u0131z Mezarl\u0131\u011f\u0131&#8217;na geldi. \u0130\u015f\u00e7iler, mezarl\u0131k i\u00e7inde ve \u00e7evresinde titiz bir \u00e7al\u0131\u015fma ba\u015flatt\u0131.<\/p>\n<p style=\"text-align: justify;\"><a href=\"http:\/\/www.gazeteport.com.tr\/haber\/56369\/basbakanin_aci_gunu\" target=\"_blank\">Kaynak : GAZETEPORT<\/a><\/p>\n<hr \/>\n<p>[flv]http:\/\/ntvmsnbc-video.mncdn.net\/FlvFiles\/0000033160.flv[\/flv]<\/p>\n<p><a href=\"http:\/\/video.ntvmsnbc.com\/basbakanin-aci-gunu.html\" target=\"_blank\">Video Kayna\u011f\u0131 : NTVMSNBC<\/a><\/p>\n","protected":false},"excerpt":{"rendered":"<p style=\"text-align: center;\">\n<p style=\"text-align: justify;\">Ba\u015fbakan Erdo\u011fan&#8217;\u0131n ge\u00e7en hafta safra kesesi ameliyat\u0131 olan annesi Tenzile Erdo\u011fan tedavi g\u00f6rd\u00fc\u011f\u00fc hastanede hayat\u0131n\u0131 kaybetti.<\/p>\n<p style=\"text-align: justify;\">\u0130STANBUL &#8211; Kad\u0131k\u00f6y&#8217;deki Medipol Hastanesinde bir s\u00fcredir tedavi alt\u0131nda bulunan Tenzile Erdo\u011fan bu sabah 09.15&#8217;te hayat\u0131n\u0131 kaybetti. Safra kesesi ameliyat\u0131 olan Tenzile Erdo\u011fan yakla\u015f\u0131k bir haftad\u0131r hastanede tedavi g\u00f6r\u00fcyordu. <\/p>\n","protected":false},"author":1,"featured_media":0,"comment_status":"open","ping_status":"open","sticky":false,"template":"","format":"standard","meta":{"footnotes":""},"categories":[105],"tags":[421,12,422],"class_list":["post-40757","post","type-post","status-publish","format-standard","hentry","category-gundem","tag-ozel-medipol-hastanesi","tag-recep-tayyip-erdogan","tag-tenzile-erdogan","odd"],"_links":{"self":[{"href":"http:\/\/www.korhanyilmaz.com\/index.php?rest_route=\/wp\/v2\/posts\/40757","targetHints":{"allow":["GET"]}}],"collection":[{"href":"http:\/\/www.korhanyilmaz.com\/index.php?rest_route=\/wp\/v2\/posts"}],"about":[{"href":"http:\/\/www.korhanyilmaz.com\/index.php?rest_route=\/wp\/v2\/types\/post"}],"author":[{"embeddable":true,"href":"http:\/\/www.korhanyilmaz.com\/index.php?rest_route=\/wp\/v2\/users\/1"}],"replies":[{"embeddable":true,"href":"http:\/\/www.korhanyilmaz.com\/index.php?rest_route=%2Fwp%2Fv2%2Fcomments&post=40757"}],"version-history":[{"count":0,"href":"http:\/\/www.korhanyilmaz.com\/index.php?rest_route=\/wp\/v2\/posts\/40757\/revisions"}],"wp:attachment":[{"href":"http:\/\/www.korhanyilmaz.com\/index.php?rest_route=%2Fwp%2Fv2%2Fmedia&parent=40757"}],"wp:term":[{"taxonomy":"category","embeddable":true,"href":"http:\/\/www.korhanyilmaz.com\/index.php?rest_route=%2Fwp%2Fv2%2Fcategories&post=40757"},{"taxonomy":"post_tag","embeddable":true,"href":"http:\/\/www.korhanyilmaz.com\/index.php?rest_route=%2Fwp%2Fv2%2Ftags&post=40757"}],"curies":[{"name":"wp","href":"https:\/\/api.w.org\/{rel}","templated":true}]}}