{"id":40747,"date":"2011-10-07T08:11:26","date_gmt":"2011-10-07T05:11:26","guid":{"rendered":"http:\/\/www.korhanyilmaz.com\/?p=40747"},"modified":"2011-10-08T01:17:30","modified_gmt":"2011-10-07T22:17:30","slug":"esad-ben-degismedim-erdogan-degisti","status":"publish","type":"post","link":"http:\/\/www.korhanyilmaz.com\/?p=40747","title":{"rendered":"Esad: Ben de\u011fi\u015fmedim, Erdo\u011fan de\u011fi\u015fti"},"content":{"rendered":"<p style=\"text-align: center;\"><a href=\"http:\/\/www.korhanyilmaz.com\/wp-content\/uploads\/2011\/10\/7150.jpg\"  class=\"lightview\"><img loading=\"lazy\" decoding=\"async\" class=\"aligncenter  wp-image-40748\" title=\"7150\" src=\"http:\/\/www.korhanyilmaz.com\/wp-content\/uploads\/2011\/10\/7150.jpg\" alt=\"\" width=\"462\" height=\"210\" \/><\/a><\/p>\n<p style=\"text-align: justify;\">Suriye Devlet Ba\u015fkan\u0131 Esad: T\u00fcrkiye\u2019den muhaliflere silah geliyor. Ben de\u011fil Erdo\u011fan de\u011fi\u015fti. T\u00fcrkiye anayasas\u0131n\u0131 30 y\u0131ld\u0131r de\u011fi\u015ftiremedi, benden \u00fc\u00e7 ayda demokrasiyi yerle\u015ftirmemi bekliyorlar.\u00a0<!--more--><\/p>\n<p style=\"text-align: justify;\">CHP Genel Ba\u015fkan Yard\u0131mc\u0131s\u0131 Lo\u011fo\u011flu ba\u015fkanl\u0131\u011f\u0131ndaki heyetle g\u00f6r\u00fc\u015fen Suriye Devlet Ba\u015fkan\u0131 Esad\u2019\u0131n \u201cT\u00fcrkiye-Suriye dostlu\u011funu ABD istemedi. Dertleri demokrasi de\u011fil. As\u0131l mesele kaynaklar\u0131m\u0131z\u0131 kontrol etmek\u201d dedi\u011fi \u00f6\u011frenildi. Cumhuriyet gazetesinden Utku \u00c7ak\u0131r\u00f6zer\u2019in yaz\u0131s\u0131na g\u00f6re, Ankara\u2019n\u0131n, Obama\u2019n\u0131n s\u00f6zc\u00fcs\u00fc gibi davrand\u0131\u011f\u0131n\u0131 s\u00f6yleyen Esad\u2019\u0131n \u201cPolisim, askerim maalesef toplumsal olaylara kar\u015f\u0131 e\u011fitimli de\u011fil. O y\u00fczden \u00e7ok kan akt\u0131\u201d ifadelerini kulland\u0131\u011f\u0131 belirtildi.<\/p>\n<p style=\"text-align: justify;\">\u2018M\u00fcsl\u00fcman Karde\u015fler\u2019in hamisi\u2019 Samimi reform isteyenlerin dediklerini yapaca\u011f\u0131n\u0131 vurgulayan Suriye lideri, CHP heyetine \u201cAma bir de El Kaide ve M\u00fcsl\u00fcman Karde\u015fler var. T\u00fcrkiye\u2019nin M\u00fcsl\u00fcman Karde\u015fler\u2019in hamisi gibi davranmas\u0131 bizi \u00fcz\u00fcyor\u201d dedi.<\/p>\n<p style=\"text-align: justify;\">K\u0131l\u0131\u00e7daro\u011flu ile g\u00f6r\u00fc\u015fen Davuto\u011flu\u2019na da Suriye izlenimleri ile Esad\u2019\u0131n mezhep tart\u0131\u015fmas\u0131 ve muhaliflerin elinde olan silahlar konusundaki rahats\u0131zl\u0131\u011f\u0131 aktar\u0131ld\u0131.<\/p>\n<p style=\"text-align: justify;\">Utku \u00c7ak\u0131r\u00f6zer\u2019in yaz\u0131s\u0131 \u015f\u00f6yle:<\/p>\n<p style=\"text-align: justify;\"><strong>ESAD: BEN DE\u011e\u0130L, ERDO\u011eAN DE\u011e\u0130\u015eT\u0130<\/strong><\/p>\n<p style=\"text-align: justify;\">BM G\u00fcvenlik Konseyi\u2019nde \u00f6nceki g\u00fcn yap\u0131lan oylamada Suriye\u2019ye yapt\u0131r\u0131m karar\u0131, Rusya ve \u00c7in\u2019in vetosuyla engellendi. Uluslararas\u0131 toplumun b\u00f6l\u00fcnm\u00fc\u015fl\u00fc\u011f\u00fc ortadayken Ba\u015fbakan Tayyip Erdo\u011fan T\u00fcrkiye\u2019nin Suriye\u2019ye kar\u015f\u0131 \u2018tek tarafl\u0131 yapt\u0131r\u0131mlar\u2019 uygulayaca\u011f\u0131n\u0131 duyurdu.<\/p>\n<p style=\"text-align: justify;\">Ba\u015fbakan Erdo\u011fan alt\u0131 ay \u00f6ncesine kadar ortak Bakanlar kurulu toplayacak kadar samimi oldu\u011fu Suriye lideri Be\u015f\u015far Esad\u2019\u0131, neredeyse her g\u00fcn ele\u015ftirmekle kalm\u0131yor, Esad muhaliflerinin T\u00fcrkiye\u2019de \u00f6rg\u00fctlenmesine de g\u00f6z yumuyor.<\/p>\n<p style=\"text-align: justify;\">Acaba Esad\u2019\u0131n penceresinden Erdo\u011fan\u2019\u0131n ve AKP\u2019nin yeni Suriye politikas\u0131 nas\u0131l g\u00f6r\u00fcn\u00fcyor?<\/p>\n<p style=\"text-align: justify;\">Sorunun yan\u0131t\u0131 Suriye liderinin eyl\u00fcl ba\u015f\u0131nda CHP Genel Ba\u015fkan Yard\u0131mc\u0131s\u0131 Faruk Lo\u011fo\u011flu ba\u015fkanl\u0131\u011f\u0131ndaki CHP heyetiyle yapt\u0131\u011f\u0131 bir bu\u00e7uk saatlik g\u00f6r\u00fc\u015fmede sakl\u0131. Bu g\u00f6r\u00fc\u015fmenin kamuoyunun bilmedi\u011fi \u00e7arp\u0131c\u0131 detaylar\u0131 ilk kez D\u0131\u015fi\u015fleri Bakan\u0131 Ahmet Davuto\u011flu\u2019nun CHP Genel Ba\u015fkan\u0131 Kemal K\u0131l\u0131\u00e7daro\u011flu\u2019nu ziyaretinde ortaya \u00e7\u0131kt\u0131.<\/p>\n<p style=\"text-align: justify;\"><strong>\u2018LA\u0130K \u00dcLKE MEZHEPLE U\u011eRA\u015eMAZ\u2019<\/strong><\/p>\n<p style=\"text-align: justify;\">G\u00f6r\u00fc\u015fmede, Esad\u2019\u0131n CHP heyetiyle g\u00f6r\u00fc\u015fmesinden iki \u00f6nemli unsur Davuto\u011flu\u2019na aktar\u0131ld\u0131. Bunlardan ilki, Erdo\u011fan ve AKP s\u00f6zc\u00fclerinin Suriye\u2019de ya\u015fananlar\u0131 \u201cmezhep \u00e7at\u0131\u015fmas\u0131\u201d olarak sunmas\u0131ndan Esad\u2019\u0131n duydu\u011fu b\u00fcy\u00fck rahats\u0131zl\u0131k.<\/p>\n<p style=\"text-align: justify;\">Esad\u2019\u0131n bu konuda CHP heyetine, \u201cSuriye laik olan tek M\u00fcsl\u00fcman Arap devleti. Laik \u00fclkede mezheple u\u011fra\u015f\u0131lmaz. \u00c7\u0131k\u0131n sokakta istedi\u011finizle g\u00f6r\u00fc\u015f\u00fcn, halk\u0131m\u0131n g\u00fcndeminde b\u00f6yle bir \u015fey yok. Suriye\u2019yi kar\u0131\u015ft\u0131rmak i\u00e7in olay\u0131 mezhep boyutuna indiriyorlar\u201d g\u00f6r\u00fc\u015f\u00fcn\u00fc aktarm\u0131\u015f.<\/p>\n<p style=\"text-align: justify;\"><strong>\u2018EYLEMC\u0130LER\u0130N EL\u0130NDE T\u00dcRK S\u0130LAHI\u2019<\/strong><\/p>\n<p style=\"text-align: justify;\">Davuto\u011flu-K\u0131l\u0131\u00e7daro\u011flu g\u00f6r\u00fc\u015fmesinde Esad\u2019\u0131n son derece kritik iddias\u0131 da g\u00fcndeme gelmi\u015f. Esad\u2019\u0131n CHP\u2019lilere anlatt\u0131\u011f\u0131 \u201cSilahl\u0131 eylemcilerin elinde bol miktarda T\u00fcrkiye men\u015feili silah bulduk\u201d iddias\u0131 g\u00f6r\u00fc\u015fmede Davuto\u011flu\u2019na aktar\u0131lm\u0131\u015f. Ancak Davuto\u011flu g\u00f6r\u00fc\u015fmede bu iddialar\u0131 kesinlikle yalanlam\u0131\u015f.<\/p>\n<p style=\"text-align: justify;\"><strong>\u2018S\u0130Z 30 YILDA DE\u011e\u0130\u015eT\u0130REMED\u0130N\u0130Z\u2019<\/strong><\/p>\n<p style=\"text-align: justify;\">Davuto\u011flu\u2019na ne kadar\u0131n\u0131n aktar\u0131ld\u0131\u011f\u0131n\u0131 bilemiyoruz ama Esad\u2019\u0131n, \u00fclkesindeki geli\u015fmeler ve Erdo\u011fan\u2019\u0131n yakla\u015f\u0131m\u0131na ili\u015fkin eyl\u00fcl ay\u0131 ba\u015f\u0131nda \u015eam\u2019da yap\u0131lan g\u00f6r\u00fc\u015fmede CHP heyetiyle payla\u015ft\u0131\u011f\u0131n\u0131 \u00f6\u011frendi\u011fimiz baz\u0131 di\u011fer \u00e7arp\u0131c\u0131 de\u011ferlendirmeleri \u015f\u00f6yle:<\/p>\n<p style=\"text-align: justify;\">\u201cT\u00fcrkiye, anayasas\u0131n\u0131 30 y\u0131ld\u0131r de\u011fi\u015ftiremedi, benden \u00fc\u00e7 ayda demokrasiyi yerle\u015ftirmemi bekliyorlar. Halk\u0131m\u0131n ihtiyac\u0131 olan reformlar\u0131 biliyorum. Tek tek yapaca\u011f\u0131m. Bat\u0131 istiyor diye de\u011fil, halk\u0131m istiyor diye yapaca\u011f\u0131m. Baz\u0131s\u0131n\u0131 yapt\u0131m. BAAS partisinin etkinli\u011fini azaltmak i\u00e7in anayasay\u0131 de\u011fi\u015ftirdim. Bas\u0131n yasas\u0131n\u0131n \u00f6n\u00fcndeki engelleri kald\u0131rd\u0131m. Gen\u00e7leri internetle tan\u0131\u015ft\u0131rd\u0131m. Kalanlar\u0131 da yapaca\u011f\u0131m. Ama bu zaman alacak. Bunlar\u0131 s\u00f6ylememe ra\u011fmen, \u2018ge\u00e7 kald\u0131n\u0131z\u2019 denmesinde art niyet var.\u201d<\/p>\n<p style=\"text-align: justify;\"><strong>\u2018M\u00dcSL\u00dcMAN KARDE\u015eLER\u2019\u0130N HAM\u0130S\u0130 G\u0130B\u0130LER\u2019<\/strong><\/p>\n<p style=\"text-align: justify;\">\u201cHer ad\u0131m\u0131 atar\u0131m ama din eksenli, \u015feriat partilerine izin vermem. Laikli\u011fe zarar verecek \u00f6rg\u00fctlenmeye izin vermem. Bana bask\u0131 yapan devlet adamlar\u0131 aynaya bak\u0131p kendi laikliklerini sorgulas\u0131n. Olaylar\u0131n arkas\u0131nda farkl\u0131 gruplar var. Samimi reform isteyenlerin dediklerini yapaca\u011f\u0131m. Ama bir de \u015feriat\u00e7\u0131lar var: El Kaide ve M\u00fcsl\u00fcman Karde\u015fler. PKK T\u00fcrkiye i\u00e7in neyse, M\u00fcsl\u00fcman Karde\u015fler de bizim i\u00e7in o. T\u00fcrkiye\u2019nin M\u00fcsl\u00fcman Karde\u015fler\u2019in hamisi gibi davranmas\u0131 bizi \u00fcz\u00fcyor\u201d<\/p>\n<p style=\"text-align: justify;\"><strong>\u2018DE\u011e\u0130\u015e\u0130M\u0130N NEDEN\u0130N\u0130 ERDO\u011eAN\u2019A SORUN\u2019<\/strong><\/p>\n<p style=\"text-align: justify;\">\u201cBana \u2018T\u00fcrkiye ile ne oldu da b\u00f6yle oldunuz?\u2019 diye soruyorlar. Ben de\u011fi\u015fmedim, Ba\u015fbakan\u0131n\u0131z de\u011fi\u015fti. Bunu Ba\u015fbakan\u2019a sorun. Benim kanaatim T\u00fcrkiye-Suriye dostlu\u011funu ABD istemedi. Ne Tunus, ne Libya, ne de Suriye\u2019de dertleri demokrasi. As\u0131l mesele kaynaklar\u0131m\u0131z\u0131 kontrol etmek. T\u00fcrkiye\u2019den gelenler Obama\u2019n\u0131n s\u00f6zc\u00fcs\u00fc gibi davran\u0131yor. \u2018Obama \u015f\u00f6yle istiyor, b\u00f6yle istiyor\u2019 diye geliyorlar bana. Oysaki, ABD\u2019nin \u015eam\u2019da b\u00fcy\u00fckel\u00e7isi var, gelip s\u00f6yl\u00fcyor zaten bize. T\u00fcrk karde\u015flerimizin ayn\u0131 s\u00f6zleri tekrarlamas\u0131 bizi \u00fcz\u00fcyor.\u201d<\/p>\n<p style=\"text-align: justify;\"><strong>\u2018YARDIM BEKLERKEN, G\u0130T DEN\u0130YOR\u2019<\/strong><\/p>\n<p style=\"text-align: justify;\">\u201cT\u00fcrk halk\u0131 benim ve Suriye halk\u0131n\u0131n dostudur. Bu dostlu\u011fun s\u00fcrmesinden yanay\u0131m. Reform s\u00fcrecinde de T\u00fcrkiye\u2019yi \u00f6rnek almak istiyorum. Biz yard\u0131m beklerken tehditle kar\u015f\u0131m\u0131za \u00e7\u0131k\u0131l\u0131yor, \u2018b\u0131rak git\u2019 deniyor. Genel se\u00e7imleri yapaca\u011f\u0131m ve sonucuna sayg\u0131 g\u00f6sterece\u011fim. G\u00f6receksiniz en y\u00fcksek oyu ben kazanaca\u011f\u0131m. Olaylar\u0131 \u00e7\u0131karanlar\u0131n arkas\u0131nda halk deste\u011fi olmad\u0131\u011f\u0131 g\u00f6r\u00fclecek. Ben halk\u0131mla bar\u0131\u015f\u0131\u011f\u0131m.\u201d<\/p>\n<p style=\"text-align: justify;\"><strong>\u2018\u00d6L\u00dcMLER\u0130N NEDEN\u0130 TECR\u00dcBES\u0130ZL\u0130K\u2019<\/strong><\/p>\n<p style=\"text-align: justify;\">\u201cSuriye\u2019de bu t\u00fcr olaylar benim d\u00f6nemimde ilk defa cereyan ediyor. Polisim, askerim maalesef toplumsal olaylara kar\u015f\u0131 e\u011fitimli de\u011fil. O y\u00fczden \u00e7ok kanl\u0131 ge\u00e7ti ve kay\u0131plar verildi. Sadece sivillerden de\u011fil polis ve asklerlerden de \u00e7ok kay\u0131p var. T\u00fcrkiye y\u0131llardan beri hem sosyal olaylar ve ter\u00f6rle m\u00fccadele etti\u011fi i\u00e7in bu alanda \u00e7ok deneyimli. Biz ise deneyimsiziz. Ama masum g\u00f6stericiyle elinde silah olan\u0131 ay\u0131rmak zorunday\u0131z.\u201d<\/p>\n<p style=\"text-align: justify;\"><strong>\u2018M\u00dcLTEC\u0130 GELMEDEN KAMP KURDUNUZ\u2019<\/strong><\/p>\n<p style=\"text-align: justify;\">\u201cT\u00fcrkiye s\u0131n\u0131r\u0131nda kurulan kamplara giden vatanda\u015flar\u0131m d\u00f6n\u00fcyor. Niye gittiler? Korkutuldular ve kand\u0131r\u0131ld\u0131lar. Sonra \u00e7a\u011fr\u0131 yapt\u0131m, d\u00f6nenler d\u00f6nd\u00fc. Ancak burada dikkat \u00e7ekici bir unsur var: Daha m\u00fclteciler gelmeden T\u00fcrkiye Hatay\u2019da \u00e7ad\u0131r kent kurdu. Merak ediyorum, nas\u0131l oldu da bildiler m\u00fclteci gelece\u011fini?..\u201d<\/p>\n<p style=\"text-align: justify;\"><a href=\"http:\/\/dunya.milliyet.com.tr\/esad-ben-degismedim-erdogan-degisti\/dunya\/dunyadetay\/07.10.2011\/1447904\/default.htm\" target=\"_blank\">Kaynak : Milliyet.com.tr<\/a><\/p>\n","protected":false},"excerpt":{"rendered":"<p style=\"text-align: center;\">\n<p style=\"text-align: justify;\">Suriye Devlet Ba\u015fkan\u0131 Esad: T\u00fcrkiye\u2019den muhaliflere silah geliyor. Ben de\u011fil Erdo\u011fan de\u011fi\u015fti. T\u00fcrkiye anayasas\u0131n\u0131 30 y\u0131ld\u0131r de\u011fi\u015ftiremedi, benden \u00fc\u00e7 ayda demokrasiyi yerle\u015ftirmemi bekliyorlar. <\/p>\n","protected":false},"author":1,"featured_media":0,"comment_status":"open","ping_status":"open","sticky":false,"template":"","format":"standard","meta":{"footnotes":""},"categories":[105],"tags":[],"class_list":["post-40747","post","type-post","status-publish","format-standard","hentry","category-gundem","odd"],"_links":{"self":[{"href":"http:\/\/www.korhanyilmaz.com\/index.php?rest_route=\/wp\/v2\/posts\/40747","targetHints":{"allow":["GET"]}}],"collection":[{"href":"http:\/\/www.korhanyilmaz.com\/index.php?rest_route=\/wp\/v2\/posts"}],"about":[{"href":"http:\/\/www.korhanyilmaz.com\/index.php?rest_route=\/wp\/v2\/types\/post"}],"author":[{"embeddable":true,"href":"http:\/\/www.korhanyilmaz.com\/index.php?rest_route=\/wp\/v2\/users\/1"}],"replies":[{"embeddable":true,"href":"http:\/\/www.korhanyilmaz.com\/index.php?rest_route=%2Fwp%2Fv2%2Fcomments&post=40747"}],"version-history":[{"count":0,"href":"http:\/\/www.korhanyilmaz.com\/index.php?rest_route=\/wp\/v2\/posts\/40747\/revisions"}],"wp:attachment":[{"href":"http:\/\/www.korhanyilmaz.com\/index.php?rest_route=%2Fwp%2Fv2%2Fmedia&parent=40747"}],"wp:term":[{"taxonomy":"category","embeddable":true,"href":"http:\/\/www.korhanyilmaz.com\/index.php?rest_route=%2Fwp%2Fv2%2Fcategories&post=40747"},{"taxonomy":"post_tag","embeddable":true,"href":"http:\/\/www.korhanyilmaz.com\/index.php?rest_route=%2Fwp%2Fv2%2Ftags&post=40747"}],"curies":[{"name":"wp","href":"https:\/\/api.w.org\/{rel}","templated":true}]}}