{"id":40735,"date":"2011-10-06T16:16:40","date_gmt":"2011-10-06T13:16:40","guid":{"rendered":"http:\/\/www.korhanyilmaz.com\/?p=40735"},"modified":"2011-10-08T01:22:18","modified_gmt":"2011-10-07T22:22:18","slug":"herkesi-aglatan-siir","status":"publish","type":"post","link":"http:\/\/www.korhanyilmaz.com\/?p=40735","title":{"rendered":"Herkesi a\u011flatan \u015fiir"},"content":{"rendered":"<p style=\"text-align: center;\"><a href=\"http:\/\/www.korhanyilmaz.com\/wp-content\/uploads\/2011\/10\/7148.jpg\"  class=\"lightview\"><img loading=\"lazy\" decoding=\"async\" class=\"aligncenter  wp-image-40736\" src=\"http:\/\/www.korhanyilmaz.com\/wp-content\/uploads\/2011\/10\/7148.jpg\" alt=\"\" width=\"462\" height=\"210\" \/><\/a><\/p>\n<p style=\"text-align: justify;\">&#8216;Emekliyiz G\u00f6n\u00fcll\u00fcy\u00fcz&#8217; projesinin tan\u0131t\u0131m toplant\u0131s\u0131nda bir \u00f6\u011frencinin okudu\u011fu \u015fiir Hayr\u00fcnnisa G\u00fcl ve kat\u0131lanlar\u0131 a\u011flatt\u0131.<\/p>\n<p style=\"text-align: justify;\">ANKARA &#8211; Cumhurba\u015fkan\u0131 Abdullah G\u00fcl&#8217;\u00fcn e\u015fi Hayr\u00fcnnisa G\u00fcl&#8217;\u00fcn himayesinde y\u00fcr\u00fct\u00fclen &#8216;Emekliyiz G\u00f6n\u00fcll\u00fcy\u00fcz&#8217; projesi tan\u0131t\u0131m toplant\u0131s\u0131 \u00c7ankaya K\u00f6\u015fk\u00fc&#8217;nde yap\u0131ld\u0131.\u00a0<!--more--><\/p>\n<p style=\"text-align: justify;\">Toplant\u0131ya, Hayr\u00fcnnisa G\u00fcl&#8217;\u00fcn yan\u0131 s\u0131ra Aile ve Sosyal Politikalar Bakan\u0131 Fatma \u015eahin, Avrupa Birli\u011fi Bakan\u0131 Egemen Ba\u011f\u0131\u015f, baz\u0131 milletvekilleri, eski Devlet Bakan\u0131 Selma Aliye Kavaf, Cumhurba\u015fkanl\u0131\u011f\u0131 Genel Sekreteri Mustafa \u0130sen ve e\u015fi Reyhan \u0130sen, Ankara Valisi Alaaddin Y\u00fcksel, Anadolu Ajans\u0131 Y\u00f6netim Kurulu Ba\u015fkan\u0131 ve Genel M\u00fcd\u00fcr\u00fc Kemal \u00d6zt\u00fcrk, medya temsilcileri, sanat\u00e7\u0131lar Emel Say\u0131n, Mustafa Ceceli, Behzat Ger\u00e7eker ve ENBE Orkestras\u0131, Ayten G\u00f6k\u00e7er, Mehmet Aslantu\u011f ve e\u015fi Arzum Onan, Seren Serengil, ilgili kurumlar\u0131n b\u00fcrokratlar\u0131 ve projede yer alan \u00e7ok say\u0131da davetli kat\u0131ld\u0131.<\/p>\n<p style=\"text-align: justify;\">\u201cHer \u0130nsan g\u00f6n\u00fcll\u00fcd\u00fcr\u201d adl\u0131 k\u0131sa film g\u00f6steriminin ard\u0131ndan sahneye \u00e7\u0131kan Mehmet Aslantu\u011f ve e\u015fi Arzum Onan, \u00e7ocuk yeti\u015ftiren ve \u00fclkesine bor\u00e7lu insanlar olarak b\u00f6yle bir toplant\u0131da bulunduklar\u0131 i\u00e7in mutluluk duyduklar\u0131n\u0131 dile getirdiler. Daha sonra mini bir konser veren Ger\u00e7eker ve ENBE Orkestras\u0131, Leyla Gencer \u00c7ocuk Korosu&#8217;nun s\u00f6yledi\u011fi \u00e7ocuk \u015fark\u0131lar\u0131na e\u015flik etti.<\/p>\n<p style=\"text-align: justify;\">Projede yer alan Seval \u0130\u015fli adl\u0131 bir \u00f6\u011frenci, yine projede yer alan ve Konya&#8217;da g\u00f6n\u00fcll\u00fc \u00f6\u011fretmeninden ald\u0131\u011f\u0131 dersler sonucu g\u00fczel sanatlar lisesi yan fl\u00fct b\u00f6l\u00fcm\u00fcn\u00fc kazanan Merve ve gitar \u00e7alan Da\u011fhan adl\u0131 \u00f6\u011frencilerin \u00e7ald\u0131\u011f\u0131 m\u00fczik e\u015fli\u011finde Ayla Aydemir&#8217;in yazd\u0131\u011f\u0131 \u201cSol Yan\u0131m Ac\u0131yor Anne\u201d \u015fiirini okudu. \u0130\u015fli&#8217;nin performans\u0131, Hayr\u00fcnnisa G\u00fcl dahil salondaki bir\u00e7ok ki\u015fiyi a\u011flatt\u0131.<\/p>\n<p style=\"text-align: justify;\">Hayr\u00fcnnisa G\u00fcl, &#8220;G\u00f6n\u00fcll\u00fcl\u00fck, ihtiya\u00e7 olan her yerde elini ta\u015f\u0131n alt\u0131na koyabilmek, bunu yaparken de hi\u00e7bir kar\u015f\u0131l\u0131k beklememek. G\u00f6n\u00fcll\u00fc faaliyetlere kat\u0131l\u0131m oran\u0131 baz\u0131 \u00fclkelerde y\u00fczde 70&#8217;lere ula\u015f\u0131rken, T\u00fcrkiye&#8217;de bu oran sadece 1.7. Bizim gibi yard\u0131mla\u015fma ve fedakarl\u0131\u011f\u0131, gelene\u011fi ve inanc\u0131n\u0131n ilk s\u0131ras\u0131na koyan bir toplum i\u00e7in bu \u00fczerinde d\u00fc\u015f\u00fcn\u00fclmesi gereken bir tablo. Bu tablo g\u00f6steriyor ki, \u00fclkemizde g\u00f6n\u00fcll\u00fcl\u00fck konusuna dikkat \u00e7ekmek her alanda bu anlay\u0131\u015f\u0131n benimsenmesini ve yayg\u0131nla\u015fmas\u0131n\u0131 sa\u011flamak i\u00e7in toplumu bilin\u00e7lendirmeyiz. Bu anlamda &#8216;Emekliyiz G\u00f6n\u00fcll\u00fcy\u00fcz Projesi&#8217;ni \u00e7ok \u00f6nemli bir ad\u0131m olarak g\u00f6r\u00fcyorum&#8221; diye konu\u015ftu.<\/p>\n<p style=\"text-align: justify;\">Projenin amac\u0131n\u0131, emeklilik d\u00f6nemlerinde aktif ve \u00fcretken bireyler olarak toplumsal hayata kat\u0131lmak isteyen \u00f6\u011fretmenlerin, devletin korumas\u0131 alt\u0131ndaki \u00e7ocuklar\u0131n e\u011fitimlerine destek olmas\u0131n\u0131 sa\u011flamak&#8221; olarak anlatan Hayr\u00fcnnisa G\u00fcl, &#8220;B\u00f6ylece, bir yandan bu \u00e7ocuklar\u0131m\u0131z\u0131n akademik, sanatsal ve sportif ba\u015far\u0131lar\u0131n\u0131 artt\u0131rmay\u0131, di\u011fer yandan da sosyal, duygusal ve zihinsel geli\u015fimlerini desteklemeyi hedefliyoruz. Projenin pilot uygulamas\u0131 iki y\u0131ld\u0131r alt\u0131 ilde y\u00fcr\u00fct\u00fcl\u00fcyor. Yap\u0131lan \u00e7al\u0131\u015fmalar neticesinde toplam 82 g\u00f6n\u00fcll\u00fc \u00f6\u011fretmene ve onlar arac\u0131l\u0131\u011f\u0131yla da y\u00fczlerce \u00e7ocu\u011fumuza ula\u015ft\u0131k. Koruma alt\u0131ndaki \u00e7ocuklar\u0131n, toplumsal hayata uyum sa\u011flayabilmeleri ve gelecekte \u00fcstlenecekleri rolleri do\u011fru \u015fekilde geli\u015ftirebilmeleri ad\u0131na olumlu modellerle biraraya gelmeleri \u00e7ok \u00f6nemli&#8221; diye ekledi.<\/p>\n<p style=\"text-align: justify;\"><strong>BAKAN BA\u011eI\u015e: &#8220;AVRUPA&#8217;YA G\u0130TT\u0130\u011e\u0130M\u0130ZDE B\u0130ZE T\u00dcRK\u0130YE&#8217;DEK\u0130 FA\u0130L\u0130 ME\u00c7HUL C\u0130NAYETLER\u0130 SORMUYORLAR&#8221;<\/strong><\/p>\n<p style=\"text-align: justify;\">Avrupa Birli\u011fi Bakan\u0131 ve Ba\u015fm\u00fczakereci Egemen Ba\u011f\u0131\u015f ise g\u00f6n\u00fcll\u00fc yap\u0131lan yard\u0131mlar\u0131n, T\u00fcrkiye&#8217;nin Avrupa&#8217;da farkl\u0131 bir yer edinmesindeki pay\u0131na de\u011findi konu\u015fmas\u0131nda, &#8220;T\u00fcrkiye art\u0131k, alan el de\u011fil veren el haline geldi. Bu \u00e7er\u00e7evede, AB de 2011 y\u0131l\u0131n\u0131 &#8216;Avrupa G\u00f6n\u00fcll\u00fcl\u00fck Y\u0131l\u0131&#8217; ilan etti. &#8216;Emekliyiz G\u00f6n\u00fcll\u00fcy\u00fcz&#8217; projesi de \u00e7ok ayr\u0131 bir anlam ifade ediyor. T\u00fcrkiye&#8217;nin, Avrupa&#8217;da da bu g\u00f6n\u00fcll\u00fcl\u00fck \u00e7abalar\u0131yla farkl\u0131 bir r\u00fczgar estirdi\u011fini sizlerle rahatl\u0131kla payla\u015fabiliyorum. Avrupa&#8217;ya gitti\u011fimizde bize art\u0131k T\u00fcrkiye&#8217;deki faili me\u00e7hul cinayetleri sormuyorlar. T\u00fcrkiye&#8217;nin, Somali&#8217;de, Kosova&#8217;da, Gazze&#8217;de yapt\u0131klar\u0131n\u0131 soruyorlar ve bunlardan \u00e7ok b\u00fcy\u00fck \u00f6vg\u00fc ile bahsediliyor. Bunlar, T\u00fcrkiye&#8217;nin insanl\u0131k konusunda da Avrupa&#8217;ya \u00e7ok \u00f6nemli katk\u0131larda bulunaca\u011f\u0131n\u0131 ortaya koyuyor&#8221; dedi.<\/p>\n<p style=\"text-align: justify;\">Projenin T\u00fcrkiye&#8217;nin farkl\u0131 yerlerinde heyecan yaratt\u0131\u011f\u0131n\u0131 da belirten Bakan Ba\u011f\u0131\u015f, &#8220;Ayn\u0131 anlay\u0131\u015fla Somali&#8217;de, Pakistan&#8217;da, Haiti&#8217;de, Bosna Hersek&#8217;te, Kosova&#8217;da da T\u00fcrk g\u00f6n\u00fcll\u00fcleri ihtiya\u00e7 sahiplerine yeti\u015fmeye \u00e7al\u0131\u015f\u0131yorlar. G\u00f6n\u00fclden sevgiye ihtiyac\u0131 olan \u00e7ok insan var. Ge\u00e7en sene Dar\u00fclaceze&#8217;yi ziyaret etti\u011fimizde yerinde g\u00f6rd\u00fck. Bu sabah, Siirtte&#8217;ki hain sald\u0131r\u0131da bir baca\u011f\u0131n\u0131 kaybeden k\u0131z\u0131m\u0131z\u0131 ziyaret etmek i\u00e7in GATA&#8217;ya gitti\u011fimizde, oradaki doktorlar\u0131m\u0131z\u0131n nas\u0131l \u015fefkatle \u00e7abalad\u0131klar\u0131na \u015fahit olduk. Somali&#8217;deki T\u00fcrk doktorlar\u0131, oradaki patlama sonras\u0131 yaralanan insanlar\u0131 tedavi etmeye \u00e7al\u0131\u015f\u0131yorlar. T\u00fcrk K\u0131z\u0131lay\u0131&#8217;n\u0131n yapt\u0131\u011f\u0131 \u00e7al\u0131\u015fmalar, Pakistan&#8217;\u0131n kendi K\u0131z\u0131lay altyap\u0131s\u0131n\u0131 kavu\u015fmas\u0131n\u0131 sa\u011flad\u0131&#8221; diye konu\u015ftu.<\/p>\n<p style=\"text-align: justify;\"><strong>BAKAN \u015eAH\u0130N: &#8220;G\u00d6N\u00dcLL\u00dcL\u00dc\u011e\u00dc, ALINMASIYLA VER\u0130LMES\u0130YLE \u00c7OK DENGEL\u0130 B\u0130R DUYGU PAYLA\u015eIMI OLARAK G\u00d6R\u00dcYORUM&#8221;<\/strong><\/p>\n<p style=\"text-align: justify;\">Aile ve Sosyal Politikalar Bakan\u0131 Fatma \u015eahin ise, g\u00f6n\u00fcll\u00fc \u00e7al\u0131\u015fman\u0131n sadece vermekten ibaret olmad\u0131\u011f\u0131n\u0131 belirterek, \u015funlar\u0131 s\u00f6yledi:<\/p>\n<p style=\"text-align: justify;\">&#8220;Bir atas\u00f6z\u00fc var; &#8216;Gen\u00e7 bilebilse, ya\u015fl\u0131 yapabilse&#8217;.. Emeklilik ya\u015f\u0131 hem bilinen, hem de yap\u0131labilen bir ya\u015f. O kadar \u00f6nemli bir d\u00fcnya tecr\u00fcbesi var ki. Fidanlar\u0131n daha da \u00e7ok yeti\u015ftirilece\u011fi \u00f6nemli bir zaman dilimi ki..O y\u00fczden &#8216;Emekliyiz G\u00f6n\u00fcll\u00fcy\u00fcz Projesi&#8217;nde emekli olan ama \u00f6m\u00fcr boyu m\u00fccadele eden de\u011ferlerimizden kurumlar\u0131m\u0131zda istifade edebilmek, evlatlar\u0131m\u0131z\u0131n ya\u015fam\u0131na dokunmak, geleceklerini planlamakta yard\u0131mc\u0131 olmak en \u00f6nemli kurumsal ihtiyac\u0131m\u0131z olarak kar\u015f\u0131m\u0131zda duruyor. Eme\u011fini, zaman\u0131n\u0131, enerjisini, birikimini vermek ama beraberinde de almak. Ak\u015fam yatarken, bir fani ve insan olarak &#8216;Ben bug\u00fcn ne yapt\u0131m?&#8217; sorusuna cevap verip huzurlu yatmak o kadar g\u00fczel bir duygu ki. G\u00f6n\u00fcll\u00fcl\u00fc\u011f\u00fc, al\u0131nmas\u0131yla, verilmesiyle \u00e7ok dengeli bir duygu payla\u015f\u0131m\u0131 olarak g\u00f6r\u00fcyorum&#8221;<\/p>\n<p style=\"text-align: justify;\"><strong>HERKES\u0130 A\u011eLATTI<\/strong><\/p>\n<p style=\"text-align: justify;\">Toplant\u0131da Seval \u0130\u015fli ad\u0131nda bir \u00f6\u011frencinin okudu\u011fu \u015fiir ise herkesi duyguland\u0131rd\u0131. Hayr\u00fcnnisa G\u00fcl ve sanat\u00e7\u0131lar\u0131n g\u00f6zya\u015flar\u0131n\u0131 tutamad\u0131klar\u0131 g\u00f6r\u00fcld\u00fc.<\/p>\n<p style=\"text-align: justify;\"><span style=\"text-decoration: underline;\"><strong>\u0130\u015eTE O \u015e\u0130\u0130R:<\/strong><\/span><\/p>\n<p style=\"text-align: justify;\">Sol yan\u0131m \u00e7ok ac\u0131yor anne.<\/p>\n<p style=\"text-align: justify;\">Merhaba anne,<\/p>\n<p style=\"text-align: justify;\">Yine ben geldim.<\/p>\n<p style=\"text-align: justify;\">Merak etme okuldan \u00e7\u0131kt\u0131mda geldim.<\/p>\n<p style=\"text-align: justify;\">Annelerde babalar gibi merak eder mi bilmiyorum ama<\/p>\n<p style=\"text-align: justify;\">Ali &#8216;Okula gitmezsem annem \u00e7ok k\u0131zar, merak eder&#8217; demi\u015fti de<\/p>\n<p style=\"text-align: justify;\">Onun i\u00e7in s\u00f6yl\u00fcyorum.<\/p>\n<p style=\"text-align: justify;\">Ge\u00e7en hafta \u00f6\u011fretmen,<\/p>\n<p style=\"text-align: justify;\">Sa\u011f elimde sar\u0131msak, sol elimde so\u011fan dedirte dedirte<\/p>\n<p style=\"text-align: justify;\">\u00d6\u011fretti sa\u011f\u0131m\u0131 solumu.<\/p>\n<p style=\"text-align: justify;\">Ben biliyorum art\u0131k Anne sa\u011f\u0131m neresi, solum neresi.<\/p>\n<p style=\"text-align: justify;\">A\u011fr\u0131yan yan\u0131m\u0131n neresi oldu\u011funu \u015fimdi iyi biliyorum anne.<\/p>\n<p style=\"text-align: justify;\">Hani ge\u00e7en geldi\u011fimde \u201c\u015furam ac\u0131yor i\u015fte \u015furam\u201d demi\u015ftim de<\/p>\n<p style=\"text-align: justify;\">Bir t\u00fcrl\u00fc s\u00f6yleyememi\u015ftim ya ac\u0131yan yan\u0131m\u0131 anne<\/p>\n<p style=\"text-align: justify;\">Bak \u015fimdi s\u00f6yl\u00fcyorum<\/p>\n<p style=\"text-align: justify;\">\u015euram i\u015fte,<\/p>\n<p style=\"text-align: justify;\">Sol yan\u0131m \u00e7ok ac\u0131yor anne.<\/p>\n<p style=\"text-align: justify;\">Hem de her g\u00fcn ac\u0131yor anne her g\u00fcn.<\/p>\n<p style=\"text-align: justify;\">D\u00fcn sabah annesi Ay\u015fe&#8217;nin sa\u00e7lar\u0131n\u0131 \u00f6rm\u00fc\u015ft\u00fc.<\/p>\n<p style=\"text-align: justify;\">Elinden tutup okula getirdi.<\/p>\n<p style=\"text-align: justify;\">Yakas\u0131 da danteldi.<\/p>\n<p style=\"text-align: justify;\">Zil \u00e7al\u0131nca \u00f6pt\u00fc, \u201chadi yavrum s\u0131n\u0131fa\u201d dedi.<\/p>\n<p style=\"text-align: justify;\">Bende a\u011flad\u0131m,<\/p>\n<p style=\"text-align: justify;\">A\u011flad\u0131m hi\u00e7 de utanmad\u0131m.<\/p>\n<p style=\"text-align: justify;\">\u00d6\u011fretmen ne oldu dedi.<\/p>\n<p style=\"text-align: justify;\">\u201cD\u00fc\u015ft\u00fcm dizim \u00e7ok ac\u0131yor\u201d dedim. yalan s\u00f6yledim anne.<\/p>\n<p style=\"text-align: justify;\">Dizim ac\u0131m\u0131yordu ama sol yan\u0131m \u00e7ok ac\u0131yordu anne.<\/p>\n<p style=\"text-align: justify;\">Bug\u00fcn bende sa\u00e7\u0131m \u00f6r\u00fcls\u00fcn istedim.<\/p>\n<p style=\"text-align: justify;\">Babam \u00f6rd\u00fc ama onunki gibi olmad\u0131.<\/p>\n<p style=\"text-align: justify;\">Dantel yaka istedim.<\/p>\n<p style=\"text-align: justify;\">Babam &#8216;Ben bilmem ki k\u0131z\u0131m&#8217; dedi.<\/p>\n<p style=\"text-align: justify;\">\u201cBari okula sen g\u00f6t\u00fcr\u201d dedim.<\/p>\n<p style=\"text-align: justify;\">&#8216;K\u0131z\u0131m, i\u015f&#8217; dedi.<\/p>\n<p style=\"text-align: justify;\">Bende \u201cbanane dedim, a\u011flad\u0131m.<\/p>\n<p style=\"text-align: justify;\">&#8216;K\u0131z\u0131m, ekmek&#8217; dedi babam.<\/p>\n<p style=\"text-align: justify;\">Sustum ama okula giderken yine a\u011flad\u0131m anne.<\/p>\n<p style=\"text-align: justify;\">Ha bide sol yan\u0131m yine \u00e7ok ac\u0131d\u0131 anne.<\/p>\n<p style=\"text-align: justify;\">Herkesin \u00e7oraplar\u0131 bembeyaz, benimkiler gri gibi.<\/p>\n<p style=\"text-align: justify;\">Zeynep &#8216;annem beyazlara renkli \u00e7ama\u015f\u0131r katmadan<\/p>\n<p style=\"text-align: justify;\">y\u0131k\u0131yormu\u015f&#8217; dedi.<\/p>\n<p style=\"text-align: justify;\">Babam hepsini birlikte y\u0131k\u0131yor.<\/p>\n<p style=\"text-align: justify;\">Babam \u00e7ama\u015f\u0131r y\u0131kamas\u0131n\u0131 bilmiyor mu anne?<\/p>\n<p style=\"text-align: justify;\">Uff babam, her g\u00fcn domates peynir koyuyor beslenmeme.<\/p>\n<p style=\"text-align: justify;\">\u00dcz\u00fclmesin diye s\u00f6ylemiyorum ama<\/p>\n<p style=\"text-align: justify;\">Arkada\u015flar\u0131m her g\u00fcn kurabiye, b\u00f6rek, pasta getiriyor.<\/p>\n<p style=\"text-align: justify;\">Biliyorum babam pasta yapmas\u0131n\u0131 bilmez anne.<\/p>\n<p style=\"text-align: justify;\">Hava karar\u0131yor, ben gideyim anne.<\/p>\n<p style=\"text-align: justify;\">Babam bilmiyor ka\u00e7\u0131p ka\u00e7\u0131p sana geldi\u011fimi.<\/p>\n<p style=\"text-align: justify;\">Duyarsa k\u0131zmaz ama \u00e7ok \u00fcz\u00fcl\u00fcr biliyorum.<\/p>\n<p style=\"text-align: justify;\">Kim bozuyor topra\u011f\u0131n\u0131,<\/p>\n<p style=\"text-align: justify;\">\u00c7i\u00e7eklerini kim kopar\u0131yor.<\/p>\n<p style=\"text-align: justify;\">\u0130zin verme anne ne olur topra\u011f\u0131na el s\u00fcrd\u00fcrme.<\/p>\n<p style=\"text-align: justify;\">Eve gidince akl\u0131ma geliyor bide bunun i\u00e7in a\u011fl\u0131yorum anne.<\/p>\n<p style=\"text-align: justify;\">Bak kavanoz yan\u0131mda, topra\u011f\u0131ndan bir avu\u00e7 daha alay\u0131m.<\/p>\n<p style=\"text-align: justify;\">Biliyor musun anne her geli\u015fimde ald\u0131\u011f\u0131m topraklar\u0131n\u0131 \u015fu kavanozda biriktirdim.<\/p>\n<p style=\"text-align: justify;\">\u00dczerine de resmini yap\u0131\u015ft\u0131r\u0131p ba\u015fucuma koydum.<\/p>\n<p style=\"text-align: justify;\">Her sabah onu \u00f6p\u00fcyor kokluyorum.<\/p>\n<p style=\"text-align: justify;\">Kimseye s\u00f6yleme ama anne.<\/p>\n<p style=\"text-align: justify;\">Bazen de konu\u015fuyorum onunla.<\/p>\n<p style=\"text-align: justify;\">Ne yapay\u0131m seni \u00e7ok \u00f6zl\u00fcyorum anne.<\/p>\n<p style=\"text-align: justify;\">Ha unutmadan,<\/p>\n<p style=\"text-align: justify;\">\u00d6\u011fretmen yar\u0131n anneyi anlatan bir yaz\u0131 yazacaks\u0131n\u0131z dedi.<\/p>\n<p style=\"text-align: justify;\">Ben babama yazd\u0131raca\u011f\u0131m.<\/p>\n<p style=\"text-align: justify;\">\u00d6\u011fretmen anlarsa \u00e7ok k\u0131zar ama banane k\u0131zarsa k\u0131zs\u0131n.<\/p>\n<p style=\"text-align: justify;\">Ben seni hi\u00e7 g\u00f6rmedim ki neyi, nas\u0131l anlataca\u011f\u0131m anne.<\/p>\n<p style=\"text-align: justify;\">Senin ad\u0131n ge\u00e7ince sol yan\u0131m ac\u0131yor anne.<\/p>\n<p style=\"text-align: justify;\">Hi\u00e7 bir \u015fey yutam\u0131yorum.<\/p>\n<p style=\"text-align: justify;\">Bazen de dayanamay\u0131p a\u011fl\u0131yorum.<\/p>\n<p style=\"text-align: justify;\">Ka\u011f\u0131da da b\u00f6yle yazamam ya anne.<\/p>\n<p style=\"text-align: justify;\">Ben gidiyorum anne,<\/p>\n<p style=\"text-align: justify;\">Topra\u011f\u0131n\u0131 \u00f6peyim, sende r\u00fcyama gel beni \u00f6p.<\/p>\n<p style=\"text-align: justify;\">Mutlaka gel anne,<\/p>\n<p style=\"text-align: justify;\">Sen r\u00fcyama gelmeyince sol yan\u0131m\u0131n ac\u0131s\u0131yla uyan\u0131yorum anne.<\/p>\n<p style=\"text-align: justify;\">Sol yan\u0131m ac\u0131yor anne.<\/p>\n<p style=\"text-align: justify;\">\u0130\u015fte tam \u015furas\u0131,<\/p>\n<p style=\"text-align: justify;\">Sol yan\u0131m \u00e7ok ac\u0131yor anne.<\/p>\n<p style=\"text-align: justify;\">Seni \u00e7ok \u00f6zledim,<\/p>\n<p style=\"text-align: justify;\">Anne \u00e7ook.<\/p>\n<p style=\"text-align: justify;\"><a href=\"http:\/\/www.gazeteport.com.tr\/haber\/56272\/herkesi_aglatan_siir\" target=\"_blank\">Kaynak : GAZETEPORT<\/a><\/p>\n","protected":false},"excerpt":{"rendered":"<p style=\"text-align: center;\">\n<p style=\"text-align: justify;\">&#8216;Emekliyiz G\u00f6n\u00fcll\u00fcy\u00fcz&#8217; projesinin tan\u0131t\u0131m toplant\u0131s\u0131nda bir \u00f6\u011frencinin okudu\u011fu \u015fiir Hayr\u00fcnnisa G\u00fcl ve kat\u0131lanlar\u0131 a\u011flatt\u0131.<\/p>\n<p style=\"text-align: justify;\">ANKARA &#8211; Cumhurba\u015fkan\u0131 Abdullah G\u00fcl&#8217;\u00fcn e\u015fi Hayr\u00fcnnisa G\u00fcl&#8217;\u00fcn himayesinde y\u00fcr\u00fct\u00fclen &#8216;Emekliyiz G\u00f6n\u00fcll\u00fcy\u00fcz&#8217; projesi tan\u0131t\u0131m toplant\u0131s\u0131 \u00c7ankaya K\u00f6\u015fk\u00fc&#8217;nde yap\u0131ld\u0131. <\/p>\n","protected":false},"author":1,"featured_media":0,"comment_status":"open","ping_status":"open","sticky":false,"template":"","format":"standard","meta":{"footnotes":""},"categories":[105],"tags":[],"class_list":["post-40735","post","type-post","status-publish","format-standard","hentry","category-gundem","odd"],"_links":{"self":[{"href":"http:\/\/www.korhanyilmaz.com\/index.php?rest_route=\/wp\/v2\/posts\/40735","targetHints":{"allow":["GET"]}}],"collection":[{"href":"http:\/\/www.korhanyilmaz.com\/index.php?rest_route=\/wp\/v2\/posts"}],"about":[{"href":"http:\/\/www.korhanyilmaz.com\/index.php?rest_route=\/wp\/v2\/types\/post"}],"author":[{"embeddable":true,"href":"http:\/\/www.korhanyilmaz.com\/index.php?rest_route=\/wp\/v2\/users\/1"}],"replies":[{"embeddable":true,"href":"http:\/\/www.korhanyilmaz.com\/index.php?rest_route=%2Fwp%2Fv2%2Fcomments&post=40735"}],"version-history":[{"count":0,"href":"http:\/\/www.korhanyilmaz.com\/index.php?rest_route=\/wp\/v2\/posts\/40735\/revisions"}],"wp:attachment":[{"href":"http:\/\/www.korhanyilmaz.com\/index.php?rest_route=%2Fwp%2Fv2%2Fmedia&parent=40735"}],"wp:term":[{"taxonomy":"category","embeddable":true,"href":"http:\/\/www.korhanyilmaz.com\/index.php?rest_route=%2Fwp%2Fv2%2Fcategories&post=40735"},{"taxonomy":"post_tag","embeddable":true,"href":"http:\/\/www.korhanyilmaz.com\/index.php?rest_route=%2Fwp%2Fv2%2Ftags&post=40735"}],"curies":[{"name":"wp","href":"https:\/\/api.w.org\/{rel}","templated":true}]}}