{"id":40715,"date":"2011-10-06T17:26:20","date_gmt":"2011-10-06T14:26:20","guid":{"rendered":"http:\/\/www.korhanyilmaz.com\/?p=40715"},"modified":"2011-10-08T01:19:15","modified_gmt":"2011-10-07T22:19:15","slug":"biz-icerideyken-zirhli-aracinizda-mutlu-musunuz-komutanim","status":"publish","type":"post","link":"http:\/\/www.korhanyilmaz.com\/?p=40715","title":{"rendered":"&#8220;Biz i\u00e7erideyken z\u0131rhl\u0131 arac\u0131n\u0131zda mutlu musunuz komutan\u0131m&#8221;"},"content":{"rendered":"<p style=\"text-align: center;\"><a href=\"http:\/\/www.korhanyilmaz.com\/wp-content\/uploads\/2011\/10\/7146.jpg\"  class=\"lightview\"><img loading=\"lazy\" decoding=\"async\" class=\"aligncenter  wp-image-40716\" src=\"http:\/\/www.korhanyilmaz.com\/wp-content\/uploads\/2011\/10\/7146.jpg\" alt=\"\" width=\"398\" height=\"223\" \/><\/a><\/p>\n<p style=\"text-align: justify;\">\u201cBalyoz plan\u0131\u201d davas\u0131n\u0131n tutuklu san\u0131\u011f\u0131 Kurmay Albay Mustafa \u00d6nsel, \u201cHen\u00fcz do\u011fmad\u0131\u011f\u0131m 1960 ihtilalinin, \u00f6\u011frenci oldu\u011fum 12 Eyl\u00fcl&#8217;\u00fcn, uygulamalar\u0131n\u0131n \u00e7o\u011funu yanl\u0131\u015f buldu\u011fum 28 \u015eubat&#8217;\u0131n h\u0131nc\u0131 bizden \u00e7\u0131kart\u0131l\u0131yormu\u015f gibi hissediyorum\u201d dedi.\u00a0<!--more--><\/p>\n<p style=\"text-align: justify;\">\u0130stanbul 10. A\u011f\u0131r Ceza Mahkemesindeki duru\u015fmada savunmas\u0131n\u0131 yapan \u00d6nsel, hakk\u0131ndaki su\u00e7lamay\u0131 \u015fiddetle reddetti\u011fini belirterek, savunma de\u011fil su\u00e7lama yapaca\u011f\u0131n\u0131 s\u00f6yledi.<\/p>\n<p style=\"text-align: justify;\">\u0130lki 22 \u015eubat 2010 olmak \u00fczere ge\u00e7en y\u0131l 2 kez tutuklan\u0131p tahliye edilerek 4 ay tutuklu kald\u0131\u011f\u0131n\u0131 anlatan \u00d6nsel, bu y\u0131l yine \u015fubat ay\u0131nda tutuklan\u0131p \u00f6zg\u00fcrl\u00fc\u011f\u00fcn\u00fcn gasp edildi\u011fini, bundan dolay\u0131 ruhunun bu haks\u0131zl\u0131\u011fa isyan halinde oldu\u011funu dile getirdi.<\/p>\n<p style=\"text-align: justify;\">\u201cPost modern darbe diye yak\u0131n tarihin kay\u0131tlar\u0131na giren 28 \u015eubat s\u00fcreci ile ilgili dava a\u00e7\u0131ls\u0131n bakal\u0131m\u201d diyen \u00d6nsel, \u201cBu hi\u00e7 g\u00fcndeme getirilmez. O d\u00f6nemin en naml\u0131 generalini yanda\u015f ticari kurulu\u015flarda dan\u0131\u015fman olarak \u00e7al\u0131\u015ft\u0131racaks\u0131n, onunla ABD&#8217;lerde JINSA denilen Yahudi kurulu\u015funda sarma\u015f dola\u015f olacaks\u0131n, beni de darbeci olarak yarg\u0131latacaks\u0131n. Bu durumu \u015fiddetle k\u0131n\u0131yorum\u201d \u015feklinde konu\u015ftu.<\/p>\n<p style=\"text-align: justify;\"><strong>Bir dikta rejimi ya\u015f\u0131yoruz\u00a0<\/strong><\/p>\n<p style=\"text-align: justify;\">Bir ihtilal mahkemesinde yarg\u0131land\u0131\u011f\u0131 d\u00fc\u015f\u00fcncesine hakim oldu\u011funu ifade eden \u00d6nsel, \u201cHen\u00fcz do\u011fmad\u0131\u011f\u0131m 1960 ihtilalinin, \u00f6\u011frenci oldu\u011fum 12 Eyl\u00fcl&#8217;\u00fcn, uygulamalar\u0131n\u0131n \u00e7o\u011funu yanl\u0131\u015f buldu\u011fum 28 \u015eubat&#8217;\u0131n h\u0131nc\u0131 bizden \u00e7\u0131kart\u0131l\u0131yormu\u015f gibi hissediyorum. \u015eu anda asl\u0131nda demokrasi g\u00f6r\u00fcn\u00fcml\u00fc bir darbe, bir dikta rejimi ya\u015f\u0131yoruz. 12 Eyl\u00fcl&#8217;de, 28 \u015eubat&#8217;ta neler olduysa bug\u00fcn de benzer, hatta daha da k\u00f6t\u00fc \u015feyler oluyor. 12 Eyl\u00fcl ve 28 \u015eubat&#8217;\u0131n arkas\u0131nda kim varsa bug\u00fcnk\u00fcn\u00fcn arkas\u0131nda da ayn\u0131 g\u00fc\u00e7 var\u201d dedi.<\/p>\n<p style=\"text-align: justify;\">\u00d6nsel, 31 y\u0131l boyunca teniyle b\u00fct\u00fcnle\u015fen ama \u015fimdi ayr\u0131 d\u00fc\u015ft\u00fc\u011f\u00fc \u00fcniformas\u0131yla konu\u015ftu\u011funu belirterek, \u015funlar\u0131 kaydetti:<\/p>\n<p style=\"text-align: justify;\">\u201c\u0130hanet odaklar\u0131yla i\u015fbirli\u011fi yaparak, taraf\u0131m\u0131za bu iftiralar\u0131n at\u0131lmas\u0131na ve gelece\u011fimizin haks\u0131z yere karart\u0131lmas\u0131na, h\u00fcrriyetimizin gasp edilmesine sebep oldular. Onlar\u0131 lanetliyorum. Bu ihanetleri unutulmayacak. Gelecekleri i\u00e7in ge\u00e7mi\u015flerini satan bu \u00e7akallar\u0131 su\u00e7luyorum. En b\u00fcy\u00fck kinimiz onlarad\u0131r. Lanetimiz gelecek ku\u015faklar\u0131n\u0131 da kucaklayacakt\u0131r.\u201d<\/p>\n<p style=\"text-align: justify;\"><strong>Eski komutanlar\u0131na ele\u015ftiri\u00a0<\/strong><\/p>\n<p style=\"text-align: justify;\">Su\u00e7layaca\u011f\u0131 bir ba\u015fka grubun ise ge\u00e7mi\u015fte \u201cKomutan\u0131m\u201d dedikleri ki\u015filer oldu\u011funu kaydeden \u00d6nsel, \u015f\u00f6yle devam etti:<\/p>\n<p style=\"text-align: justify;\">\u201cAsker laf\u0131 e\u011fmeden, b\u00fckmeden s\u00f6yler. Soruldu\u011funda &#8216;Var da diyemem, yok da diyemem&#8217; diyen sevgili komutan\u0131m \u015fimdi rahat uyuyabiliyor musun? Ya sen, durup dururken sa\u00e7ma Nisan bildirisi yay\u0131mlayarak siyasete \u015fekil vermeye \u00e7al\u0131\u015fan pek sevgili komutan\u0131m. Biz cezaevinde ma\u011fdur iken z\u0131rhl\u0131 arac\u0131nla gezmekten mutlu oluyor musun? Sahi \u015fu Dolmabah\u00e7e&#8217;de ba\u015f yetkili ile sen ne konu\u015ftun? Hangi konuda ikna edildin? Yoksa bizlere yap\u0131lacak operasyonlara ye\u015fil \u0131\u015f\u0131k orada m\u0131 yak\u0131ld\u0131? Ne verdin? Sana da m\u0131 kaset g\u00f6nderdiler yoksa? Y\u0131llarca g\u00f6rev nedeniyle ayr\u0131 kald\u0131\u011f\u0131m e\u015fimden ve \u00e7ocuklar\u0131mdan hukuksuzca ayr\u0131 b\u0131rak\u0131l\u0131rken siz torunlar\u0131n\u0131z\u0131 g\u00f6n\u00fcl rahatl\u0131\u011f\u0131yla sevebiliyor musunuz?\u201d<\/p>\n<p style=\"text-align: justify;\">Grevde olan komutanlar\u0131na seslenen \u00d6nsel, \u201c(\u00c7ok \u00fcz\u00fcl\u00fcyoruz. Hukuki s\u00fcre\u00e7, sab\u0131r) diyenlere, silah arkada\u015fl\u0131\u011f\u0131 \u00f6lm\u00fc\u015f diyorum. Y\u00f6netiyorum zannetti\u011finiz ordunun sahte CD&#8217;lerle beli k\u0131r\u0131lm\u0131\u015f siz kime komutanl\u0131k yapt\u0131\u011f\u0131n\u0131z\u0131 san\u0131yorsunuz?\u201d dedi.<\/p>\n<p style=\"text-align: justify;\"><strong>T\u00fcmgeneral Helvac\u0131o\u011flu\u00a0<\/strong><\/p>\n<p style=\"text-align: justify;\">Tutuklu san\u0131klardan T\u00fcmgeneral Halil Helvac\u0131o\u011flu da hakk\u0131ndaki su\u00e7lamalara de\u011finerek, dava konusu seminere kat\u0131lmad\u0131\u011f\u0131n\u0131, ne konu\u015fuldu\u011funu, ne i\u015flendi\u011fini bilmedi\u011fini s\u00f6yledi.<\/p>\n<p style=\"text-align: justify;\">Jandarman\u0131n su\u00e7 te\u015fkil eden olaylarla ilgili mahkeme karar\u0131yla ki\u015filere ait bilgileri alabildi\u011fini ifade eden Helvac\u0131o\u011flu, \u201cJandarmada su\u00e7 i\u015flemi\u015f olan ki\u015filerin kay\u0131tlar\u0131 vard\u0131r. Su\u00e7 i\u015fleyen ki\u015filere ait bilgi havuzu vard\u0131r. Jandarman\u0131n istihbarat y\u00f6n\u00fcnden yetkisi kendi sorumluluk b\u00f6lgesiyle ilgilidir. Son y\u0131llarda da bu yetki daralt\u0131lm\u0131\u015ft\u0131r\u201d dedi.<\/p>\n<p style=\"text-align: justify;\">Jandarma generallerinin fi\u015flendi\u011fine ili\u015fkin belgede kendi ad\u0131n\u0131n 10&#8217;uncu s\u0131rada \u201cG\u00fcvenilir\u201d \u015feklinde yaz\u0131ld\u0131\u011f\u0131n\u0131 ifade eden Helvac\u0131o\u011flu, bunun kendi iradesi d\u0131\u015f\u0131nda ve g\u0131yab\u0131nda yaz\u0131ld\u0131\u011f\u0131n\u0131, kendisini ba\u011flamad\u0131\u011f\u0131n\u0131, bunu yazan ki\u015fiyi ilgilendirdi\u011fini kaydetti.<\/p>\n<p style=\"text-align: justify;\">G\u00f6lc\u00fck Donanma Komutanl\u0131\u011f\u0131na \u00e7\u0131kt\u0131\u011f\u0131 belirtilen belgeler aras\u0131nda san\u0131klardan S\u00fcha Tanyeri&#8217;ne ait oldu\u011fu iddia edilen notta \u201cAlbay Helvac\u0131o\u011flu\u201d olarak yer ald\u0131\u011f\u0131n\u0131 belirten Helvac\u0131o\u011flu, \u201cBurada isim yoktur. R\u00fctbe farkl\u0131d\u0131r. Soyad\u0131 benzerli\u011finden \u015fahs\u0131m oldu\u011fu kanaatine var\u0131lamaz. Ben belirtilen tarihte 2 y\u0131ll\u0131k generaldim\u201d dedi.<\/p>\n<p style=\"text-align: justify;\">Duru\u015fma, san\u0131klar\u0131n savunmalar\u0131n\u0131n al\u0131nmas\u0131yla devam ediyor.<\/p>\n<p style=\"text-align: justify;\"><a href=\"http:\/\/www.hurriyet.com.tr\/gundem\/18918031.asp\" target=\"_blank\">Kaynak : H\u00fcrriyet.com.tr<\/a><\/p>\n","protected":false},"excerpt":{"rendered":"<p style=\"text-align: center;\">\n<p style=\"text-align: justify;\">\u201cBalyoz plan\u0131\u201d davas\u0131n\u0131n tutuklu san\u0131\u011f\u0131 Kurmay Albay Mustafa \u00d6nsel, \u201cHen\u00fcz do\u011fmad\u0131\u011f\u0131m 1960 ihtilalinin, \u00f6\u011frenci oldu\u011fum 12 Eyl\u00fcl&#8217;\u00fcn, uygulamalar\u0131n\u0131n \u00e7o\u011funu yanl\u0131\u015f buldu\u011fum 28 \u015eubat&#8217;\u0131n h\u0131nc\u0131 bizden \u00e7\u0131kart\u0131l\u0131yormu\u015f gibi hissediyorum\u201d dedi. <\/p>\n","protected":false},"author":1,"featured_media":0,"comment_status":"open","ping_status":"open","sticky":false,"template":"","format":"standard","meta":{"footnotes":""},"categories":[105],"tags":[],"class_list":["post-40715","post","type-post","status-publish","format-standard","hentry","category-gundem","odd"],"_links":{"self":[{"href":"http:\/\/www.korhanyilmaz.com\/index.php?rest_route=\/wp\/v2\/posts\/40715","targetHints":{"allow":["GET"]}}],"collection":[{"href":"http:\/\/www.korhanyilmaz.com\/index.php?rest_route=\/wp\/v2\/posts"}],"about":[{"href":"http:\/\/www.korhanyilmaz.com\/index.php?rest_route=\/wp\/v2\/types\/post"}],"author":[{"embeddable":true,"href":"http:\/\/www.korhanyilmaz.com\/index.php?rest_route=\/wp\/v2\/users\/1"}],"replies":[{"embeddable":true,"href":"http:\/\/www.korhanyilmaz.com\/index.php?rest_route=%2Fwp%2Fv2%2Fcomments&post=40715"}],"version-history":[{"count":0,"href":"http:\/\/www.korhanyilmaz.com\/index.php?rest_route=\/wp\/v2\/posts\/40715\/revisions"}],"wp:attachment":[{"href":"http:\/\/www.korhanyilmaz.com\/index.php?rest_route=%2Fwp%2Fv2%2Fmedia&parent=40715"}],"wp:term":[{"taxonomy":"category","embeddable":true,"href":"http:\/\/www.korhanyilmaz.com\/index.php?rest_route=%2Fwp%2Fv2%2Fcategories&post=40715"},{"taxonomy":"post_tag","embeddable":true,"href":"http:\/\/www.korhanyilmaz.com\/index.php?rest_route=%2Fwp%2Fv2%2Ftags&post=40715"}],"curies":[{"name":"wp","href":"https:\/\/api.w.org\/{rel}","templated":true}]}}