{"id":40710,"date":"2011-10-06T17:23:21","date_gmt":"2011-10-06T14:23:21","guid":{"rendered":"http:\/\/www.korhanyilmaz.com\/?p=40710"},"modified":"2011-10-08T01:19:47","modified_gmt":"2011-10-07T22:19:47","slug":"28-subatin-hincini-benden-aliyorlar","status":"publish","type":"post","link":"http:\/\/www.korhanyilmaz.com\/?p=40710","title":{"rendered":"&#8220;28 \u015eubat&#8217;\u0131n h\u0131nc\u0131n\u0131 benden al\u0131yorlar&#8221;"},"content":{"rendered":"<p style=\"text-align: center;\"><a href=\"http:\/\/www.korhanyilmaz.com\/wp-content\/uploads\/2011\/10\/7145.jpg\"  class=\"lightview\"><img loading=\"lazy\" decoding=\"async\" class=\"aligncenter  wp-image-40711\" src=\"http:\/\/www.korhanyilmaz.com\/wp-content\/uploads\/2011\/10\/7145.jpg\" alt=\"\" width=\"322\" height=\"241\" \/><\/a><\/p>\n<p style=\"text-align: justify;\">Balyoz plan\u0131 davas\u0131n\u0131n tutuklu san\u0131\u011f\u0131 Kurmay Albay Mustafa \u00d6nsel, &#8221;Hen\u00fcz do\u011fmad\u0131\u011f\u0131m 1960 ihtilalinin, \u00f6\u011frenci oldu\u011fum 12 Eyl\u00fcl&#8217;\u00fcn, uygulamalar\u0131n\u0131n \u00e7o\u011funu yanl\u0131\u015f buldu\u011fum 28 \u015eubat&#8217;\u0131n h\u0131nc\u0131 bizden \u00e7\u0131kart\u0131l\u0131yormu\u015f gibi hissediyorum&#8221; dedi.<!--more--><\/p>\n<p style=\"text-align: justify;\">Cumhuriyet- Orgeneral Bilgin Balanl\u0131, emekli orgeneraller \u00c7etin Do\u011fan, \u0130brahim F\u0131rt\u0131na, Emekli Oramiral \u00d6zden \u00d6rnek ile MHP \u0130stanbul Milletvekili emekli Korgeneral Engin Alan\u2019\u0131n tutuklu bulundu\u011fu \u201cBalyoz Darbe Plan\u0131\u201d davas\u0131na, 2 aya yak\u0131n bir aradan sonra devam edildi. Savunma yapan tutuklu san\u0131k Jandarma Kurmay Albay Mustafa \u00d6nsel, \u201cHen\u00fcz do\u011fmad\u0131\u011f\u0131m 60 ihtilalinin, \u00f6\u011frenci oldu\u011fum 12 Eyl\u00fcl\u2019\u00fcn, uygulamalar\u0131n\u0131n \u00e7o\u011funu yanl\u0131\u015f buldu\u011fum 28 \u015eubat\u2019\u0131n h\u0131nc\u0131 bizden \u00e7\u0131kar\u0131l\u0131yormu\u015f gibi hissediyorum\u201d dedi. Eski Genelkurmay Ba\u015fkanlar\u0131 emekli Orgeneraller Hilmi \u00d6zk\u00f6k ve Ya\u015far B\u00fcy\u00fckan\u0131t\u2019\u0131 a\u011f\u0131r bir dille su\u00e7layan \u00d6nsel \u201cSizler bug\u00fcnlere gelmemizin en \u00f6nemli kilometre ta\u015flar\u0131s\u0131n\u0131z. Sizleri su\u00e7luyorum\u201d diye konu\u015ftu.<\/p>\n<p style=\"text-align: justify;\">\u0130stanbul\u2019da 1. Ordu Komutanl\u0131\u011f\u2019nda 3-7 Mart 2003 tarihlerinde ger\u00e7ekle\u015ftirilen plan seminerinin arka plan\u0131nda \u201cBalyoz darbe plan\u0131\u201d yap\u0131ld\u0131\u011f\u0131na ili\u015fkin a\u00e7\u0131lan iki davan\u0131n birle\u015ftirilerek g\u00f6r\u00fcld\u00fc\u011f\u00fc \u201cBalyoz Plan\u0131\u201d davas\u0131n\u0131n d\u00fcn 44. duru\u015fmas\u0131 yap\u0131ld\u0131. \u0130stanbul 10 A\u011f\u0131r Ceza Mahkemesi g\u00f6r\u00fclen 184\u2019\u00fc tutuklu toplam 224 san\u0131kl\u0131 davan\u0131n d\u00fcnk\u00fc oturumuna 168 tutuklu san\u0131k ile 27 tutuksuz san\u0131k kat\u0131ld\u0131. \u0130kinci dava ile birle\u015ftirilmesi nedeniyle artan tutuklu san\u0131klara ayr\u0131lan b\u00f6l\u00fcm tutuksuz san\u0131klara ayr\u0131lan b\u00f6l\u00fcme do\u011fru geni\u015fletildi. Tutuksuz san\u0131klardan bir b\u00f6l\u00fcm\u00fc de avukatlara ayr\u0131lan b\u00f6l\u00fcme oturtuldu.<\/p>\n<p style=\"text-align: justify;\"><strong>Kendimi yakar\u0131m\u00a0<\/strong><\/p>\n<p style=\"text-align: justify;\">Savunmas\u0131n\u0131 yapmak \u00fczere k\u00fcrs\u00fcye al\u0131nan tutuklu san\u0131k Jandarma Kurmay Albay Mustafa \u00d6nsel, hakk\u0131nda tek kan\u0131t olarak g\u00f6sterilen CD\u2019nin sahteli\u011finin ortaya konuldu\u011funu belirterek \u201cHaz\u0131rlad\u0131\u011f\u0131m iddia edilen listelerin de\u011fil tamam\u0131, bir tanesinin taraf\u0131mdan haz\u0131rland\u0131\u011f\u0131 ispat edilsin, kendimi burada yakaca\u011f\u0131m. Beni tan\u0131yanlar bunu yapaca\u011f\u0131n\u0131 bilirler\u201d diye konu\u015ftu. \u201cBu ayn\u0131 anda \u00fcniformama veda konu\u015fmas\u0131d\u0131r\u201d diyen \u00d6nsel, \u201cSevgili \u00fcniformam\u201d diyerek s\u00f6zlerini \u00fcniformas\u0131na hitaben s\u00fcrd\u00fcrd\u00fc. 20 \u015eubat 2010 g\u00fcn\u00fc g\u00f6zalt\u0131na al\u0131nd\u0131\u011f\u0131nda \u015foke oldu\u011funu anlatan \u00d6nsel, \u201c\u00c7at\u0131\u015fmada ilk pusuya d\u00fc\u015ft\u00fc\u011f\u00fcn\u00fczde ortaya \u00e7\u0131kan bir durumdur \u015fok. \u00c7ok ciddi yaralanm\u0131\u015ft\u0131k sevgili \u00fcniformam \u00e7ok ciddi. Nas\u0131l kalle\u015f bir pusuya d\u00fc\u015f\u00fcr\u00fcld\u00fc\u011f\u00fcm\u00fcz\u00fc, soru\u015fturma savc\u0131s\u0131n\u0131n kar\u015f\u0131s\u0131na \u00e7\u0131kt\u0131\u011f\u0131mda daha iyi anlad\u0131m. Bu pusu PKK\u2019nin pususuna benzemiyordu. Orada hi\u00e7 olmazsa silahlar e\u015fitti. Biz burada silahs\u0131zd\u0131k ve hukuk silah olarak kullan\u0131l\u0131p \u00fczerimize yayl\u0131m ate\u015fi a\u00e7\u0131lm\u0131\u015ft\u0131\u201d diye konu\u015ftu.<\/p>\n<p style=\"text-align: justify;\"><strong>\u00d6zk\u00f6k ve B\u00fcy\u00fckan\u0131t\u2019\u0131 su\u00e7lad\u0131\u00a0<\/strong><\/p>\n<p style=\"text-align: justify;\">\u201cKendimi burada tutuklu ve tutsak olarak g\u00f6rm\u00fcyorum\u201d diyen \u00d6nsel, \u201cBen ve di\u011fer san\u0131klar olsa olsa burada rehiniz. Genel affa kadar s\u00fcrecek bir s\u00fcre\u00e7 bu\u201d dedi. Mustafa \u00d6nsel eski Genelkurmay Ba\u015fkanlar\u0131, emekli orgeneraller Hilmi \u00d6zk\u00f6k ve Ya\u015far B\u00fcy\u00fckan\u0131t\u2019a isim vermeden g\u00f6nderme yaparak \u015fu su\u00e7lamalarda bulundu:<\/p>\n<p style=\"text-align: justify;\">\u201cSu\u00e7layaca\u011f\u0131m bir ba\u015fka grup ise ge\u00e7mi\u015fte komutan\u0131m dediklerimizdir. Asker laf\u0131 e\u011fmeden b\u00fckmeden s\u00f6yler. Soruldu\u011funda \u2018Var da diyemem, yok da diyemem\u2019 diyen sevgili komutan\u0131m \u015fimdi rahat uyuyabiliyor musun? Ya sen durup dururken sa\u00e7ma Nisan bildirisi yay\u0131nlayarak siyasete \u015fekil vermeye \u00e7al\u0131\u015fan pek sevgili komutan\u0131m. Biz cezaevinde ma\u011fdur iken z\u0131rhl\u0131 arac\u0131nda gezmekten mutlu oluyor musun? Hani \u015fu Dolmabah\u00e7e\u2019de ba\u015f yetkili ile sen ne konu\u015ftun? Hangi konuda ikna edildin? Yoksa bizlere yap\u0131lacak operasyonlara ye\u015fil \u0131\u015f\u0131k orada m\u0131 yak\u0131ld\u0131? Ne verdin? Ne ald\u0131n? Sana da m\u0131 kaset g\u00f6sterdiler yoksa? Y\u0131llarca g\u00f6rev nedeniyle ayr\u0131 kald\u0131\u011f\u0131m e\u015fimden ve \u00e7ocu\u011fumdan hukuksuzca ayr\u0131 b\u0131rak\u0131l\u0131rken siz torunlar\u0131n\u0131z\u0131 g\u00f6n\u00fcl rahatl\u0131\u011f\u0131yla sevebiliyor musunuz? Evet sizler bug\u00fcnlere gelmemizin en \u00f6nemli kilometre ta\u015flar\u0131s\u0131n\u0131z. Sizleri su\u00e7luyorum.\u201d<\/p>\n<p style=\"text-align: justify;\"><strong>Ordunun beli k\u0131r\u0131lm\u0131\u015f\u00a0<\/strong><\/p>\n<p style=\"text-align: justify;\">TSK\u2019de halen komuta kademesindeki komutanlara da sitem eden eden \u00d6nsel, \u201c\u015eimdi \u2018\u00e7ok \u00fcz\u00fcl\u00fcyoruz\u2019, \u2018hukuki s\u00fcre\u00e7\u2019, \u2018sab\u0131r\u2019 diyenlere \u2018silah arkada\u015fl\u0131\u011f\u0131 \u00f6lm\u00fc\u015f\u2019 diyorum. \u2018Y\u00f6netiyorum\u2019 zannetti\u011finiz ordunun sahte CD\u2019lerle beli k\u0131r\u0131lm\u0131\u015f, siz kime komutanl\u0131k yapaca\u011f\u0131n\u0131z\u0131 san\u0131yorsunuz? B\u0131rak\u0131n bo\u015f s\u00f6ylemleri, anamdan \u00e7ok \u00fcz\u00fclemezsiniz. Anam \u00fcz\u00fclmenin yan\u0131 s\u0131ra bir \u015fey daha yap\u0131yor. Bize dua, komploculara beddua ediyor. Siz onu da yapamazs\u0131n\u0131z\u201d diye konu\u015ftu. Tutuklu san\u0131k Tu\u011fgeneral Ali Ayd\u0131n\u2019\u0131n, 12 Eyl\u00fcl\u2019de g\u00f6zalt\u0131na al\u0131n\u0131p i\u015fkence g\u00f6rd\u00fc\u011f\u00fcn\u00fc, 28 \u015eubat\u2019ta ise irticac\u0131 ilan edildi\u011fini anlatan \u00d6nsel, \u201cTakibat ge\u00e7irip, yine aklanarak meslek hayat\u0131na devam etmi\u015ftir. Ya\u015fad\u0131\u011f\u0131m\u0131z s\u00fcre\u00e7te ise yine imzas\u0131z dijital belgeler ileri s\u00fcr\u00fclerek Balyoz davas\u0131nda tutuklanm\u0131\u015ft\u0131r\u201d diye a\u00e7\u0131klama yapt\u0131.<\/p>\n<p style=\"text-align: justify;\"><strong>\u00c7evik Bir\u2019i de su\u00e7lad\u0131\u00a0<\/strong><\/p>\n<p style=\"text-align: justify;\">\u00d6nsel, emekli orgeneral \u00c7evik Bir hakk\u0131nda isim vermeden \u015funlar\u0131 s\u00f6yledi:<\/p>\n<p style=\"text-align: justify;\">\u201cS\u00f6zde darbe ile u\u011fra\u015f\u0131laca\u011f\u0131na \u2018post modern darbe\u2019 diye yak\u0131n tarihimiz kay\u0131tlar\u0131na giren, 28 \u015eubat s\u00fcreci ile ilgili dava a\u00e7\u0131ls\u0131n bakal\u0131m. O d\u00f6nemin en naml\u0131 generalini yanda\u015f ticari kurulu\u015flarda dan\u0131\u015fman olarak \u00e7al\u0131\u015ft\u0131racaks\u0131n, onunla ABD\u2019lerde, J\u0130NSA denilen Yahudi kurulu\u015funda sarma\u015f dola\u015f olacaks\u0131n, beni de darbeci olarak yarg\u0131layacaks\u0131n. Bu durumu \u015fiddetle k\u0131n\u0131yorum.\u201d<\/p>\n<p style=\"text-align: justify;\">Emniyet g\u00f6revlilerini de su\u00e7layan \u00d6nsel, \u201cEmniyet i\u00e7erisinde, ABD\u2019li gizli servis elemanlar\u0131ndan e\u011fitim ad\u0131 alt\u0131nda destek alan bir grubun, bize kurulan tezgah\u0131n en \u00f6nemli yan\u0131n\u0131 te\u015fkil etti\u011fini d\u00fc\u015f\u00fcn\u00fcyorum. Sahte belge \u00fcreten, usuls\u00fcz ortam ve telefon dinlemesi yapan, \u015fantaj kasetleri \u00e7eken merkezlerin varl\u0131\u011f\u0131 herkesin malumudur\u201d dedi.<\/p>\n<p style=\"text-align: justify;\"><strong>Neden soru\u015fturma a\u00e7\u0131lmad\u0131?\u00a0<\/strong><\/p>\n<p style=\"text-align: justify;\">Emekli Korgeneral Altay Tokat\u2019\u0131n a\u00e7\u0131klamalar\u0131na da isim vermeden g\u00f6nderme yapan \u00d6nsel, \u201c\u0130nsanlar\u0131n hakk\u0131nda imzas\u0131z evrakta isim ge\u00e7ti diye dava a\u00e7\u0131lacak, ama dan\u0131\u015fmanl\u0131k yapt\u0131\u011f\u0131 iddia edilen emekli bir generalin \u2018G\u00fcneydo\u011fu\u2019da savc\u0131 ve hakimler yola gelsin diye sa\u011flar\u0131na sollar\u0131na bomba at\u0131yorduk\u2019 \u015feklinde a\u00e7\u0131k\u00e7a su\u00e7 i\u00e7eren zihni sinir a\u00e7\u0131klamas\u0131na dava a\u00e7\u0131lmayacak neden acaba\u201d diye sordu. Yarg\u0131 mensuplar\u0131na da, \u201c\u015eu yarg\u0131land\u0131\u011f\u0131m\u0131z davaya bak\u0131n. Sahteli\u011fi y\u00fczlerce kez ispatlanm\u0131\u015f bir CD \u00fczerinden tutuklu olarak yarg\u0131lan\u0131yoruz\u201d diye seslenen \u00d6nsel, Balyoz davas\u0131nda hukukun 2000 y\u0131ll\u0131k temel ilkelerinin uygulanmad\u0131\u011f\u0131n\u0131 s\u00f6yledi. \u00d6nsel savunmas\u0131n\u0131 g\u00f6zya\u015flar\u0131n\u0131 tutamayarak \u015fu s\u00f6zlerle tamamlad\u0131: \u201cBizim nesil olarak su\u00e7umuz var. Ger\u00e7ekten hepimiz sorumluluklar\u0131m\u0131z\u0131 daha iyi yerine getirseydik, \u00fclke bu \u015fekilde karabulutlarla kaplanmazd\u0131. Bunu ba\u015faramad\u0131k. Ba\u015farmaya \u00e7al\u0131\u015fanlar da az\u0131nl\u0131kta kald\u0131lar, itildiler, kat\u0131ld\u0131lar, hapislere t\u0131k\u0131ld\u0131lar. Bu tarihi yarg\u0131lamay\u0131 yapacak olan mahkemeler de\u011fil, sadece ve sadece gelecek nesillerimizdir.\u201d<\/p>\n<p style=\"text-align: justify;\">\u00d6nsel\u2019in savunmas\u0131n\u0131n alk\u0131\u015flanmas\u0131 \u00fczerine Ba\u015fkan \u00d6mer Diken, bu t\u00fcr davran\u0131\u015flardan ka\u00e7\u0131n\u0131lmas\u0131 i\u00e7in uyar\u0131s\u0131n\u0131 yineledi.<\/p>\n<p style=\"text-align: justify;\"><strong>Helvac\u0131o\u011flu\u2019nun savunmas\u0131\u00a0<\/strong><\/p>\n<p style=\"text-align: justify;\">Soru\u015fturma s\u0131ras\u0131nda \u0130\u00e7i\u015fleri Bakanl\u0131\u011f\u0131 taraf\u0131ndan a\u00e7\u0131\u011fa al\u0131nan T\u00fcmgeneral Halil Helvac\u0131o\u011flu ise savunmas\u0131nda, 3-7 Mart 2003\u2019teki seminere kat\u0131lmad\u0131\u011f\u0131n\u0131, ne konu\u015fuldu\u011funu bilmedi\u011fini ifade etti. Jandarma generallerinin fi\u015flendi\u011fi iddia edilen belgede kendi ad\u0131n\u0131n 10. s\u0131rada ve yan\u0131nda \u201cg\u00fcvenilir\u201d diye not d\u00fc\u015f\u00fcld\u00fc\u011f\u00fcn\u00fc anlatan Helvac\u0131o\u011flu, \u201cBenim iradem d\u0131\u015f\u0131nda ve g\u0131yab\u0131mda yaz\u0131lm\u0131\u015f\u201d diye konu\u015ftu. G\u00f6lc\u00fck\u2019te bulunan belgelerde \u201cAlbay Helvac\u0131o\u011flu\u201d diye kay\u0131t oldu\u011funa dikkat \u00e7eken \u201cSoyad\u0131 benzerli\u011finden \u015fahs\u0131m oldu\u011fu kanaatine var\u0131lamaz. Ben belirtilen tarihte 2 y\u0131ll\u0131k generaldim\u201d diye a\u00e7\u0131klamada bulundu.<\/p>\n<p style=\"text-align: justify;\"><strong>\u00c7a\u011flayan\u2019da uygun salon yok\u00a0<\/strong><\/p>\n<p style=\"text-align: justify;\">\u00dcye hakim Ali Efendi Peksak taraf\u0131ndan mahkemeye gelen cevabi yaz\u0131lar okundu. Mahkemenin, \u201c\u00c7a\u011flayan\u2019da Balyoz davas\u0131n\u0131n g\u00f6r\u00fclebilece\u011fi, g\u00f6r\u00fcnt\u00fcl\u00fc ve sesli kay\u0131t sistemini oldu\u011fu\u201d bir salon bulunup bulunmad\u0131\u011f\u0131na ili\u015fkin m\u00fczekkeresine gelen \u0130stanbul Cumhuriyet Savc\u0131l\u0131\u011f\u0131\u2019n\u0131n cevabi yaz\u0131s\u0131nda, \u201c\u00c7a\u011flayan Adliye Saray\u0131\u2019n\u0131n C1 blok zemin kat\u0131nda bulunan duru\u015fma salonunun, 50 san\u0131k, 50 izleyici ve 20 avukat kapasitesine sahip oldu\u011fu, \u00e7ok kanall\u0131 ses kay\u0131t sistemi, ses ve g\u00f6r\u00fcnt\u00fc miksleme sistemi ile gizli tan\u0131k b\u00f6l\u00fcm\u00fcn\u00fcn bulunmad\u0131\u011f\u0131\u201d kaydedildi.<\/p>\n<p style=\"text-align: justify;\"><a href=\"http:\/\/www.cumhuriyet.com.tr\/?hn=283008&amp;kw=%2228+%DEubat'%FDn+h%FDnc%FDn%FD+benden+al%FDyorlar%22\" target=\"_blank\">Kaynak : Cumhuriyet Haber Portal\u0131<\/a><\/p>\n","protected":false},"excerpt":{"rendered":"<p style=\"text-align: center;\">\n<p style=\"text-align: justify;\">Balyoz plan\u0131 davas\u0131n\u0131n tutuklu san\u0131\u011f\u0131 Kurmay Albay Mustafa \u00d6nsel, &#8221;Hen\u00fcz do\u011fmad\u0131\u011f\u0131m 1960 ihtilalinin, \u00f6\u011frenci oldu\u011fum 12 Eyl\u00fcl&#8217;\u00fcn, uygulamalar\u0131n\u0131n \u00e7o\u011funu yanl\u0131\u015f buldu\u011fum 28 \u015eubat&#8217;\u0131n h\u0131nc\u0131 bizden \u00e7\u0131kart\u0131l\u0131yormu\u015f gibi hissediyorum&#8221; dedi.<\/p>\n","protected":false},"author":1,"featured_media":0,"comment_status":"open","ping_status":"open","sticky":false,"template":"","format":"standard","meta":{"footnotes":""},"categories":[105],"tags":[],"class_list":["post-40710","post","type-post","status-publish","format-standard","hentry","category-gundem","odd"],"_links":{"self":[{"href":"http:\/\/www.korhanyilmaz.com\/index.php?rest_route=\/wp\/v2\/posts\/40710","targetHints":{"allow":["GET"]}}],"collection":[{"href":"http:\/\/www.korhanyilmaz.com\/index.php?rest_route=\/wp\/v2\/posts"}],"about":[{"href":"http:\/\/www.korhanyilmaz.com\/index.php?rest_route=\/wp\/v2\/types\/post"}],"author":[{"embeddable":true,"href":"http:\/\/www.korhanyilmaz.com\/index.php?rest_route=\/wp\/v2\/users\/1"}],"replies":[{"embeddable":true,"href":"http:\/\/www.korhanyilmaz.com\/index.php?rest_route=%2Fwp%2Fv2%2Fcomments&post=40710"}],"version-history":[{"count":0,"href":"http:\/\/www.korhanyilmaz.com\/index.php?rest_route=\/wp\/v2\/posts\/40710\/revisions"}],"wp:attachment":[{"href":"http:\/\/www.korhanyilmaz.com\/index.php?rest_route=%2Fwp%2Fv2%2Fmedia&parent=40710"}],"wp:term":[{"taxonomy":"category","embeddable":true,"href":"http:\/\/www.korhanyilmaz.com\/index.php?rest_route=%2Fwp%2Fv2%2Fcategories&post=40710"},{"taxonomy":"post_tag","embeddable":true,"href":"http:\/\/www.korhanyilmaz.com\/index.php?rest_route=%2Fwp%2Fv2%2Ftags&post=40710"}],"curies":[{"name":"wp","href":"https:\/\/api.w.org\/{rel}","templated":true}]}}