{"id":40698,"date":"2011-10-06T17:12:09","date_gmt":"2011-10-06T14:12:09","guid":{"rendered":"http:\/\/www.korhanyilmaz.com\/?p=40698"},"modified":"2011-10-08T01:21:29","modified_gmt":"2011-10-07T22:21:29","slug":"hukuksuzluklara-tanik-koruluk","status":"publish","type":"post","link":"http:\/\/www.korhanyilmaz.com\/?p=40698","title":{"rendered":"Hukuksuzluklara tan\u0131k koruluk"},"content":{"rendered":"<p style=\"text-align: center;\"><a href=\"http:\/\/www.korhanyilmaz.com\/wp-content\/uploads\/2011\/10\/7143.jpg\"  class=\"lightview\"><img loading=\"lazy\" decoding=\"async\" class=\"aligncenter  wp-image-40699\" src=\"http:\/\/www.korhanyilmaz.com\/wp-content\/uploads\/2011\/10\/7143.jpg\" alt=\"\" width=\"322\" height=\"241\" \/><\/a><\/p>\n<p style=\"text-align: justify;\">Ergenekon ve Balyoz davalar\u0131nda tutuklu bulunanlar ad\u0131na Silivri Cezaevi yerle\u015fkesi kar\u015f\u0131ndaki araziye 300 fidan dikildi. Sanat\u00e7\u0131 Levent K\u0131rca da, fidan dikerek eyleme destek verdi.<\/p>\n<p style=\"text-align: justify;\">Cumhuriyet &#8211; Balyoz davas\u0131nda tutuklu bulunan subaylar\u0131n yak\u0131nlar\u0131 ile \u0130\u015f\u00e7i Partililer ve \u00e7e\u015fitli sivil toplum kurulu\u015fundan temsilcilerin olu\u015fturdu\u011fu \u201c\u00c7ad\u0131r G\u00f6n\u00fcll\u00fcleri\u201d taraf\u0131ndan \u201cBug\u00fcnk\u00fc hukuksuzluklara tan\u0131kl\u0131k eden bir koruluk olu\u015fturmak i\u00e7in her ayd\u0131n i\u00e7in bir fidan\u201d s\u00f6ylemli eylem ger\u00e7ekle\u015ftirildi.\u00a0<!--more--><\/p>\n<p style=\"text-align: justify;\">Ergenekon soru\u015ftumas\u0131 kapsam\u0131nda tutuklanan, Birinci Ergenekon davas\u0131nda tutuklu san\u0131k \u0130\u015f\u00e7i Partisi Genel Ba\u015fkan\u0131 Do\u011fu Perin\u00e7ek\u2019in o\u011flu Mehmet Perin\u00e7ek ad\u0131na fidan diken sanat\u00e7\u0131 Levent K\u0131rca, yapt\u0131\u011f\u0131 a\u00e7\u0131klamada \u015funlar\u0131 s\u00f6yledi:<\/p>\n<p style=\"text-align: justify;\">\u201cBurada ya\u015fanan bence T\u00fcrkiye\u2019nin ay\u0131b\u0131d\u0131r. Benim buraya d\u00f6rd\u00fcnc\u00fc geli\u015fim. Her geldi\u011fimde vicdan\u0131m s\u0131zl\u0131yor. Gelmedi\u011fim zamanda vicdan\u0131m s\u0131zl\u0131yor. \u0130nan\u0131lmaz \u00fcz\u00fcl\u00fcyorum. Bizler de bir anlamda \u00e7\u00f6kt\u00fck. Buradaki de\u011ferli insanlar i\u00e7in bir\u015fey yap\u0131lamad\u0131\u011f\u0131n\u0131 g\u00f6rmek, k\u00fc\u00e7\u00fck \u00e7abalar g\u00f6rmek beni \u00e7ok \u00fcz\u00fcyor. Toplum duyars\u0131zla\u015ft\u0131. Adeta buradaki insanlar i\u00e7erde unutuldu. \u00c7ok \u00fcz\u00fcl\u00fcyorum. Burada ge\u00e7en y\u0131llara ne diyece\u011fiz.\u201d<\/p>\n<p style=\"text-align: justify;\"><strong>\u00c7ad\u0131r n\u00f6bet\u00e7ileri\u00a0<\/strong><\/p>\n<p style=\"text-align: justify;\">Emekli Orgeneral \u00c7etin Do\u011fan\u2019\u0131n e\u015fi Nilg\u00fcl Do\u011fan da, konu\u015fmas\u0131nda \u201cBizler d\u0131\u015far\u0131da \u00e7ad\u0131r n\u00f6bet\u00e7ileri bu hukuksuzluklar sona erinceye kadar sizlerin hakk\u0131n\u0131 hukukunu savunmaya ve bu u\u011furda m\u00fccadele etmeye yemin ettik. Bug\u00fcn sizin ad\u0131n\u0131za Silivri Mahkemelerinin tam kar\u015f\u0131s\u0131na fidan diktik. Ayd\u0131nl\u0131k d\u00fc\u015f\u00fcncenizi cesur y\u00fcre\u011finizi simgeleyen isminizi de yan\u0131na ili\u015ftirdik. \u0130leride tarih sayfalar\u0131na kara bir leke olarak ge\u00e7ecek bu davalar sona erdikten sonra her fidan bu hukuk cinayetinin bir tan\u0131\u011f\u0131 olarak b\u00fcy\u00fcyecek\u201d diye konu\u015ftu.<\/p>\n<p style=\"text-align: justify;\"><a href=\"http:\/\/www.cumhuriyet.com.tr\/?hn=283038\" target=\"_blank\">Kaynak : Cumhuriyet Haber Portal\u0131<\/a><\/p>\n","protected":false},"excerpt":{"rendered":"<p style=\"text-align: center;\">\n<p style=\"text-align: justify;\">Ergenekon ve Balyoz davalar\u0131nda tutuklu bulunanlar ad\u0131na Silivri Cezaevi yerle\u015fkesi kar\u015f\u0131ndaki araziye 300 fidan dikildi. Sanat\u00e7\u0131 Levent K\u0131rca da, fidan dikerek eyleme destek verdi.<\/p>\n<p style=\"text-align: justify;\">Cumhuriyet &#8211; Balyoz davas\u0131nda tutuklu bulunan subaylar\u0131n yak\u0131nlar\u0131 ile \u0130\u015f\u00e7i Partililer ve \u00e7e\u015fitli sivil toplum kurulu\u015fundan temsilcilerin olu\u015fturdu\u011fu \u201c\u00c7ad\u0131r G\u00f6n\u00fcll\u00fcleri\u201d taraf\u0131ndan \u201cBug\u00fcnk\u00fc hukuksuzluklara tan\u0131kl\u0131k <\/p>\n","protected":false},"author":1,"featured_media":0,"comment_status":"open","ping_status":"open","sticky":false,"template":"","format":"standard","meta":{"footnotes":""},"categories":[105],"tags":[],"class_list":["post-40698","post","type-post","status-publish","format-standard","hentry","category-gundem","odd"],"_links":{"self":[{"href":"http:\/\/www.korhanyilmaz.com\/index.php?rest_route=\/wp\/v2\/posts\/40698","targetHints":{"allow":["GET"]}}],"collection":[{"href":"http:\/\/www.korhanyilmaz.com\/index.php?rest_route=\/wp\/v2\/posts"}],"about":[{"href":"http:\/\/www.korhanyilmaz.com\/index.php?rest_route=\/wp\/v2\/types\/post"}],"author":[{"embeddable":true,"href":"http:\/\/www.korhanyilmaz.com\/index.php?rest_route=\/wp\/v2\/users\/1"}],"replies":[{"embeddable":true,"href":"http:\/\/www.korhanyilmaz.com\/index.php?rest_route=%2Fwp%2Fv2%2Fcomments&post=40698"}],"version-history":[{"count":0,"href":"http:\/\/www.korhanyilmaz.com\/index.php?rest_route=\/wp\/v2\/posts\/40698\/revisions"}],"wp:attachment":[{"href":"http:\/\/www.korhanyilmaz.com\/index.php?rest_route=%2Fwp%2Fv2%2Fmedia&parent=40698"}],"wp:term":[{"taxonomy":"category","embeddable":true,"href":"http:\/\/www.korhanyilmaz.com\/index.php?rest_route=%2Fwp%2Fv2%2Fcategories&post=40698"},{"taxonomy":"post_tag","embeddable":true,"href":"http:\/\/www.korhanyilmaz.com\/index.php?rest_route=%2Fwp%2Fv2%2Ftags&post=40698"}],"curies":[{"name":"wp","href":"https:\/\/api.w.org\/{rel}","templated":true}]}}