{"id":40693,"date":"2011-10-06T17:18:40","date_gmt":"2011-10-06T14:18:40","guid":{"rendered":"http:\/\/www.korhanyilmaz.com\/?p=40693"},"modified":"2011-10-08T01:20:56","modified_gmt":"2011-10-07T22:20:56","slug":"parasiz-egitim-pankarti-19-ay-sonra-ozgur","status":"publish","type":"post","link":"http:\/\/www.korhanyilmaz.com\/?p=40693","title":{"rendered":"\u2018Paras\u0131z e\u011fitim\u2019 pankart\u0131 19 ay sonra \u00f6zg\u00fcr"},"content":{"rendered":"<p style=\"text-align: center;\"><a href=\"http:\/\/www.korhanyilmaz.com\/wp-content\/uploads\/2011\/10\/7142.jpg\"  class=\"lightview\"><img loading=\"lazy\" decoding=\"async\" class=\"aligncenter size-full wp-image-40694\" src=\"http:\/\/www.korhanyilmaz.com\/wp-content\/uploads\/2011\/10\/7142.jpg\" alt=\"\" width=\"298\" height=\"189\" \/><\/a><\/p>\n<p style=\"text-align: justify;\">&#8221;Roman Bulu\u015fmas\u0131&#8221;nda pankart a\u00e7t\u0131klar\u0131 i\u00e7in 19 ayd\u0131r cezaevinde bulunan Ferhat T\u00fczer ile Berna Y\u0131lmaz isimli \u00f6\u011frenciler serbest b\u0131rak\u0131ld\u0131.<\/p>\n<p style=\"text-align: justify;\">\u0130STANBUL &#8211; Ba\u015fbakan Recep Tayyip Erdo\u011fan\u2019\u0131n \u201cRoman a\u00e7\u0131l\u0131m\u0131\u201d toplant\u0131s\u0131nda \u201cParas\u0131z e\u011fitim istiyoruz. Alaca\u011f\u0131z\u201d yaz\u0131l\u0131 pankart a\u00e7an Ferhat T\u00fczer ile Berna Y\u0131lmaz isimli \u00f6\u011frenciler bir kez daha hakim kar\u015f\u0131s\u0131na \u00e7\u0131kt\u0131.\u00a0<!--more--><\/p>\n<p style=\"text-align: justify;\">\u0130stanbul Adliyesi\u2019nde g\u00f6r\u00fclen davan\u0131n bug\u00fcnk\u00fc duru\u015fmas\u0131nda mahkeme, Ferhat T\u00fczer ile Berna Y\u0131lmaz\u2019\u0131 tahliye etti.<\/p>\n<p style=\"text-align: justify;\">\u00d6te yandan, adliye \u00f6n\u00fcnde toplanan CHP \u0130stanbul \u0130l Ba\u015fkanl\u0131\u011f\u0131 \u00fcyesi bir grup, protesto g\u00f6sterisi yapt\u0131. Ellerinde \u00e7e\u015fitli d\u00f6vizler ta\u015f\u0131yan grup, \u00e7e\u015fitli sloganlar att\u0131.<\/p>\n<p style=\"text-align: justify;\"><strong>TEK\u0130N: TAK\u0130P\u00c7\u0130S\u0130 OLACA\u011eIZ<\/strong><\/p>\n<p style=\"text-align: justify;\">500\u2019e yak\u0131n \u00f6\u011frencinin tutuklu oldu\u011funu ifade eden CHP Genel Ba\u015fkan Yard\u0131mc\u0131s\u0131 G\u00fcrsel Tekin, \u201cAfrika semalar\u0131nda Ortado\u011fu&#8217;ya, ba\u015fka \u00fclkelere demokrasi dersi veren, bir pankarta tahamm\u00fcl edemeyen ba\u015fbakan\u0131n, demokrasiden bahsetme hakk\u0131 olmamal\u0131 diye d\u00fc\u015f\u00fcn\u00fcyorum&#8221; dedi.<\/p>\n<p style=\"text-align: justify;\">Tutuklu t\u00fcm \u00f6\u011frencilerin takip\u00e7isi olacaklar\u0131n\u0131 belirten Tekin, \u015funlar\u0131 s\u00f6yledi: &#8221;Parlamentoda sonuna kadar takip\u00e7isi olaca\u011f\u0131z. \u0130ktidar kendisi gibi d\u00fc\u015f\u00fcnmeyen herkesi potansiyel su\u00e7lu gibi g\u00f6stermeye devam etse de biz m\u00fccadeleye sonuna kadar devam edece\u011fiz.&#8221;<\/p>\n<p style=\"text-align: justify;\">CHP \u0130stanbul \u0130l Ba\u015fkan\u0131 O\u011fuz Kaan Sal\u0131c\u0131 da iki \u00f6\u011frencinin tek su\u00e7unun bir sosyal devlette zaten olmas\u0131 gereken paras\u0131z e\u011fitim hakk\u0131n\u0131 istemek oldu\u011funu kaydederek, &#8221;Bunun i\u00e7in okullar\u0131ndan at\u0131ld\u0131lar, 19 ayd\u0131r hapisteler&#8221; dedi.<\/p>\n<p style=\"text-align: justify;\">A\u00e7\u0131klamaya CHP \u0130stanbul milletvekilleri S\u00fcleyman \u00c7elebi ile Mahmut Tanal da kat\u0131ld\u0131.<\/p>\n<p style=\"text-align: justify;\">T\u00fczer ve Y\u0131lmaz&#8217;\u0131n tutuklanmas\u0131n\u0131 protesto ama\u00e7l\u0131 \u00e7e\u015fitli sloganlar atan grup daha sonra da\u011f\u0131ld\u0131.<\/p>\n<p style=\"text-align: justify;\"><strong>\u0130K\u0130NC\u0130 PROTESTO<\/strong><\/p>\n<p style=\"text-align: justify;\">Bu arada, bir grup Gen\u00e7lik Federasyonu \u00fcyesi de adliye giri\u015fi \u00f6n\u00fcne &#8221;Paras\u0131z e\u011fitim su\u00e7 de\u011fil, Ferhat T\u00fczer ve Berna Y\u0131lmaz serbest b\u0131rak\u0131ls\u0131n&#8221; yaz\u0131l\u0131 pankart a\u00e7arak, bir s\u00fcre oturma eylemi yapt\u0131.<\/p>\n<p style=\"text-align: justify;\">Oturma eylemine CHP \u0130stanbul Milletvekili Mahmut Tanal da kat\u0131larak, bir s\u00fcre destek verdi.<\/p>\n<p style=\"text-align: justify;\"><a href=\"http:\/\/www.ntvmsnbc.com\/id\/25286166\/\" target=\"_blank\">Kaynak : NTVMSNBC<\/a><\/p>\n","protected":false},"excerpt":{"rendered":"<p style=\"text-align: center;\">\n<p style=\"text-align: justify;\">&#8221;Roman Bulu\u015fmas\u0131&#8221;nda pankart a\u00e7t\u0131klar\u0131 i\u00e7in 19 ayd\u0131r cezaevinde bulunan Ferhat T\u00fczer ile Berna Y\u0131lmaz isimli \u00f6\u011frenciler serbest b\u0131rak\u0131ld\u0131.<\/p>\n<p style=\"text-align: justify;\">\u0130STANBUL &#8211; Ba\u015fbakan Recep Tayyip Erdo\u011fan\u2019\u0131n \u201cRoman a\u00e7\u0131l\u0131m\u0131\u201d toplant\u0131s\u0131nda \u201cParas\u0131z e\u011fitim istiyoruz. Alaca\u011f\u0131z\u201d yaz\u0131l\u0131 pankart a\u00e7an Ferhat T\u00fczer ile Berna Y\u0131lmaz isimli \u00f6\u011frenciler bir kez daha hakim kar\u015f\u0131s\u0131na \u00e7\u0131kt\u0131. <\/p>\n","protected":false},"author":1,"featured_media":0,"comment_status":"open","ping_status":"open","sticky":false,"template":"","format":"standard","meta":{"footnotes":""},"categories":[105],"tags":[],"class_list":["post-40693","post","type-post","status-publish","format-standard","hentry","category-gundem","odd"],"_links":{"self":[{"href":"http:\/\/www.korhanyilmaz.com\/index.php?rest_route=\/wp\/v2\/posts\/40693","targetHints":{"allow":["GET"]}}],"collection":[{"href":"http:\/\/www.korhanyilmaz.com\/index.php?rest_route=\/wp\/v2\/posts"}],"about":[{"href":"http:\/\/www.korhanyilmaz.com\/index.php?rest_route=\/wp\/v2\/types\/post"}],"author":[{"embeddable":true,"href":"http:\/\/www.korhanyilmaz.com\/index.php?rest_route=\/wp\/v2\/users\/1"}],"replies":[{"embeddable":true,"href":"http:\/\/www.korhanyilmaz.com\/index.php?rest_route=%2Fwp%2Fv2%2Fcomments&post=40693"}],"version-history":[{"count":0,"href":"http:\/\/www.korhanyilmaz.com\/index.php?rest_route=\/wp\/v2\/posts\/40693\/revisions"}],"wp:attachment":[{"href":"http:\/\/www.korhanyilmaz.com\/index.php?rest_route=%2Fwp%2Fv2%2Fmedia&parent=40693"}],"wp:term":[{"taxonomy":"category","embeddable":true,"href":"http:\/\/www.korhanyilmaz.com\/index.php?rest_route=%2Fwp%2Fv2%2Fcategories&post=40693"},{"taxonomy":"post_tag","embeddable":true,"href":"http:\/\/www.korhanyilmaz.com\/index.php?rest_route=%2Fwp%2Fv2%2Ftags&post=40693"}],"curies":[{"name":"wp","href":"https:\/\/api.w.org\/{rel}","templated":true}]}}