{"id":40689,"date":"2011-10-06T15:16:54","date_gmt":"2011-10-06T12:16:54","guid":{"rendered":"http:\/\/www.korhanyilmaz.com\/?p=40689"},"modified":"2011-10-08T01:23:35","modified_gmt":"2011-10-07T22:23:35","slug":"balyoz-saniklari-mahkemeye-sigmadi","status":"publish","type":"post","link":"http:\/\/www.korhanyilmaz.com\/?p=40689","title":{"rendered":"Balyoz san\u0131klar\u0131 mahkemeye s\u0131\u011fmad\u0131"},"content":{"rendered":"<p style=\"text-align: center;\"><a href=\"http:\/\/www.korhanyilmaz.com\/wp-content\/uploads\/2011\/10\/7141.jpg\"  class=\"lightview\"><img loading=\"lazy\" decoding=\"async\" class=\"aligncenter size-full wp-image-40690\" src=\"http:\/\/www.korhanyilmaz.com\/wp-content\/uploads\/2011\/10\/7141.jpg\" alt=\"\" width=\"298\" height=\"228\" \/><\/a><\/p>\n<p style=\"text-align: justify;\">Birle\u015ftirilen Birinci ve \u0130kinci Balyoz davas\u0131n\u0131n g\u00f6r\u00fcld\u00fc\u011f\u00fc duru\u015fmaya 224 san\u0131ktan 195&#8217;i kat\u0131l\u0131nca salonda yo\u011funluk ya\u015fand\u0131. San\u0131klar salona s\u0131\u011fmay\u0131nca avukatlar\u0131n bulundu\u011fu b\u00f6l\u00fcme al\u0131nd\u0131.<\/p>\n<p style=\"text-align: justify;\">\u0130STANBUL &#8211; Birinci ve \u0130kinci \u201cBalyoz\u201d davalar\u0131n\u0131n birle\u015ftirilmesinin ard\u0131ndan ilk duru\u015fma bug\u00fcn yap\u0131ld\u0131.\u00a0<!--more--><\/p>\n<p style=\"text-align: justify;\">\u0130stanbul 10. A\u011f\u0131r Ceza Mahkemesi taraf\u0131ndan Silivri\u2019de yap\u0131lan \u201cBalyoz\u201d duru\u015fmas\u0131na eski 1. Ordu Komutan\u0131 emekli Orgeneral \u00c7etin Do\u011fan, eski Hava Kuvvetleri Komutan\u0131 emekli Orgeneral Halil \u0130brahim F\u0131rt\u0131na ve eski Deniz Kuvvetleri Komutan\u0131 emekli Oramiral \u00d6zden \u00d6rnek, MHP&#8217;den milletvekili se\u00e7ilen emekli Korgeneral Engin Alan, Korgeneral Turgut Atman ve T\u00fcmgeneral \u0130smail Ta\u015f&#8217;\u0131n da aralar\u0131nda bulundu\u011fu tutuklu 168 san\u0131k ile tutuksuz yarg\u0131lanan 27 san\u0131k kat\u0131ld\u0131.<\/p>\n<p style=\"text-align: justify;\">Orgeneral Bilgin Balanl\u0131&#8217;n\u0131n da aralar\u0131nda bulundu\u011fu 16 tutuklu san\u0131\u011f\u0131n gelmedi\u011fi duru\u015fmaya, hakk\u0131nda yakalama karar\u0131 bulunan san\u0131klar T\u00fcmamiral Ahmet Sinan Ertu\u011frul ile Ergin Saygun da kat\u0131lmad\u0131.<\/p>\n<p style=\"text-align: justify;\">Duru\u015fmada san\u0131k say\u0131s\u0131 fazla olunca sandalye s\u0131k\u0131nt\u0131s\u0131 ya\u015fand\u0131. 27 tutuksuz san\u0131ktan 8&#8217;i avukatlar\u0131n bulundu\u011fu b\u00f6l\u00fcme yerle\u015ftirildi.<\/p>\n<p style=\"text-align: justify;\">Davalar\u0131n birle\u015fmesiyle san\u0131k say\u0131s\u0131n\u0131n artaca\u011f\u0131 ve salonun yetmeyece\u011fi g\u00f6r\u00fc\u015f\u00fcyle mahkeme, \u00c7a\u011flayan&#8217;da yeni a\u00e7\u0131lan \u0130stanbul Adalet Saray\u0131\u2019n\u0131n uygun salon olup olmad\u0131\u011f\u0131n\u0131 sormu\u015ftu.<\/p>\n<p style=\"text-align: justify;\">Ba\u015fsavc\u0131l\u0131ktan gelen yan\u0131tta, yeni adliye binas\u0131nda da bu davan\u0131n g\u00f6r\u00fclmesi i\u00e7in uygun bir salon olmad\u0131\u011f\u0131 belirtildi.<\/p>\n<p style=\"text-align: justify;\"><a href=\"http:\/\/www.ntvmsnbc.com\/id\/25286110\/\" target=\"_blank\">Kaynak : NTVMSNBC<\/a><\/p>\n","protected":false},"excerpt":{"rendered":"<p style=\"text-align: center;\">\n<p style=\"text-align: justify;\">Birle\u015ftirilen Birinci ve \u0130kinci Balyoz davas\u0131n\u0131n g\u00f6r\u00fcld\u00fc\u011f\u00fc duru\u015fmaya 224 san\u0131ktan 195&#8217;i kat\u0131l\u0131nca salonda yo\u011funluk ya\u015fand\u0131. San\u0131klar salona s\u0131\u011fmay\u0131nca avukatlar\u0131n bulundu\u011fu b\u00f6l\u00fcme al\u0131nd\u0131.<\/p>\n<p style=\"text-align: justify;\">\u0130STANBUL &#8211; Birinci ve \u0130kinci \u201cBalyoz\u201d davalar\u0131n\u0131n birle\u015ftirilmesinin ard\u0131ndan ilk duru\u015fma bug\u00fcn yap\u0131ld\u0131. <\/p>\n","protected":false},"author":1,"featured_media":0,"comment_status":"open","ping_status":"open","sticky":false,"template":"","format":"standard","meta":{"footnotes":""},"categories":[105],"tags":[],"class_list":["post-40689","post","type-post","status-publish","format-standard","hentry","category-gundem","odd"],"_links":{"self":[{"href":"http:\/\/www.korhanyilmaz.com\/index.php?rest_route=\/wp\/v2\/posts\/40689","targetHints":{"allow":["GET"]}}],"collection":[{"href":"http:\/\/www.korhanyilmaz.com\/index.php?rest_route=\/wp\/v2\/posts"}],"about":[{"href":"http:\/\/www.korhanyilmaz.com\/index.php?rest_route=\/wp\/v2\/types\/post"}],"author":[{"embeddable":true,"href":"http:\/\/www.korhanyilmaz.com\/index.php?rest_route=\/wp\/v2\/users\/1"}],"replies":[{"embeddable":true,"href":"http:\/\/www.korhanyilmaz.com\/index.php?rest_route=%2Fwp%2Fv2%2Fcomments&post=40689"}],"version-history":[{"count":0,"href":"http:\/\/www.korhanyilmaz.com\/index.php?rest_route=\/wp\/v2\/posts\/40689\/revisions"}],"wp:attachment":[{"href":"http:\/\/www.korhanyilmaz.com\/index.php?rest_route=%2Fwp%2Fv2%2Fmedia&parent=40689"}],"wp:term":[{"taxonomy":"category","embeddable":true,"href":"http:\/\/www.korhanyilmaz.com\/index.php?rest_route=%2Fwp%2Fv2%2Fcategories&post=40689"},{"taxonomy":"post_tag","embeddable":true,"href":"http:\/\/www.korhanyilmaz.com\/index.php?rest_route=%2Fwp%2Fv2%2Ftags&post=40689"}],"curies":[{"name":"wp","href":"https:\/\/api.w.org\/{rel}","templated":true}]}}