{"id":40672,"date":"2011-10-06T14:46:40","date_gmt":"2011-10-06T11:46:40","guid":{"rendered":"http:\/\/www.korhanyilmaz.com\/?p=40672"},"modified":"2011-10-08T01:24:02","modified_gmt":"2011-10-07T22:24:02","slug":"ak-parti-ilce-binasi-onunde-arbede","status":"publish","type":"post","link":"http:\/\/www.korhanyilmaz.com\/?p=40672","title":{"rendered":"Ak Parti il\u00e7e binas\u0131 \u00f6n\u00fcnde arbede"},"content":{"rendered":"<div id=\"attachment_40673\" style=\"width: 330px\" class=\"wp-caption aligncenter\"><a href=\"http:\/\/www.korhanyilmaz.com\/wp-content\/uploads\/2011\/10\/7138.jpg\"  class=\"lightview\"><img loading=\"lazy\" decoding=\"async\" aria-describedby=\"caption-attachment-40673\" class=\" wp-image-40673  \" src=\"http:\/\/www.korhanyilmaz.com\/wp-content\/uploads\/2011\/10\/7138.jpg\" alt=\"\" width=\"320\" height=\"214\" \/><\/a><p id=\"caption-attachment-40673\" class=\"wp-caption-text\">AR\u015e\u0130V<\/p><\/div>\n<p style=\"text-align: justify;\">Sosyalist Gen\u00e7lik Derne\u011fi \u00fcyesi bir grup, F\u00fcze kalkan\u0131 projesini protesto i\u00e7in AK Parti Kad\u0131k\u00f6y \u0130l\u00e7e Te\u015fkilat\u0131na pankart asmak istedi. Direnen gen\u00e7ler, yaka pa\u00e7a g\u00f6zalt\u0131na al\u0131nd\u0131.\u00a0<!--more--><\/p>\n<p style=\"text-align: justify;\">Binan\u0131n \u00f6n\u00fcne elindeki po\u015fetle gelen iki eylemci polisler taraf\u0131ndan durdurulup \u00fczerleri arand\u0131. Po\u015fetin i\u00e7ini a\u00e7an polis eylem i\u00e7in haz\u0131rlanan bez bir afi\u015f buldu. Polis \u00fczerinde f\u00fcze kalkan\u0131 projesine tepki i\u00e7in haz\u0131rlanm\u0131\u015f yaz\u0131 bulunan pankarta el koydu. Bu s\u0131rada AK Parti \u0130l\u00e7e Te\u015fkilat\u0131n\u0131n bulundu\u011fu binaya iki eylemci gencin daha girdi\u011fi anla\u015f\u0131ld\u0131. Polis biri kad\u0131n toplam 4 eylemciyi g\u00f6zalt\u0131na almak istedi. Ancak gen\u00e7ler direnince polislerde g\u00fc\u00e7 kulland\u0131.<\/p>\n<p style=\"text-align: justify;\"><strong>Yere yat\u0131r\u0131l\u0131p kelep\u00e7elendiler\u00a0<\/strong><\/p>\n<p style=\"text-align: justify;\">G\u00f6zalt\u0131na al\u0131nmak istemeyen eylemcileri polis ekipleri yaka pa\u00e7a g\u00f6zalt\u0131na ald\u0131. \u00c7\u0131kan arbedede polisler dahil g\u00f6zalt\u0131na al\u0131nan eylemciler yere d\u00fc\u015ft\u00fc. Polis 4 eylemciyi yere yat\u0131r\u0131p kelep\u00e7eleyerek g\u00fc\u00e7l\u00fckle g\u00f6zalt\u0131na ald\u0131. Kad\u0131n eylemci polis taraf\u0131ndan koluna girilerek ekip otosuna bindirilmek istendi. Ancak o da arkada\u015flar\u0131 gibi direnince polis onu da yere yat\u0131r\u0131p kelep\u00e7eleyerek g\u00f6zalt\u0131na ald\u0131. G\u00f6zalt\u0131na al\u0131nan eylemciler ekip otosuna da yine zor bindirilebildi. Eylemciler g\u00f6zalt\u0131na al\u0131n\u0131p ekip otosuna bindirilirken h\u00fck\u00fcmet aleyhine sloganlar att\u0131. G\u00f6zalt\u0131na al\u0131nan eylemciler detayl\u0131 ifadelerinin al\u0131nmas\u0131 i\u00e7in polis merkezine g\u00f6t\u00fcr\u00fcld\u00fc.<\/p>\n<p style=\"text-align: justify;\"><a href=\"http:\/\/www.cnnturk.com\/2011\/turkiye\/10\/06\/ak.parti.ilce.binasi.onunde.arbede\/632121.0\/index.html\" target=\"_blank\">Kaynak : CNN T\u00dcRK<\/a><\/p>\n","protected":false},"excerpt":{"rendered":"<p id=\"caption-attachment-40673\" class=\"wp-caption-text\">AR\u015e\u0130V<\/p>\n<p style=\"text-align: justify;\">Sosyalist Gen\u00e7lik Derne\u011fi \u00fcyesi bir grup, F\u00fcze kalkan\u0131 projesini protesto i\u00e7in AK Parti Kad\u0131k\u00f6y \u0130l\u00e7e Te\u015fkilat\u0131na pankart asmak istedi. Direnen gen\u00e7ler, yaka pa\u00e7a g\u00f6zalt\u0131na al\u0131nd\u0131. <\/p>\n","protected":false},"author":1,"featured_media":0,"comment_status":"open","ping_status":"open","sticky":false,"template":"","format":"standard","meta":{"footnotes":""},"categories":[105],"tags":[],"class_list":["post-40672","post","type-post","status-publish","format-standard","hentry","category-gundem","odd"],"_links":{"self":[{"href":"http:\/\/www.korhanyilmaz.com\/index.php?rest_route=\/wp\/v2\/posts\/40672","targetHints":{"allow":["GET"]}}],"collection":[{"href":"http:\/\/www.korhanyilmaz.com\/index.php?rest_route=\/wp\/v2\/posts"}],"about":[{"href":"http:\/\/www.korhanyilmaz.com\/index.php?rest_route=\/wp\/v2\/types\/post"}],"author":[{"embeddable":true,"href":"http:\/\/www.korhanyilmaz.com\/index.php?rest_route=\/wp\/v2\/users\/1"}],"replies":[{"embeddable":true,"href":"http:\/\/www.korhanyilmaz.com\/index.php?rest_route=%2Fwp%2Fv2%2Fcomments&post=40672"}],"version-history":[{"count":0,"href":"http:\/\/www.korhanyilmaz.com\/index.php?rest_route=\/wp\/v2\/posts\/40672\/revisions"}],"wp:attachment":[{"href":"http:\/\/www.korhanyilmaz.com\/index.php?rest_route=%2Fwp%2Fv2%2Fmedia&parent=40672"}],"wp:term":[{"taxonomy":"category","embeddable":true,"href":"http:\/\/www.korhanyilmaz.com\/index.php?rest_route=%2Fwp%2Fv2%2Fcategories&post=40672"},{"taxonomy":"post_tag","embeddable":true,"href":"http:\/\/www.korhanyilmaz.com\/index.php?rest_route=%2Fwp%2Fv2%2Ftags&post=40672"}],"curies":[{"name":"wp","href":"https:\/\/api.w.org\/{rel}","templated":true}]}}