{"id":40648,"date":"2011-10-06T09:03:56","date_gmt":"2011-10-06T06:03:56","guid":{"rendered":"http:\/\/www.korhanyilmaz.com\/?p=40648"},"modified":"2011-10-08T01:25:38","modified_gmt":"2011-10-07T22:25:38","slug":"sinir-otesi-tezkereye-kabul","status":"publish","type":"post","link":"http:\/\/www.korhanyilmaz.com\/?p=40648","title":{"rendered":"S\u0131n\u0131r \u00f6tesi tezkereye kabul"},"content":{"rendered":"<p style=\"text-align: center;\"><a href=\"http:\/\/www.korhanyilmaz.com\/wp-content\/uploads\/2011\/10\/7136.jpg\"  class=\"lightview\"><img loading=\"lazy\" decoding=\"async\" class=\"aligncenter  wp-image-40649\" src=\"http:\/\/www.korhanyilmaz.com\/wp-content\/uploads\/2011\/10\/7136.jpg\" alt=\"\" width=\"324\" height=\"243\" \/><\/a><\/p>\n<p style=\"text-align: justify;\">H\u00fck\u00fcmete s\u0131n\u0131r \u00f6tesi operasyonlar i\u00e7in verilen yetkinin 1 y\u0131l daha uzat\u0131lmas\u0131n\u0131 \u00f6ng\u00f6ren Ba\u015fbakanl\u0131k tezkeresi TBMM Genel Kurulu&#8217;nda kabul edildi. Tezkere g\u00f6r\u00fc\u015fmeleri s\u0131ras\u0131nda zaman zaman tart\u0131\u015fmalar da ya\u015fand\u0131.<!--more--><br \/>\nGenel Kurulda kabul edilen tezkerede, Irak&#8217;\u0131n Kuzey b\u00f6lgesinde yuvalanan PKK ter\u00f6r unsurlar\u0131ndan kaynaklanan ve T\u00fcrk halk\u0131n\u0131n huzur ve g\u00fcvenli\u011fi ile \u00fclkesinin milli birli\u011fine, g\u00fcvenli\u011fine ve toprak b\u00fct\u00fcnl\u00fc\u011f\u00fcne y\u00f6neltilen ter\u00f6rist sald\u0131r\u0131lar ve a\u00e7\u0131k tehdidin devam etti\u011fi kaydedildi.<\/p>\n<p style=\"text-align: justify;\">Tezkerede, \u015f\u00f6yle denildi: &#8220;Dost ve karde\u015f Irak&#8217;\u0131n toprak b\u00fct\u00fcnl\u00fc\u011f\u00fcn\u00fcn, milli birli\u011finin ve\u00a0istikrar\u0131n\u0131n korunmas\u0131na b\u00fcy\u00fck \u00f6nem atfeden T\u00fcrkiye, PKK ter\u00f6ristlerinin Irak&#8217;\u0131n kuzeyindeki mevcudiyetine ve ter\u00f6rist sald\u0131r\u0131lar\u0131na son verilmesini sa\u011flamak amac\u0131yla askeri faaliyetlerini ba\u015far\u0131yla y\u00fcr\u00fctmekte, siyasi ve diplomatik giri\u015fimleri ile uyar\u0131lar\u0131n\u0131 s\u00fcrd\u00fcrmektedir.<\/p>\n<p style=\"text-align: justify;\">\u00a0T\u00fcrkiye&#8217;ye y\u00f6nelik olarak devam eden ter\u00f6rist sald\u0131r\u0131lar ve tehdide kar\u015f\u0131, ter\u00f6rizmle m\u00fccadelenin bir par\u00e7as\u0131 olarak uluslararas\u0131 hukuk \u00e7er\u00e7evesinde gerekli tedbirleri almak \u00fczere, hudut, \u015f\u00fcmul, miktar ve zaman\u0131 H\u00fck\u00fcmet\u00e7e belirlenecek \u015fekilde, TSK unsurlar\u0131n\u0131n, Irak&#8217;\u0131n kuzeyinden \u00fclkemize y\u00f6nelik ter\u00f6r tehdidinin ve sald\u0131r\u0131lar\u0131n\u0131n bertaraf edilmesi amac\u0131yla s\u0131n\u0131r \u00f6tesi harekat ve m\u00fcdahalede bulunmak \u00fczere, Irak&#8217;\u0131n PKK ter\u00f6ristlerinin yuvaland\u0131klar\u0131 kuzey b\u00f6lgesi ile m\u00fccavir alanlara g\u00f6nderilmesi ve g\u00f6revlendirilmesi i\u00e7in TBMM&#8217;nin 17 Ekim 2007 tarihli ve 903 say\u0131l\u0131 karar\u0131yla H\u00fck\u00fcmete verilen ve son olarak 12 Ekim 2010 tarihli ve 975 say\u0131l\u0131 karar\u0131yla bir y\u0131l uzat\u0131lan izin s\u00fcresinin 17 Ekim 2011 tarihinden itibaren bir y\u0131l daha uzat\u0131lmas\u0131n\u0131 Anayasan\u0131n 92. maddesi uyar\u0131nca arz ederim.&#8221;<\/p>\n<p style=\"text-align: justify;\">Ba\u015fbakanl\u0131k tezkeresine AK Parti, CHP ve MHP milletvekilleri kabul oyu verdi. BDP Milletvekilleri ise ret oyu kulland\u0131.<\/p>\n<p style=\"text-align: justify;\">Tezkerenin kabul edilmesinden sonra TBMM Ba\u015fkanvekili Ak\u015fener, BDP \u0130stanbul Milletvekili S\u0131rr\u0131 S\u00fcreyya \u00d6nder&#8217;e s\u00f6z vererek, &#8220;ge\u00e7 kald\u0131n\u0131z&#8221; dedi. \u00d6nder de &#8220;acemeli\u011fimizin kurban\u0131 olduk&#8221; kar\u015f\u0131l\u0131\u011f\u0131n\u0131 verdi.<\/p>\n<p style=\"text-align: justify;\"><strong>Hasip Kaplan&#8217;dan itiraz\u00a0<\/strong><\/p>\n<p style=\"text-align: justify;\">BDP Grup Ba\u015fkanvekili Hasip Kaplan, g\u00f6r\u00fc\u015fmeler ba\u015flamadan itirazda bulunarak, tezkerenin Anayasa&#8217;n\u0131n 92 ve \u0130\u00e7t\u00fcz\u00fck&#8217;\u00fcn 49. maddelerine g\u00f6re bug\u00fcn g\u00f6r\u00fc\u015f\u00fclemeyece\u011fini iddia etti.<\/p>\n<p style=\"text-align: justify;\">TBMM Ba\u015fkanvekili Meral Ak\u015fener, Ba\u015fbakanl\u0131k tezkeresinin Ba\u015fkanl\u0131k\u00e7a uygun g\u00f6r\u00fclen g\u00fcnde g\u00fcndeme al\u0131nabilece\u011fini s\u00f6yledi.<\/p>\n<p style=\"text-align: justify;\">Kaplan, bunun \u00fczerine Ba\u015fkanl\u0131\u011f\u0131n tutumuyla ilgili usul tart\u0131\u015fmas\u0131 a\u00e7\u0131lmas\u0131n\u0131 istedi.<\/p>\n<p style=\"text-align: justify;\">Usul tart\u0131\u015fmas\u0131 a\u00e7\u0131lmas\u0131 \u00fczerine Kaplan, Dan\u0131\u015fma Kurulunda tezkerenin g\u00f6r\u00fc\u015f\u00fclmesi y\u00f6n\u00fcnde bir karar al\u0131nmad\u0131\u011f\u0131n\u0131 belirterek, tezkerenin g\u00f6r\u00fc\u015f\u00fclmesini AK Parti&#8217;nin grup \u00f6nerisi olarak getirebilece\u011fini ileri s\u00fcrd\u00fc.<\/p>\n<p style=\"text-align: justify;\">&#8220;Bizi burada kullanmas\u0131nlar. Bu i\u015fi Pazartesi, Sal\u0131 yap\u0131n ama usul\u00fcne g\u00f6re yap\u0131n&#8221; diyen Kaplan, \u015funlar\u0131 s\u00f6yledi: &#8220;Dan\u0131\u015fma Kurulunda Grup Ba\u015fkanvekili olarak benim g\u00f6revim yoksa, o zaman hi\u00e7 bir Dan\u0131\u015fma Kurulu karar\u0131 \u00e7\u0131kmayacak, hi\u00e7birine &#8216;Allah birdir&#8217; deseniz de onay vermeyece\u011fiz. \u015eaka de\u011fil, sava\u015f karar\u0131 al\u0131yoruz. Bu tezkerenin Meclis Ba\u015fkanl\u0131\u011f\u0131 \u00fczerinden Genel Kurula indirilmesi ahlaki, yasal de\u011fil. Dan\u0131\u015fma Kurulunda \u00e7\u0131kar savunursunuz. Siz e\u011fer Anayasay\u0131 ihlal ederseniz, Ba\u015fkanl\u0131k Divan\u0131n\u0131 y\u00fcr\u00fctmenin postac\u0131s\u0131 yaparsan\u0131z, bu da yetmezmi\u015f gibi bu tezkereyi Meclise getirirseniz, gelecek cenazelerin vebalinin alt\u0131ndan kalkamazs\u0131n\u0131z.&#8221;<\/p>\n<p style=\"text-align: justify;\">AK Parti Grup Ba\u015fkanvekili Nurettin Canikli, tezkerelerin g\u00f6r\u00fc\u015f\u00fclmesinde bug\u00fcne kadar bu \u015fekilde tart\u0131\u015fma ya\u015fanmad\u0131\u011f\u0131n\u0131 s\u00f6yledi.<\/p>\n<p style=\"text-align: justify;\">MHP Grup Ba\u015fkanvekili Mehmet \u015eand\u0131r, bunun &#8220;sava\u015f tezkeresi&#8221; olmad\u0131\u011f\u0131n\u0131, meseleyi farkl\u0131 y\u00f6nlere \u00e7ekip bir tart\u0131\u015fmaya gerek\u00e7e yap\u0131lmas\u0131n\u0131 do\u011fru bulmad\u0131\u011f\u0131n\u0131 ifade etti.<\/p>\n<p style=\"text-align: justify;\">\u015eand\u0131r, Ba\u015fkanl\u0131\u011f\u0131n d\u00fcn tezkerenin bug\u00fcn g\u00f6r\u00fc\u015f\u00fclece\u011fini ilan etti\u011fini, dolay\u0131s\u0131yla Ba\u015fkanl\u0131\u011f\u0131n tutumunun do\u011fru oldu\u011funu belirtti.<\/p>\n<p style=\"text-align: justify;\">AK Parti Grup Ba\u015fkanvekili Ahmet Ayd\u0131n da, &#8220;\u0130lk m\u00fczakerelerin b\u00f6yle ba\u015flamas\u0131n\u0131 arzu etmezdim. \u0130\u00e7t\u00fcz\u00fc\u011f\u00fcn 49. maddesine g\u00f6re usulde hi\u00e7 bir problem yoktur&#8221; dedi.<\/p>\n<p style=\"text-align: justify;\">MHP Grup Ba\u015fkanvekili Oktay Vural da Ba\u015fkanl\u0131\u011f\u0131n tutumunu do\u011fru oldu\u011funu ifade etti ve tezkerenin bug\u00fcn oylanmas\u0131n\u0131 istedi.<\/p>\n<p style=\"text-align: justify;\">Bu konu\u015fmalar\u0131n ard\u0131ndan tezkere g\u00f6r\u00fc\u015fmelerine ba\u015fland\u0131.<\/p>\n<p style=\"text-align: justify;\"><strong>G\u00d6R\u00dc\u015eMELERDEN\u00a0<\/strong><\/p>\n<p style=\"text-align: justify;\"><strong>MHP Grubu ad\u0131na s\u00f6z alan Oktay Vural<\/strong>, tezkereyi desteklediklerini ve yetkinin uzat\u0131lmas\u0131n\u0131n arkas\u0131nda olduklar\u0131n\u0131 ifade etti.<\/p>\n<p style=\"text-align: justify;\">Partisinin ter\u00f6rle m\u00fccadele konusunda T\u00fcrkiye&#8217;nin me\u015fru g\u00fc\u00e7lerini kullanmas\u0131 gerekti\u011fini d\u00fc\u015f\u00fcnd\u00fc\u011f\u00fcn\u00fc belirten Vural, tezkereyi bu gerek\u00e7eyle desteklediklerini s\u00f6yledi. Vural, &#8220;Ama b\u00f6l\u00fcc\u00fcl\u00fck ve ter\u00f6rle m\u00fccadele i\u00e7in getirece\u011finiz her t\u00fcrl\u00fc tedbire &#8216;evet&#8217; derken, AKP&#8217;nin ter\u00f6rle m\u00fczakere ve pazarl\u0131\u011f\u0131na, PKK a\u00e7\u0131l\u0131m\u0131na &#8216;hay\u0131r&#8217; demeye devam edece\u011fiz&#8221; diye konu\u015ftu.<\/p>\n<p style=\"text-align: justify;\"><strong>D\u0131\u015fi\u015fleri Bakan\u0131 Ahmet Davuto\u011flu<\/strong>, muhtemel bir s\u0131n\u0131r \u00f6tesi harekat\u0131n hedefinin, Irak&#8217;\u0131n kuzeyindeki cinayet odaklar\u0131 oldu\u011funu s\u00f6yledi.<\/p>\n<p style=\"text-align: justify;\">Vatanda\u015flar\u0131n huzur i\u00e7erisinde ya\u015fad\u0131\u011f\u0131 g\u00fcvenli bir ortam kurmay\u0131 hedeflediklerini belirten Davuto\u011flu, &#8220;Olu\u015fan yeni \u015fartlar kapsam\u0131nda yeni stratejiler hayata ge\u00e7irmeye kararl\u0131y\u0131z. Bu stratejilerin en temel hedefi herkes i\u00e7in g\u00fcvenlik, herkes i\u00e7in \u00f6zg\u00fcrl\u00fckt\u00fcr. Biz \u00f6zg\u00fcrl\u00fckle g\u00fcvenlik aras\u0131nda bir \u00e7eli\u015fki g\u00f6rm\u00fcyoruz. Her ikisi de insano\u011flunun ikame edilemez do\u011fal hakk\u0131d\u0131r&#8221; dedi.<\/p>\n<p style=\"text-align: justify;\">Ter\u00f6re bula\u015fmam\u0131\u015f insanlarla dertleri olmad\u0131\u011f\u0131n\u0131 ifade eden Davuto\u011flu, T\u00fcrkiye&#8217;nin hi\u00e7bir \u00fclkenin topra\u011f\u0131nda g\u00f6z\u00fc olmad\u0131\u011f\u0131n\u0131 vurgulad\u0131.<\/p>\n<p style=\"text-align: justify;\"><a href=\"http:\/\/www.cnnturk.com\/2011\/turkiye\/10\/05\/sinir.otesi.tezkereye.kabul\/631989.0\/index.html\" target=\"_blank\">Kaynak : CNN T\u00dcRK<\/a><\/p>\n","protected":false},"excerpt":{"rendered":"<p style=\"text-align: center;\">\n<p style=\"text-align: justify;\">H\u00fck\u00fcmete s\u0131n\u0131r \u00f6tesi operasyonlar i\u00e7in verilen yetkinin 1 y\u0131l daha uzat\u0131lmas\u0131n\u0131 \u00f6ng\u00f6ren Ba\u015fbakanl\u0131k tezkeresi TBMM Genel Kurulu&#8217;nda kabul edildi. Tezkere g\u00f6r\u00fc\u015fmeleri s\u0131ras\u0131nda zaman zaman tart\u0131\u015fmalar da ya\u015fand\u0131.<\/p>\n","protected":false},"author":1,"featured_media":0,"comment_status":"open","ping_status":"open","sticky":false,"template":"","format":"standard","meta":{"footnotes":""},"categories":[105],"tags":[],"class_list":["post-40648","post","type-post","status-publish","format-standard","hentry","category-gundem","odd"],"_links":{"self":[{"href":"http:\/\/www.korhanyilmaz.com\/index.php?rest_route=\/wp\/v2\/posts\/40648","targetHints":{"allow":["GET"]}}],"collection":[{"href":"http:\/\/www.korhanyilmaz.com\/index.php?rest_route=\/wp\/v2\/posts"}],"about":[{"href":"http:\/\/www.korhanyilmaz.com\/index.php?rest_route=\/wp\/v2\/types\/post"}],"author":[{"embeddable":true,"href":"http:\/\/www.korhanyilmaz.com\/index.php?rest_route=\/wp\/v2\/users\/1"}],"replies":[{"embeddable":true,"href":"http:\/\/www.korhanyilmaz.com\/index.php?rest_route=%2Fwp%2Fv2%2Fcomments&post=40648"}],"version-history":[{"count":0,"href":"http:\/\/www.korhanyilmaz.com\/index.php?rest_route=\/wp\/v2\/posts\/40648\/revisions"}],"wp:attachment":[{"href":"http:\/\/www.korhanyilmaz.com\/index.php?rest_route=%2Fwp%2Fv2%2Fmedia&parent=40648"}],"wp:term":[{"taxonomy":"category","embeddable":true,"href":"http:\/\/www.korhanyilmaz.com\/index.php?rest_route=%2Fwp%2Fv2%2Fcategories&post=40648"},{"taxonomy":"post_tag","embeddable":true,"href":"http:\/\/www.korhanyilmaz.com\/index.php?rest_route=%2Fwp%2Fv2%2Ftags&post=40648"}],"curies":[{"name":"wp","href":"https:\/\/api.w.org\/{rel}","templated":true}]}}