{"id":40639,"date":"2011-10-06T08:02:08","date_gmt":"2011-10-06T05:02:08","guid":{"rendered":"http:\/\/www.korhanyilmaz.com\/?p=40639"},"modified":"2011-10-08T01:26:11","modified_gmt":"2011-10-07T22:26:11","slug":"erdogandan-kilicdaroglu-ve-bahceliye-yanit","status":"publish","type":"post","link":"http:\/\/www.korhanyilmaz.com\/?p=40639","title":{"rendered":"Erdo\u011fan&#8217;dan K\u0131l\u0131\u00e7daro\u011flu ve Bah\u00e7eli&#8217;ye yan\u0131t"},"content":{"rendered":"<p style=\"text-align: center;\"><a href=\"http:\/\/www.korhanyilmaz.com\/wp-content\/uploads\/2011\/10\/7135.jpg\"  class=\"lightview\"><img loading=\"lazy\" decoding=\"async\" class=\"aligncenter size-full wp-image-40641\" src=\"http:\/\/www.korhanyilmaz.com\/wp-content\/uploads\/2011\/10\/7135.jpg\" alt=\"\" width=\"313\" height=\"188\" \/><\/a><\/p>\n<p style=\"text-align: justify;\">Ba\u015fbakan Recep Tayyip Erdo\u011fan, \u201cKim hangi kurulu\u015ftan nas\u0131l bir kredi alm\u0131\u015f, hangi vak\u0131ftan ne alm\u0131\u015f? Bunlar bellidir. Ana muhalefet partisinin genel ba\u015fkan\u0131 da belediyelerini aras\u0131n. Siz nereden ne ald\u0131n\u0131z, ne almad\u0131n\u0131z soru\u015ftursun. Bu o zaman ortaya \u00e7\u0131kacakt\u0131r\u201d dedi. Erdo\u011fan, &#8216;Kandil&#8217;e operasyon d\u00fczenle, T\u00fcrk Bayra\u011f\u0131&#8217;n\u0131 g\u00f6ndere \u00e7ek&#8217; diyen MHP lideri Bah\u00e7eli&#8217;ye de &#8221;Kandil&#8217;e bayrak dikmekle ter\u00f6r\u00fc bitiremezsin, b\u00f6yle sa\u00e7mal\u0131k olmaz&#8221; yan\u0131t\u0131n\u0131 verdi.\u00a0<!--more--><\/p>\n<p style=\"text-align: justify;\">Erdo\u011fan, G\u00fcney Afrika&#8217;dan T\u00fcrkiye&#8217;ye d\u00f6n\u00fc\u015f yolunda, u\u00e7akta Ba\u015fbakanl\u0131k muhabirlerinin sorular\u0131n\u0131 yan\u0131tlad\u0131.<\/p>\n<p style=\"text-align: justify;\">Ba\u015fbakan Erdo\u011fan, bir gazetecinin G\u00fcney Afrika gezisi konusundaki sorusu \u00fczerine \u015funlar\u0131 s\u00f6yledi:<\/p>\n<p style=\"text-align: justify;\">\u201cGerek say\u0131n Cumhurba\u015fkan\u0131 Zuma&#8217;yla, gerekse Cumhurba\u015fkan\u0131 Yard\u0131mc\u0131s\u0131yla yapt\u0131\u011f\u0131m\u0131z g\u00f6r\u00fc\u015fmeler, bu arada T\u00fcrk i\u015f adamlar\u0131m\u0131z\u0131n G\u00fcney Afrikal\u0131 i\u015f adamlar\u0131yla bir araya geldi\u011fi i\u015f forumunu de\u011ferlendirirsek, verimli bir seyahat oldu\u011fu kanaatindeyim. Bu verimli seyahatin neticesini tabii \u00f6ncelikle zaman i\u00e7erisinde, gerek vize konusunda olsun, serbest ticaret anla\u015fmas\u0131 noktas\u0131nda olsun veya tercihli ticaret noktas\u0131nda olsun bizler bunlar\u0131n yak\u0131n takip\u00e7isi olaca\u011f\u0131z. Ama gerek TOBB olsun, gerek i\u015f adamlar\u0131m\u0131z olsun ikili g\u00f6r\u00fc\u015fmelerini e\u011fer takip edecek olurlarsa inan\u0131yorum ki gayet g\u00fczel ba\u011flant\u0131lar kurulabilecektir. Zaten \u015fu anda geldi\u011fimiz nokta itibariyle, sekizinci ay sonu itibariyle bug\u00fcn ald\u0131\u011f\u0131m\u0131z rakam 1,7 milyar dolara \u00e7\u0131km\u0131\u015f durumda. Bu da \u015funu g\u00f6steriyor; \u015fu anda ge\u00e7en y\u0131l\u0131 ciddi manada a\u015fm\u0131\u015f vaziyetteyiz. Demek ki y\u0131l sonuna kadar belki de 2008 rakamlar\u0131n\u0131 yakalama \u015fans\u0131m\u0131z olabilir. Kald\u0131 ki G\u00fcney Afrika Cumhuriyeti&#8217;yle T\u00fcrkiye aras\u0131nda ger\u00e7ekten iyi bir potansiyelin, iyi bir sinerjinin oldu\u011funa inan\u0131yorum. Bunu \u015fu anda giri\u015fimcilerimizin gerek oradaki yat\u0131r\u0131mlar\u0131yla gerek ikili ili\u015fkileriyle art\u0131rmalar\u0131 m\u00fcmk\u00fcn olacakt\u0131r. \u00dcst d\u00fczey ziyaretler de zaten kar\u015f\u0131l\u0131kl\u0131 olarak devam ediyor. Bunun da neticelerini alaca\u011f\u0131m\u0131za inan\u0131yorum.\u201d<\/p>\n<p style=\"text-align: justify;\"><strong>\u201cBen \u00fczerime d\u00fc\u015feni yapt\u0131m\u201d\u00a0<\/strong><\/p>\n<p style=\"text-align: justify;\">Ba\u015fbakan Erdo\u011fan, \u201cG\u00fcney Afrika ile d\u0131\u015f ticaret anla\u015fmas\u0131 konusunda bir ad\u0131m at\u0131lacak m\u0131?\u201d sorusuna, \u201cSon olarak say\u0131n Cumhurba\u015fkan\u0131 Zuma ile yapt\u0131\u011f\u0131m g\u00f6r\u00fc\u015fmede kendisine bunu ilettim. Kendisine yine vize konusunu da ilettim. Kendileri bu iki konuyla da \u00f6zel olarak ilgileneceklerini s\u00f6ylediler\u201d yan\u0131t\u0131n\u0131 verdi.<\/p>\n<p style=\"text-align: justify;\">Erdo\u011fan, \u201cBug\u00fcn d\u0131\u015f politika konusunda verdi\u011finiz konferansta \u0130srail&#8217;in maslahatg\u00fczar\u0131 da vard\u0131. Size bir tepkisi de oldu asl\u0131nda bir anlamda. Nas\u0131l de\u011ferlendiriyorsunuz? Ger\u00e7i orada cevab\u0131n\u0131 verdiniz ama&#8230;\u201d sorusu \u00fczerine, \u201cEn g\u00fczel de\u011ferlendirmeyi zaten sizin yapm\u0131\u015f olman\u0131z laz\u0131m. Ben \u00fczerime d\u00fc\u015feni yapt\u0131m. Sizlerin de bu i\u015fin de\u011ferlendirmesini en iyi \u015fekilde yapman\u0131z laz\u0131m. Bana g\u00fczel bir pas verdi. Ben de pas\u0131n gere\u011fini yapt\u0131m\u201d dedi.<\/p>\n<p style=\"text-align: justify;\">Ba\u015fbakan Erdo\u011fan, \u201c\u0130srailli diplomat\u0131n oraya gelmesi \u015fa\u015f\u0131rt\u0131c\u0131 de\u011fil mi?\u201d diye sorulmas\u0131 \u00fczerine, \u201cHay\u0131r orada b\u00fcy\u00fckel\u00e7iler vard\u0131. Davet edilen b\u00fcy\u00fckel\u00e7iler vard\u0131. \u0130srail b\u00fcy\u00fckel\u00e7isi herhalde G\u00fcney Afrika d\u0131\u015f\u0131ndayd\u0131 ki maslahatg\u00fczar ikinci adam olarak kat\u0131lm\u0131\u015f oldu\u201d diye konu\u015ftu.<\/p>\n<p style=\"text-align: justify;\"><strong>Birle\u015fmi\u015f Milletler&#8217;in mevcut yap\u0131s\u0131na ele\u015ftiri\u00a0<\/strong><\/p>\n<p style=\"text-align: justify;\">Ba\u015fbakan Erdo\u011fan, Birle\u015fmi\u015f Milletler&#8217;in mevcut yap\u0131s\u0131 ve 5 daimi \u00fcyenin etkinli\u011fi konusunda sorulan bir soru \u00fczerine \u015funlar\u0131 kaydetti:<\/p>\n<p style=\"text-align: justify;\">\u201cBurada tabi 193 \u00fclkenin be\u015f tanesi daimi \u00fcye olarak b\u00f6yle bir konumdayken, burada be\u015f \u00fcyenin de herhalde kendi i\u00e7inde bir de\u011ferlendirme yapma imkan\u0131 do\u011fabilir. E\u011fer ger\u00e7ekten \u00f6zg\u00fcrl\u00fck\u00e7\u00fc bir d\u00fcnya istiyorsak demokrasinin egemen oldu\u011fu bir d\u00fcnya istiyorsak, o zaman buradaki bu yanl\u0131\u015f gidi\u015fin d\u00fczeltilmesi laz\u0131m. Bir taraftan demokrasi diyeceksiniz, bir taraftan d\u00fcnya bar\u0131\u015f\u0131 diyeceksiniz ama bir taraftan da be\u015f \u00fclkeyle d\u00fcnyay\u0131 kilitleyeceksiniz. B\u00f6yle bir \u015fey olamaz, bunun ben yap\u0131lacak ciddi bir reformla d\u00fczeltilece\u011fi inanc\u0131nday\u0131m. Biz sadece anlat\u0131r\u0131z. D\u00fc\u015f\u00fcncelerimizi s\u00f6yleriz ve bu konuda nas\u0131l bir \u015fey olabilir bunun gayreti i\u00e7erisinde, yani \u015fu anki yap\u0131y\u0131 kuranlar bu yap\u0131y\u0131 de\u011fi\u015ftirmesini de bilirler.\u201d<\/p>\n<p style=\"text-align: justify;\"><strong>Devlet Bah\u00e7eli&#8217;ye yan\u0131t\u00a0<\/strong><\/p>\n<p style=\"text-align: justify;\">Ba\u015fbakan Erdo\u011fan, \u201cMHP Genel Ba\u015fkan\u0131 Bah\u00e7eli&#8217;nin size y\u00f6nelik bir ele\u015ftirisi oldu. Ter\u00f6re y\u00f6nelik &#8216;Ci\u011ferim yan\u0131yor&#8217; s\u00f6z\u00fcne ili\u015fkin olarak, &#8216;Ci\u011feri yan\u0131yorsa Kandil&#8217;e bayrak diksin&#8217; diyor. Bu konuda neler diyeceksiniz?\u201d sorusuna \u015fu yan\u0131t\u0131 verdi:<\/p>\n<p style=\"text-align: justify;\">\u201c\u0130sterseniz ben bu soruya cevap vermeyeyim. Bu soruya zaten en g\u00fczel cevab\u0131 s\u0131n\u0131r \u00f6tesi operasyonu yapan g\u00fcvenlik g\u00fc\u00e7lerimiz, askerimiz en g\u00fczel \u015fekilde verdi. Biz \u015fu anda gereken ne varsa, yap\u0131lmas\u0131 gereken neyse bunlar\u0131n hepsini yap\u0131yoruz. Ben say\u0131n Bah\u00e7eli ile b\u00f6yle bir s\u00fcrecin i\u00e7inde bu t\u00fcr ufak dala\u015flar\u0131n i\u00e7erisine, s\u00f6z dala\u015f\u0131na, laf dala\u015f\u0131na girecek de\u011filim.<\/p>\n<p style=\"text-align: justify;\">E\u011fer yapacak bir \u015fey varsa, bayrak dikmekle siz orada ter\u00f6r\u00fc durduramazs\u0131n\u0131z. Kandil senin \u00fclkenin s\u0131n\u0131rlar\u0131 i\u00e7inde de\u011fil. Bayra\u011f\u0131 dikmi\u015fsin, ter\u00f6r m\u00fc bitecek? B\u00f6yle sa\u00e7mal\u0131k olur mu? Bu sorular\u0131 siz de sormay\u0131n, yazmay\u0131n. Bak\u0131n ne diyorum, s\u00f6ylesin. Onu s\u00f6ylemekle o durumunu ortaya koyuyor. Oraya o bayra\u011f\u0131 dikti\u011finde ne olacak? Ter\u00f6r m\u00fc duracak? \u015eu anda \u00fclkemizin her yerinde bayra\u011f\u0131m\u0131z var. Ter\u00f6r duruyor mu? B\u00f6yle bir \u015fey s\u00f6z konusu de\u011fil.<\/p>\n<p style=\"text-align: justify;\">Ter\u00f6r\u00fc dindirmek i\u00e7in ne yap\u0131labilir, ben ne yapabilirim, bunun cevab\u0131n\u0131 versin. Herkesin kendine g\u00f6re yapmas\u0131 gereken bir \u015fey var. Bizim de yapmam\u0131z gerekenler var ki biz onlar\u0131 yap\u0131yoruz. Ayn\u0131 \u015fekilde ana muhalefetin, muhalefetin yapmas\u0131 gerekenler, STK&#8217;lar\u0131n yapmas\u0131 gerekenler, medyan\u0131n yapmas\u0131 gerekenler, herkes elinden ne geliyorsa bu s\u00fcrece katk\u0131da bulunmas\u0131 laz\u0131m ama siz bunu yazarsan\u0131z, \u00e7izerseniz inan\u0131n bu i\u015f durmaz. Tam ter\u00f6r\u00fcn propagandas\u0131n\u0131 yapm\u0131\u015f olursunuz. Sak\u0131n bu oyuna gelmeyin.\u201d<\/p>\n<p style=\"text-align: justify;\"><strong>CHP&#8217;ye tepki\u00a0<\/strong><\/p>\n<p style=\"text-align: justify;\">Erdo\u011fan, \u201cAna muhalefet partisi liderinin, &#8216;Say\u0131n Ba\u015fbakan belediyeleri a\u00e7\u0131klas\u0131n, karn\u0131ndan konu\u015fuyor&#8217; gibi bir a\u00e7\u0131klamas\u0131 oldu. Ayr\u0131ca CHP&#8217;li belediyelerin aleyhinizde dava a\u00e7aca\u011f\u0131 haberleri var. Ne diyorsunuz?\u201d sorusunu \u015f\u00f6yle yan\u0131tlad\u0131:<\/p>\n<p style=\"text-align: justify;\">\u201cArt\u0131k al\u0131\u015ft\u0131k. Bir dava nas\u0131l a\u00e7\u0131l\u0131r? Bunlar\u0131n hepsi bellidir. Ben burada bir \u015fey s\u00f6yl\u00fcyorum. Kim hangi kurulu\u015ftan nas\u0131l bir kredi alm\u0131\u015f, hangi vak\u0131ftan ne alm\u0131\u015f? Bunlar bellidir. Ana muhalefet partisinin genel ba\u015fkan\u0131 da belediyelerini aras\u0131n. Siz nereden ne ald\u0131n\u0131z, ne almad\u0131n\u0131z soru\u015ftursun. Bu o zaman ortaya \u00e7\u0131kacakt\u0131r. Ben bir ba\u015fbakan olarak Hazine&#8217;den teminat isteyen CHP&#8217;li belediyeleri biliyorum. Bunlar\u0131n i\u00e7erisinde belki Ak Parti&#8217;li belediyeler de vard\u0131r. B\u00fct\u00fcn mesele nedir? Bak\u0131n burada ben bir \u015fey s\u00f6yl\u00fcyorum. Diyorum ki bu kurum ve kurulu\u015flar, bu vak\u0131flar ayn\u0131 zamanda istikamet belirliyorlar. Bunu hangi m\u00fcteahhit firmaya vereceksin, ondan sonra da bu i\u015fin muvazaa k\u0131sm\u0131 ba\u015fl\u0131yor. CHP bu konuda ne yapabiliyorsa onu yaps\u0131n. Yaln\u0131z CHP kendisine \u00e7eki d\u00fczen versin. Gidi\u015fleri iyi de\u011fil. Kimseye b\u00f6yle d\u00fcr\u00fcstl\u00fck noktas\u0131nda fatura kesme gayreti i\u00e7ine girmesinler. \u00c7\u00fcnk\u00fc her taraflar\u0131ndan \u015fu anda s\u0131k\u0131nt\u0131 ak\u0131yor.\u201d<\/p>\n<p style=\"text-align: justify;\"><strong>Ak Parti se\u00e7men profili\u00a0<\/strong><\/p>\n<p style=\"text-align: justify;\">Ba\u015fbakan Erdo\u011fan, \u201cAK Parti&#8217;nin se\u00e7men profili konusundaki ara\u015ft\u0131rma bas\u0131nda yer ald\u0131. Her kesimden vatanda\u015f Ak Parti&#8217;ye oy vermi\u015f. Bunlar i\u00e7inde muhafazakarlar, T\u00fcrk milliyet\u00e7ileri, Kemalistler var. Bu ara\u015ft\u0131rma \u00e7ok yank\u0131 buldu. \u00c7ok konu\u015fuldu. Bu konuda neler diyeceksiniz?\u201d sorusu \u00fczerine \u015funlar\u0131 s\u00f6yledi:<\/p>\n<p style=\"text-align: justify;\">\u201cBiz b\u00fct\u00fcn bu \u00e7al\u0131\u015fmalar\u0131m\u0131z\u0131n hepsini ciddi bilimsel kamuoyu ara\u015ft\u0131rmalar\u0131yla yap\u0131yoruz. Bu a\u00e7\u0131klamalar kamuoyu ara\u015ft\u0131rmalar\u0131n\u0131n bir neticesidir. Kamuoyu ara\u015ft\u0131rmalar\u0131nda da bizim oy taban\u0131m\u0131z i\u00e7erisinde bu t\u00fcr kesimlerin oldu\u011fu ortaya \u00e7\u0131km\u0131\u015ft\u0131r ve bundan dolay\u0131 da arkada\u015flar\u0131m\u0131z bu a\u00e7\u0131klamay\u0131 yapm\u0131\u015ft\u0131r.<\/p>\n<p style=\"text-align: justify;\">Bizim b\u00f6yle bir oy taban\u0131m\u0131z olmasa 81 ilin 78&#8217;inden milletvekili \u00e7\u0131karamay\u0131z. Bak\u0131n \u015fu anda iki ki\u015fiden bir tanesinin oyunu biz al\u0131yoruz. E\u011fer b\u00f6yle bir duruma gelebilmi\u015fsek bu t\u00fcm T\u00fcrkiye&#8217;yi kucaklamam\u0131zdan kaynaklan\u0131yor. Sonu\u00e7 da zaten buradan do\u011fuyor ama di\u011fer partilerin b\u00f6yle bir durumu var m\u0131? Bunlar\u0131n bir k\u0131sm\u0131 belli bir etnik unsuru k\u0131smen temsil ediyor veya belli bir b\u00f6lgeden k\u0131smen oy al\u0131yor ama yine \u00fclke genelinden de\u011fil. Fakat Ak Parti b\u00f6yle de\u011fil. Ak Parti, T\u00fcrkiye&#8217;nin yedi b\u00f6lgesinin yedisinde de birinci parti. En \u00f6nemli \u00f6zelli\u011fimiz bu. Bunu iyi yakalaman\u0131z laz\u0131m.\u201d<\/p>\n<p style=\"text-align: justify;\"><a href=\"http:\/\/www.hurriyet.com.tr\/gundem\/18914016.asp\" target=\"_blank\">Kaynak : H\u00fcrriyet.com.tr<\/a><\/p>\n","protected":false},"excerpt":{"rendered":"<p style=\"text-align: center;\">\n<p style=\"text-align: justify;\">Ba\u015fbakan Recep Tayyip Erdo\u011fan, \u201cKim hangi kurulu\u015ftan nas\u0131l bir kredi alm\u0131\u015f, hangi vak\u0131ftan ne alm\u0131\u015f? Bunlar bellidir. Ana muhalefet partisinin genel ba\u015fkan\u0131 da belediyelerini aras\u0131n. Siz nereden ne ald\u0131n\u0131z, ne almad\u0131n\u0131z soru\u015ftursun. Bu o zaman ortaya \u00e7\u0131kacakt\u0131r\u201d dedi. Erdo\u011fan, &#8216;Kandil&#8217;e operasyon d\u00fczenle, T\u00fcrk Bayra\u011f\u0131&#8217;n\u0131 g\u00f6ndere \u00e7ek&#8217; diyen MHP lideri Bah\u00e7eli&#8217;ye <\/p>\n","protected":false},"author":1,"featured_media":0,"comment_status":"open","ping_status":"open","sticky":false,"template":"","format":"standard","meta":{"footnotes":""},"categories":[105],"tags":[],"class_list":["post-40639","post","type-post","status-publish","format-standard","hentry","category-gundem","odd"],"_links":{"self":[{"href":"http:\/\/www.korhanyilmaz.com\/index.php?rest_route=\/wp\/v2\/posts\/40639","targetHints":{"allow":["GET"]}}],"collection":[{"href":"http:\/\/www.korhanyilmaz.com\/index.php?rest_route=\/wp\/v2\/posts"}],"about":[{"href":"http:\/\/www.korhanyilmaz.com\/index.php?rest_route=\/wp\/v2\/types\/post"}],"author":[{"embeddable":true,"href":"http:\/\/www.korhanyilmaz.com\/index.php?rest_route=\/wp\/v2\/users\/1"}],"replies":[{"embeddable":true,"href":"http:\/\/www.korhanyilmaz.com\/index.php?rest_route=%2Fwp%2Fv2%2Fcomments&post=40639"}],"version-history":[{"count":0,"href":"http:\/\/www.korhanyilmaz.com\/index.php?rest_route=\/wp\/v2\/posts\/40639\/revisions"}],"wp:attachment":[{"href":"http:\/\/www.korhanyilmaz.com\/index.php?rest_route=%2Fwp%2Fv2%2Fmedia&parent=40639"}],"wp:term":[{"taxonomy":"category","embeddable":true,"href":"http:\/\/www.korhanyilmaz.com\/index.php?rest_route=%2Fwp%2Fv2%2Fcategories&post=40639"},{"taxonomy":"post_tag","embeddable":true,"href":"http:\/\/www.korhanyilmaz.com\/index.php?rest_route=%2Fwp%2Fv2%2Ftags&post=40639"}],"curies":[{"name":"wp","href":"https:\/\/api.w.org\/{rel}","templated":true}]}}