{"id":40621,"date":"2011-10-05T20:43:05","date_gmt":"2011-10-05T17:43:05","guid":{"rendered":"http:\/\/www.korhanyilmaz.com\/?p=40621"},"modified":"2011-10-08T01:27:41","modified_gmt":"2011-10-07T22:27:41","slug":"sirri-sureyya-onderden-tartisilacak-aciklama","status":"publish","type":"post","link":"http:\/\/www.korhanyilmaz.com\/?p=40621","title":{"rendered":"S\u0131rr\u0131 S\u00fcreyya \u00d6nder&#8217;den tart\u0131\u015f\u0131lacak a\u00e7\u0131klama"},"content":{"rendered":"<p style=\"text-align: center;\"><a href=\"http:\/\/www.korhanyilmaz.com\/wp-content\/uploads\/2011\/10\/7131.jpg\"  class=\"lightview\"><img loading=\"lazy\" decoding=\"async\" class=\"aligncenter  wp-image-40622\" src=\"http:\/\/www.korhanyilmaz.com\/wp-content\/uploads\/2011\/10\/7131.jpg\" alt=\"\" width=\"307\" height=\"236\" \/><\/a><\/p>\n<p style=\"text-align: justify;\">BDP \u0130stanbul Milletvekili S\u0131rr\u0131 S\u00fcreyya \u00d6nder, h\u00fck\u00fcmetin, her s\u0131n\u0131r \u00f6tesi tezkere talebinde ayn\u0131 vaatleri sundu\u011funu ileri s\u00fcrd\u00fc. \u00d6nder, &#8220;askerli\u011fin zorunlu oldu\u011fu yerde \u015fehitlikten bahsedilemez&#8221; dedi.\u00a0<!--more--><\/p>\n<p style=\"text-align: justify;\">TBMM Genel Kurulunda, s\u0131n\u0131r \u00f6tesi operasyonlar i\u00e7in H\u00fck\u00fcmete verilen yetkiyi bir y\u0131l uzatan Ba\u015fbakanl\u0131k tezkeresinin g\u00f6r\u00fc\u015fmelerinde BDP grubu ad\u0131na s\u00f6z alan \u00d6nder, 1992-1997 y\u0131llar\u0131 aras\u0131nda ger\u00e7ekle\u015ftirilen 4 s\u0131n\u0131r \u00f6tesi harekatta ter\u00f6r \u00f6rg\u00fct\u00fc PKK&#8217;n\u0131n 5 bin 701 kay\u0131p verdi\u011fini, 1697 PKK&#8217;l\u0131n\u0131n yaral\u0131 ele ge\u00e7irildi\u011fini, ayn\u0131 harekatlarda 237 askerin \u015fehit oldu\u011funu, 739 askerin de yaraland\u0131\u011f\u0131n\u0131 s\u00f6yledi.<\/p>\n<p style=\"text-align: justify;\">\u00d6nder, ard\u0131ndaki ac\u0131lar\u0131n bilinmemesi halinde bu rakamlar\u0131n kuru bir say\u0131 olmaya mahkum olaca\u011f\u0131n\u0131 ifade etti.<\/p>\n<p style=\"text-align: justify;\">H\u00fck\u00fcmetin, her s\u0131n\u0131r \u00f6tesi tezkere talebinde ayn\u0131 vaatleri s\u0131ralad\u0131\u011f\u0131n\u0131 \u00f6ne s\u00fcren \u00d6nder, Genel Kurulda buna \u015fahit olan milletvekillerinin bulundu\u011funu anlatt\u0131. \u00d6nder, s\u00f6z konusu milletvekillerinin bu vaatlere inanarak &#8220;evet&#8217; dedi\u011fini, ancak bir y\u0131l sonra ayn\u0131 vaatleri yeniden dinlemek durumunda kald\u0131\u011f\u0131n\u0131 s\u00f6yledi.<\/p>\n<p style=\"text-align: justify;\">S\u0131n\u0131r \u00f6tesi operasyon g\u00f6r\u00fc\u015fmeleri ile ilgili eski tutanaklar\u0131 okuyan \u00d6nder, meselenin, askeri mesele olmaktan \u00e7\u0131kal\u0131 uzun zaman oldu\u011funu iddia etti.<\/p>\n<p style=\"text-align: justify;\">\u00d6nder, \u015f\u00f6yle devam etti: &#8220;K\u00fcrtler uzun ge\u00e7mi\u015fi olan inkar ve imha politikalar\u0131na kar\u015f\u0131, stat\u00fc talepleri ile kar\u015f\u0131 durmaya devam ediyor. Sizden hi\u00e7bir fark\u0131 yok. Ben de T\u00fcrk\u00fcm. K\u00fcrtlerden daha vahim noktaya itilen halk vard\u0131r o da T\u00fcrklerdir. T\u00fcrk\u00fcn \u00f6n\u00fcne K\u00fcrt&#8217;e d\u00fc\u015fmanl\u0131k etmekten ba\u015fka hi\u00e7bir alan b\u0131rak\u0131lmad\u0131. T\u00fcrk&#8217;e d\u00fc\u015fen tek \u015fey, &#8216;sen K\u00fcrt&#8217;e d\u00fc\u015fmanl\u0131k edeceksin&#8230;&#8217; \u015eehitlik meselesiyle, cihatla bu i\u015f olacak gibi de\u011fildir. Askerli\u011fin zorunlu oldu\u011fu yerde \u015fehitlikten bahsedilemez.&#8221;<\/p>\n<p style=\"text-align: justify;\">\u00d6nder, konu\u015fmas\u0131n\u0131n sonunda, &#8220;vicdani ret\u00e7i biri Ba\u015fbakan&#8217;a, &#8216;beni idam edin&#8217; diye mektup yazm\u0131\u015f&#8221; diyerek, elindeki mektubu k\u00fcrs\u00fcye b\u0131rakt\u0131ktan sonra yerine ge\u00e7ti.<\/p>\n<p style=\"text-align: justify;\">Bu arada, BDP&#8217;li 4 milletvekili g\u00f6r\u00fc\u015fmeleri, Genel Kuruldaki Komisyon s\u0131ralar\u0131na oturarak takip ettikleri g\u00f6r\u00fcld\u00fc.<\/p>\n<p style=\"text-align: justify;\"><a href=\"http:\/\/www.cnnturk.com\/2011\/turkiye\/10\/05\/sirri.sureyya.onderden.tartisilacak.aciklama\/632002.0\/index.html\" target=\"_blank\">Kaynak : CNN T\u00dcRK<\/a><\/p>\n","protected":false},"excerpt":{"rendered":"<p style=\"text-align: center;\">\n<p style=\"text-align: justify;\">BDP \u0130stanbul Milletvekili S\u0131rr\u0131 S\u00fcreyya \u00d6nder, h\u00fck\u00fcmetin, her s\u0131n\u0131r \u00f6tesi tezkere talebinde ayn\u0131 vaatleri sundu\u011funu ileri s\u00fcrd\u00fc. \u00d6nder, &#8220;askerli\u011fin zorunlu oldu\u011fu yerde \u015fehitlikten bahsedilemez&#8221; dedi. <\/p>\n","protected":false},"author":1,"featured_media":0,"comment_status":"open","ping_status":"open","sticky":false,"template":"","format":"standard","meta":{"footnotes":""},"categories":[105],"tags":[],"class_list":["post-40621","post","type-post","status-publish","format-standard","hentry","category-gundem","odd"],"_links":{"self":[{"href":"http:\/\/www.korhanyilmaz.com\/index.php?rest_route=\/wp\/v2\/posts\/40621","targetHints":{"allow":["GET"]}}],"collection":[{"href":"http:\/\/www.korhanyilmaz.com\/index.php?rest_route=\/wp\/v2\/posts"}],"about":[{"href":"http:\/\/www.korhanyilmaz.com\/index.php?rest_route=\/wp\/v2\/types\/post"}],"author":[{"embeddable":true,"href":"http:\/\/www.korhanyilmaz.com\/index.php?rest_route=\/wp\/v2\/users\/1"}],"replies":[{"embeddable":true,"href":"http:\/\/www.korhanyilmaz.com\/index.php?rest_route=%2Fwp%2Fv2%2Fcomments&post=40621"}],"version-history":[{"count":0,"href":"http:\/\/www.korhanyilmaz.com\/index.php?rest_route=\/wp\/v2\/posts\/40621\/revisions"}],"wp:attachment":[{"href":"http:\/\/www.korhanyilmaz.com\/index.php?rest_route=%2Fwp%2Fv2%2Fmedia&parent=40621"}],"wp:term":[{"taxonomy":"category","embeddable":true,"href":"http:\/\/www.korhanyilmaz.com\/index.php?rest_route=%2Fwp%2Fv2%2Fcategories&post=40621"},{"taxonomy":"post_tag","embeddable":true,"href":"http:\/\/www.korhanyilmaz.com\/index.php?rest_route=%2Fwp%2Fv2%2Ftags&post=40621"}],"curies":[{"name":"wp","href":"https:\/\/api.w.org\/{rel}","templated":true}]}}