{"id":40614,"date":"2011-10-05T21:07:40","date_gmt":"2011-10-05T18:07:40","guid":{"rendered":"http:\/\/www.korhanyilmaz.com\/?p=40614"},"modified":"2011-10-08T01:27:09","modified_gmt":"2011-10-07T22:27:09","slug":"ahmet-turkten-serhildan-cagrisi","status":"publish","type":"post","link":"http:\/\/www.korhanyilmaz.com\/?p=40614","title":{"rendered":"Ahmet T\u00fcrk&#8217;ten serhildan \u00e7a\u011fr\u0131s\u0131"},"content":{"rendered":"<p style=\"text-align: center;\"><a href=\"http:\/\/www.korhanyilmaz.com\/wp-content\/uploads\/2011\/10\/7130.jpg\"  class=\"lightview\"><img loading=\"lazy\" decoding=\"async\" class=\"aligncenter  wp-image-40615\" src=\"http:\/\/www.korhanyilmaz.com\/wp-content\/uploads\/2011\/10\/7130.jpg\" alt=\"\" width=\"307\" height=\"236\" \/><\/a><\/p>\n<p style=\"text-align: justify;\">Diyarbak\u0131r&#8217;da KCK operasyonlar\u0131n\u0131 protesto etmek i\u00e7in bas\u0131n a\u00e7\u0131klamas\u0131na kat\u0131lan Mardin Ba\u011f\u0131ms\u0131z Milletvekili Ahmet T\u00fcrk, h\u00fck\u00fcmetin ve ba\u015fbakan\u0131n sava\u015f karar\u0131 verdi\u011fini iddia ederek, &#8220;bug\u00fcn halk\u0131m\u0131z her zamankinden daha g\u00fc\u00e7l\u00fc bir direni\u015fle \u00f6zg\u00fcrl\u00fck i\u00e7in serhildanlar (ba\u015fkald\u0131r\u0131) yaratacakt\u0131r&#8221; dedi.<!--more--><\/p>\n<p style=\"text-align: justify;\">(DHA) &#8212; Demokratik Toplum Kongresinin PKK&#8217;n\u0131n \u015fehir yap\u0131lanmas\u0131 KCK&#8217;ya y\u00f6nelik operasyonda aralar\u0131nda BDP&#8217;lilerin de g\u00f6zalt\u0131na al\u0131nmas\u0131n\u0131 protesto etmek i\u00e7in BDP Diyarbak\u0131r \u0130l binas\u0131 \u00f6n\u00fcnde topland\u0131.<\/p>\n<p style=\"text-align: justify;\">Burada toplananlar s\u0131ks\u0131k Abdullah \u00d6calan lehine slogan atarak, PKK flamalar\u0131 a\u00e7t\u0131.<\/p>\n<p style=\"text-align: justify;\">DTK Genel Ba\u015fkan\u0131 ve Mardin Ba\u011f\u0131ms\u0131z Milletvekili Ahmet T\u00fcrk, yard\u0131mc\u0131s\u0131 Van Ba\u011f\u0131ms\u0131z Milletvekili Aysel Tu\u011fluk, BDP milletvekileri Altan Tan, Ayla Akat Ata, Nursel Aydo\u011fan ve Emine Ayna&#8217;n\u0131n da aralar\u0131nda bulundu\u011fu 500 ki\u015filik grup y\u00fcr\u00fcy\u00fc\u015f yapmak isteyince \u00f6nlem alan polis izin vermedi.<\/p>\n<p style=\"text-align: justify;\">Milletvekilleri ile polis yetkilileri aras\u0131nda yap\u0131lan g\u00f6r\u00fc\u015fmelerden sonu\u00e7 \u00e7\u0131kmay\u0131nca Milletvekili Aysel Tu\u011fluk, grubu geri \u00e7ekmeyecekleri s\u00f6yledi.<\/p>\n<p style=\"text-align: justify;\">BDP Milletvekillerinin polis ile ikinci kez yapt\u0131\u011f\u0131 g\u00f6r\u00fc\u015fme esnas\u0131nda y\u00fczlerini bez par\u00e7alar\u0131yla kapatan bir grup, polise ta\u015f atmaya ba\u015flad\u0131.<\/p>\n<p style=\"text-align: justify;\">Bunun \u00fczerine g\u00fcvenlik g\u00fc\u00e7leri kalabal\u0131\u011fa tazyikli su ile m\u00fcdahale etti. BDP Batman milletvekili Ayla Akat Ata, su s\u0131kan panzerin \u00f6n\u00fcne ge\u00e7erek, &#8220;Allah kahretsin, kesin \u015fu suyu&#8221; diye ba\u011f\u0131rd\u0131.<\/p>\n<p style=\"text-align: justify;\">Islanan Ata&#8217;y\u0131 partililer sakinle\u015ftirdi.<\/p>\n<p style=\"text-align: justify;\"><strong>Ahmet T\u00fcrk: &#8220;K\u00fcrtleri tasfiye ediyorlar&#8221;\u00a0<\/strong><\/p>\n<p style=\"text-align: justify;\">Polisin y\u00fcr\u00fcy\u00fc\u015fe izin vermemesi \u00fczerine BDP otob\u00fcs\u00fc \u00fczerinden kalabal\u0131\u011fa seslenen Mardin Ba\u011f\u0131ms\u0131z Milletvekili ve Ahmet T\u00fcrk, KCK operasyonlar\u0131yla partinin \u00e7al\u0131\u015fmalar\u0131n\u0131n engellendi\u011fini \u00f6ne s\u00fcrd\u00fc.<\/p>\n<p style=\"text-align: justify;\">Zulm\u00fc kabul etmeyeceklerini belirten T\u00fcrk, &#8220;Bu \u00fclkenin ba\u015fbakan\u0131 kalk\u0131p bu \u00fclkede demokrasiden s\u00f6z ediyor. Ay\u0131pt\u0131r, yaz\u0131kt\u0131r. Zulm\u00fcn zincirlerini tek tek par\u00e7alayaca\u011f\u0131z. Buna emin olunuz. 2009 y\u0131l\u0131nda bir tutuklama furyas\u0131 ba\u015flatt\u0131lar. Bug\u00fcne geldi\u011fimiz noktada bu tutuklama bir siyasi soyk\u0131r\u0131ma d\u00f6n\u00fc\u015ft\u00fcr\u00fcld\u00fc. Bu demokratik siyasete kar\u015f\u0131 direnen, \u00f6zg\u00fcrl\u00fck isteyen halka kar\u015f\u0131 yap\u0131lan bir operasyondur. Bir tasfiye politikas\u0131d\u0131r. K\u00fcrtlerin tasfiye edilmesidir. Bug\u00fcn &#8216;m\u00fccadelenin yeri demokratik siyasettir&#8217; diyenler, utans\u0131n. Demokratik siyaseti da\u011f\u0131tmak isteyen mant\u0131k neyi \u00e7\u00f6zecektir. Art\u0131k bu siyaset iflas etmi\u015ftir. Bu g\u00fcn halk\u0131m\u0131z her zamankinden daha g\u00fc\u00e7l\u00fc bir direni\u015fle \u00f6zg\u00fcrl\u00fck i\u00e7in, \u00f6zg\u00fcr gelecek i\u00e7in, serhildanlar (ba\u015fkald\u0131r\u0131) yaratacakt\u0131r&#8221; dedi.<\/p>\n<p style=\"text-align: justify;\"><strong>&#8220;Boyun e\u011fmeyin&#8221;\u00a0<\/strong><\/p>\n<p style=\"text-align: justify;\">H\u00fck\u00fcmetin ve Ba\u015fbakan&#8217;\u0131n sava\u015f karar\u0131 verdi\u011fini iddia eden Ahmet T\u00fcrk, \u00d6calan&#8217;a tecrit uyguland\u0131\u011f\u0131n\u0131 s\u00f6yledi. Cumartesi g\u00fcn\u00fc Gemlik&#8217;e yap\u0131lacak y\u00fcr\u00fcy\u00fc\u015fe kat\u0131l\u0131m \u00e7a\u011fr\u0131s\u0131 yapan T\u00fcrk \u015f\u00f6yle dedi: &#8220;Bar\u0131\u015f i\u00e7in, toplumsal uzla\u015f\u0131 i\u00e7in, K\u00fcrt sorunun \u00e7\u00f6z\u00fcm\u00fc i\u00e7in b\u00fcy\u00fck gayret g\u00f6steren say\u0131n \u00d6calan&#8217;a koyulan tecrit sava\u015f politikas\u0131d\u0131r. Sava\u015f\u0131 y\u00fcr\u00fctme politikas\u0131d\u0131r. Biz bu nedenle de\u011ferlerimizden vazge\u00e7meyece\u011fiz. Bu tecrit politikalar\u0131n\u0131 g\u00fc\u00e7l\u00fc \u015fekilde kar\u015f\u0131 \u00e7\u0131kaca\u011f\u0131z. Cumartesi g\u00fcn\u00fc m\u00fczakerelerin devam etmesi i\u00e7in, say\u0131n \u00d6calan&#8217;\u0131n bar\u0131\u015f i\u00e7in rol oynamas\u0131 i\u00e7in \u0130mral\u0131&#8217;ya y\u00fcr\u00fcyece\u011fiz. Bu g\u00fcnk\u00fc politika sindirmeye y\u00f6nelik politikad\u0131r. B\u00fct\u00fcn halk\u0131m\u0131za sesleniyorum bu kadar bedel, ac\u0131 ve g\u00f6z ya\u015f\u0131ndan sonra boyun mu e\u011fece\u011fiz? Asla e\u011fmemeliyiz ve bu kirli politikalar\u0131 a\u00e7\u0131\u011fa \u00e7\u0131karaca\u011f\u0131z. Ciddi demokratik ba\u015fkald\u0131r\u0131y\u0131 yaratmal\u0131y\u0131z. Bundan asla taviz vermemeliyiz.&#8221;<\/p>\n<p style=\"text-align: justify;\"><a href=\"http:\/\/www.cnnturk.com\/2011\/turkiye\/10\/05\/ahmet.turkten.serhildan.cagrisi\/632014.0\/index.html\" target=\"_blank\">Kaynak : CNN T\u00dcRK<\/a><\/p>\n","protected":false},"excerpt":{"rendered":"<p style=\"text-align: center;\">\n<p style=\"text-align: justify;\">Diyarbak\u0131r&#8217;da KCK operasyonlar\u0131n\u0131 protesto etmek i\u00e7in bas\u0131n a\u00e7\u0131klamas\u0131na kat\u0131lan Mardin Ba\u011f\u0131ms\u0131z Milletvekili Ahmet T\u00fcrk, h\u00fck\u00fcmetin ve ba\u015fbakan\u0131n sava\u015f karar\u0131 verdi\u011fini iddia ederek, &#8220;bug\u00fcn halk\u0131m\u0131z her zamankinden daha g\u00fc\u00e7l\u00fc bir direni\u015fle \u00f6zg\u00fcrl\u00fck i\u00e7in serhildanlar (ba\u015fkald\u0131r\u0131) yaratacakt\u0131r&#8221; dedi.<\/p>\n","protected":false},"author":1,"featured_media":0,"comment_status":"open","ping_status":"open","sticky":false,"template":"","format":"standard","meta":{"footnotes":""},"categories":[105],"tags":[],"class_list":["post-40614","post","type-post","status-publish","format-standard","hentry","category-gundem","odd"],"_links":{"self":[{"href":"http:\/\/www.korhanyilmaz.com\/index.php?rest_route=\/wp\/v2\/posts\/40614","targetHints":{"allow":["GET"]}}],"collection":[{"href":"http:\/\/www.korhanyilmaz.com\/index.php?rest_route=\/wp\/v2\/posts"}],"about":[{"href":"http:\/\/www.korhanyilmaz.com\/index.php?rest_route=\/wp\/v2\/types\/post"}],"author":[{"embeddable":true,"href":"http:\/\/www.korhanyilmaz.com\/index.php?rest_route=\/wp\/v2\/users\/1"}],"replies":[{"embeddable":true,"href":"http:\/\/www.korhanyilmaz.com\/index.php?rest_route=%2Fwp%2Fv2%2Fcomments&post=40614"}],"version-history":[{"count":0,"href":"http:\/\/www.korhanyilmaz.com\/index.php?rest_route=\/wp\/v2\/posts\/40614\/revisions"}],"wp:attachment":[{"href":"http:\/\/www.korhanyilmaz.com\/index.php?rest_route=%2Fwp%2Fv2%2Fmedia&parent=40614"}],"wp:term":[{"taxonomy":"category","embeddable":true,"href":"http:\/\/www.korhanyilmaz.com\/index.php?rest_route=%2Fwp%2Fv2%2Fcategories&post=40614"},{"taxonomy":"post_tag","embeddable":true,"href":"http:\/\/www.korhanyilmaz.com\/index.php?rest_route=%2Fwp%2Fv2%2Ftags&post=40614"}],"curies":[{"name":"wp","href":"https:\/\/api.w.org\/{rel}","templated":true}]}}