{"id":40609,"date":"2011-10-05T15:31:43","date_gmt":"2011-10-05T12:31:43","guid":{"rendered":"http:\/\/www.korhanyilmaz.com\/?p=40609"},"modified":"2011-10-08T01:29:12","modified_gmt":"2011-10-07T22:29:12","slug":"israil-tehdit-cunku-atom-bombasi-var","status":"publish","type":"post","link":"http:\/\/www.korhanyilmaz.com\/?p=40609","title":{"rendered":"\u0130srail tehdit \u00e7\u00fcnk\u00fc atom bombas\u0131 var!"},"content":{"rendered":"<p style=\"text-align: center;\"><a href=\"http:\/\/www.korhanyilmaz.com\/wp-content\/uploads\/2011\/10\/7129.jpg\"  class=\"lightview\"><img loading=\"lazy\" decoding=\"async\" class=\"aligncenter  wp-image-40610\" src=\"http:\/\/www.korhanyilmaz.com\/wp-content\/uploads\/2011\/10\/7129.jpg\" alt=\"\" width=\"307\" height=\"236\" \/><\/a><\/p>\n<p style=\"text-align: justify;\">Ba\u015fbakan Recep Tayyip Erdo\u011fan, &#8220;Ben \u015fu anda \u0130srail&#8217;i de b\u00f6lgesi, \u00e7evresi i\u00e7in bir tehdit olarak g\u00f6r\u00fcyorum. \u00c7\u00fcnk\u00fc atom bombas\u0131 var&#8221; dedi. Erdo\u011fan, \u0130srail&#8217;in b\u00f6lgede devlet ter\u00f6r\u00fc uygulad\u0131\u011f\u0131n\u0131 da s\u00f6yledi.<\/p>\n<p style=\"text-align: justify;\">Erdo\u011fan, G\u00fcney Afrika Cumhuriyeti Uluslararas\u0131 \u0130li\u015fkiler ve \u0130\u015fbirli\u011fi Bakanl\u0131\u011f\u0131nda T\u00fcrk D\u0131\u015f Politikas\u0131 konulu bir konferans verdi ve daha sonra kat\u0131l\u0131mc\u0131lar\u0131n sorular\u0131n\u0131n yan\u0131tlad\u0131.\u00a0<!--more--><\/p>\n<p style=\"text-align: justify;\">Ba\u015fbakan Erdo\u011fan, \u0130srail&#8217;in Pretoria B\u00fcy\u00fckel\u00e7i Yard\u0131mc\u0131s\u0131 Ba\u015fkatip Ya&#8217;akov Finkelstein&#8217;in, &#8220;Siz Gazze&#8217;deki t\u00fcnellerden g\u0131dalar\u0131n ge\u00e7ti\u011fini s\u00f6ylediniz. Ancak oradan sadece g\u0131da de\u011fil, silahlar, f\u00fczeler ge\u00e7iyor. Bu f\u00fczelerle \u015fehirlerimiz, \u00e7ocuklar\u0131m\u0131z vuruluyor. Ay\u0131rca Palmer raporunda ku\u015fatma uygun g\u00f6r\u00fcl\u00fcyor. Biz do\u011frudan diyalogdan yanay\u0131z. Ama siz \u0130srail B\u00fcy\u00fckel\u00e7inizi geri \u00e7ektiniz. Do\u011frudan diyalog nas\u0131l olacak?&#8221; sorusuna \u015fu yan\u0131t\u0131 verdi:<\/p>\n<p style=\"text-align: justify;\">&#8220;Bir defa \u015funu bilmenizi istiyoruz, bu t\u00fcnellerden atom bombas\u0131 ge\u00e7mez, n\u00fckleer silah ge\u00e7mez. Fosfor bombalar\u0131 ge\u00e7mez. \u0130srail, fosfor bombalar\u0131 ile Gazze&#8217;yi bombalam\u0131\u015ft\u0131r. Bu bir kitle imha silah\u0131d\u0131r. Kitle imha silah\u0131 kullanmak su\u00e7tur. Buna herhalde &#8216;evet&#8217; diyemezsiniz. O t\u00fcnellerden ge\u00e7se ge\u00e7se k\u00fct\u00fck \u00e7apl\u0131 silahlar ge\u00e7ebilir, t\u00fcfek ge\u00e7er, bunlar ge\u00e7er ama oradan tank, top bunlar ge\u00e7mez de\u011fil mi? Ama Gazze tanklarla toplarla ku\u015fat\u0131lm\u0131\u015ft\u0131r ve bir taraftan da fosfor bombalar\u0131 at\u0131lm\u0131\u015ft\u0131r. BM binalar\u0131n\u0131 bile bombalad\u0131n\u0131z. \u0130srail bunu da yapt\u0131. Ve hi\u00e7 bir zaman bende atom bombas\u0131 var diyemiyor. Sessiz kal\u0131yor. Ama \u0130ran&#8217;da atom<\/p>\n<p style=\"text-align: justify;\">bombas\u0131 var diye herkes \u0130ran&#8217;a sald\u0131r\u0131yor. Bu nas\u0131l adalet? Ben, \u015fu anda \u0130srail&#8217;i de \u00e7evresi i\u00e7in, b\u00f6lge i\u00e7in tehdit unsuru olarak g\u00f6r\u00fcyorum \u00e7\u00fcnk\u00fc kendisinde atom bombas\u0131 var. B\u00fct\u00fcn bunlar\u0131n yan\u0131nda \u0130srail \u015fu anda i\u015fgalci durumunda ve \u0130srail devlet ter\u00f6r\u00fc uygulamaktad\u0131r, b\u00f6lgede&#8230;<\/p>\n<p style=\"text-align: justify;\">Bu devlet ter\u00f6r\u00fc uygulamas\u0131 yeni de\u011fildir ve ben soruyorum; madem Gazze&#8217;den Filistin&#8217;den roketler at\u0131lm\u0131\u015f bunu ben Say\u0131n Olmert&#8217;e de sordum, di\u011fer \u0130srailliler&#8217;e de g\u00f6r\u00fc\u015ft\u00fc\u011f\u00fcmde sordum, dedim &#8216;ka\u00e7 tane \u0130srail&#8217;li \u00f6ld\u00fc, s\u00f6yler misiniz?&#8217; bize cevap veremediler. Ama biz 7&#8217;den 70&#8217;e onbinlerce Filistinli&#8217;nin, Gazzelinin o b\u00f6lgede \u0130srail&#8217;in bu bombalar\u0131 kar\u015f\u0131s\u0131nda \u00f6ld\u00fcr\u00fcld\u00fc\u011f\u00fcn\u00fc \u00e7ok iyi biliyoruz ve bunun ac\u0131mas\u0131zca yap\u0131ld\u0131\u011f\u0131n\u0131n biliyoruz ve i\u015fte b\u00f6lgede en \u00f6nemli dostu T\u00fcrkiye&#8217;ydi. Niye kaybetti bu yakla\u015f\u0131mlar\u0131 sebebiyle. Ve b\u00f6ylece zaten b\u00f6lgede kendini yaln\u0131zl\u0131\u011fa itmi\u015f durumda. o topraklar\u0131n, o arazilerin sahibi \u0130srail de\u011fildir, od arazilerin sahibi Filistinliler&#8217;dir. Siz \u015fu anda G\u00fcney Afrika&#8217;da h\u00fcr ya\u015f\u0131yorsunuz, rahat ya\u015f\u0131yorsunuz, huzurlu ya\u015f\u0131yorsunuz ama Filistinli kendi topraklar\u0131nda bu huzuru bulam\u0131yor. Bu huzur onlar i\u00e7in yok.&#8221;<\/p>\n<p style=\"text-align: justify;\"><strong>&#8220;\u0130srail&#8217;den bekledi\u011fimiz \u00f6z\u00fcr&#8221;\u00a0<\/strong><\/p>\n<p style=\"text-align: justify;\">Erdo\u011fan Mavi Marmara bask\u0131n\u0131yla lgili \u0130srail&#8217;den \u00f6z\u00fcr bekledi\u011fini tekrarlad\u0131, \u015funlar\u0131 s\u00f6yledi:<\/p>\n<p style=\"text-align: justify;\">&#8220;Bu nedenle \u0130srail&#8217;den talep etti\u011fimiz \u00f6z\u00fcr, tazminat ve Gazze ablukas\u0131n\u0131n kald\u0131r\u0131lmas\u0131 y\u00f6n\u00fcndeki hususlar sadece bizim de\u011fil, esasen t\u00fcm uluslararas\u0131 toplumun beklentileri olarak g\u00f6r\u00fclmeli, bu \u00e7er\u00e7evede takip edilmelidir. Ge\u00e7mi\u015fte tarihin en zor zamanlar\u0131nda Yahudi toplumuna uzatt\u0131\u011f\u0131m\u0131z merhamet elini kendileri en az bizim kadar iyi bilir. T\u00fcrkiye&#8217;nin bu tavr\u0131do\u011frudan evrensel insani de\u011ferlerin savunulmas\u0131 ile ilgilidir. Keza, bir \u00f6nceki \u0130srail h\u00fck\u00fcmetleriyle bar\u0131\u015f s\u00fcreci dahil pek \u00e7ok konuda yak\u0131n \u00e7al\u0131\u015fmalar y\u00fcr\u00fctt\u00fc\u011f\u00fcm\u00fcz\u00fc de \u0130srail kamuoyu \u00e7ok iyi bilir. \u0130srail, Suriye ili\u015fkilerinde yapt\u0131\u011f\u0131m\u0131z \u00e7al\u0131\u015fmalar\u0131, gayreti \u00e7ok iyi bilir. Temennimiz, \u0130srail h\u00fck\u00fcmetinin yapt\u0131\u011f\u0131 yanl\u0131\u015f hesaptan bir an evvel geri d\u00f6nmesidir.&#8221;<\/p>\n<p style=\"text-align: justify;\"><a href=\"http:\/\/www.cnnturk.com\/2011\/dunya\/10\/05\/israil.tehdit.cunku.atom.bombasi.var\/631956.0\/index.html\" target=\"_blank\">Kaynak : CNN T\u00dcRK<\/a><\/p>\n","protected":false},"excerpt":{"rendered":"<p style=\"text-align: center;\">\n<p style=\"text-align: justify;\">Ba\u015fbakan Recep Tayyip Erdo\u011fan, &#8220;Ben \u015fu anda \u0130srail&#8217;i de b\u00f6lgesi, \u00e7evresi i\u00e7in bir tehdit olarak g\u00f6r\u00fcyorum. \u00c7\u00fcnk\u00fc atom bombas\u0131 var&#8221; dedi. Erdo\u011fan, \u0130srail&#8217;in b\u00f6lgede devlet ter\u00f6r\u00fc uygulad\u0131\u011f\u0131n\u0131 da s\u00f6yledi.<\/p>\n<p style=\"text-align: justify;\">Erdo\u011fan, G\u00fcney Afrika Cumhuriyeti Uluslararas\u0131 \u0130li\u015fkiler ve \u0130\u015fbirli\u011fi Bakanl\u0131\u011f\u0131nda T\u00fcrk D\u0131\u015f Politikas\u0131 konulu bir konferans verdi ve daha sonra <\/p>\n","protected":false},"author":1,"featured_media":0,"comment_status":"open","ping_status":"open","sticky":false,"template":"","format":"standard","meta":{"footnotes":""},"categories":[105],"tags":[],"class_list":["post-40609","post","type-post","status-publish","format-standard","hentry","category-gundem","odd"],"_links":{"self":[{"href":"http:\/\/www.korhanyilmaz.com\/index.php?rest_route=\/wp\/v2\/posts\/40609","targetHints":{"allow":["GET"]}}],"collection":[{"href":"http:\/\/www.korhanyilmaz.com\/index.php?rest_route=\/wp\/v2\/posts"}],"about":[{"href":"http:\/\/www.korhanyilmaz.com\/index.php?rest_route=\/wp\/v2\/types\/post"}],"author":[{"embeddable":true,"href":"http:\/\/www.korhanyilmaz.com\/index.php?rest_route=\/wp\/v2\/users\/1"}],"replies":[{"embeddable":true,"href":"http:\/\/www.korhanyilmaz.com\/index.php?rest_route=%2Fwp%2Fv2%2Fcomments&post=40609"}],"version-history":[{"count":0,"href":"http:\/\/www.korhanyilmaz.com\/index.php?rest_route=\/wp\/v2\/posts\/40609\/revisions"}],"wp:attachment":[{"href":"http:\/\/www.korhanyilmaz.com\/index.php?rest_route=%2Fwp%2Fv2%2Fmedia&parent=40609"}],"wp:term":[{"taxonomy":"category","embeddable":true,"href":"http:\/\/www.korhanyilmaz.com\/index.php?rest_route=%2Fwp%2Fv2%2Fcategories&post=40609"},{"taxonomy":"post_tag","embeddable":true,"href":"http:\/\/www.korhanyilmaz.com\/index.php?rest_route=%2Fwp%2Fv2%2Ftags&post=40609"}],"curies":[{"name":"wp","href":"https:\/\/api.w.org\/{rel}","templated":true}]}}