{"id":40601,"date":"2011-10-05T20:02:57","date_gmt":"2011-10-05T17:02:57","guid":{"rendered":"http:\/\/www.korhanyilmaz.com\/?p=40601"},"modified":"2011-10-08T01:28:07","modified_gmt":"2011-10-07T22:28:07","slug":"balyoz-davasinda-flas-gelisme","status":"publish","type":"post","link":"http:\/\/www.korhanyilmaz.com\/?p=40601","title":{"rendered":"Balyoz davas\u0131nda fla\u015f geli\u015fme"},"content":{"rendered":"<p style=\"text-align: center;\"><a href=\"http:\/\/www.korhanyilmaz.com\/wp-content\/uploads\/2011\/10\/7128.jpg\"  class=\"lightview\"><img loading=\"lazy\" decoding=\"async\" class=\"aligncenter size-full wp-image-40603\" src=\"http:\/\/www.korhanyilmaz.com\/wp-content\/uploads\/2011\/10\/7128.jpg\" alt=\"\" width=\"313\" height=\"188\" \/><\/a><\/p>\n<p style=\"text-align: justify;\">\u00d6zel yetkili \u0130stanbul 11. A\u011f\u0131r Ceza Mahkemesi Ba\u015fkan\u0131 \u015eeref Ak\u00e7ay&#8217;\u0131n, Hakimler ve Savc\u0131lar Y\u00fcksek Kuruluna (HSYK) emeklilik i\u00e7in ba\u015fvuru yapt\u0131\u011f\u0131 ve bu kurumun da talebi kabul ederek, Ak\u00e7ay&#8217;\u0131n emeklili\u011fine izin verdi\u011fi \u00f6\u011frenildi.<\/p>\n<p style=\"text-align: justify;\">Be\u015fikta\u015f&#8217;taki \u0130stanbul Adliyesinde bulunan \u00f6zel yetkili mahkemelerden \u0130stanbul 11. A\u011f\u0131r Ceza Mahkemesi Ba\u015fkan\u0131 Ak\u00e7ay&#8217;\u0131n yakla\u015f\u0131k 15 g\u00fcn \u00f6nce HSYK&#8217;ya emeklilik i\u00e7in ba\u015fvurdu\u011fu kaydedildi.\u00a0<!--more--><\/p>\n<p style=\"text-align: justify;\">Bu talebi de\u011ferlendiren HSYK&#8217;n\u0131n, emeklilik iste\u011fini kabul ederek Ak\u00e7ay&#8217;\u0131 emekli etti\u011fi belirtilirken, adliyeye bu emeklilikle ilgili hen\u00fcz resmi tebligat yap\u0131lmad\u0131\u011f\u0131 ifade edildi.<\/p>\n<p style=\"text-align: justify;\">\u0130stanbul 11. A\u011f\u0131r Ceza Mahkemesi Ba\u015fkan\u0131 Ak\u00e7ay, \u201cBalyoz Plan\u0131\u201d davas\u0131 kapsam\u0131nda haklar\u0131nda yakalama ve tutuklama karar\u0131 verilen baz\u0131 san\u0131klarla ilgili yap\u0131lan tutuklama ve tutukluluk hallerinin devam\u0131 kararlar\u0131n\u0131n kald\u0131r\u0131lmas\u0131na y\u00f6nelik taleplerin reddedilmesi ile Odatv&#8217;de yap\u0131lan aramalara ili\u015fkin soru\u015fturma ve futbolda \u015fike iddialar\u0131na y\u00f6nelik soru\u015fturma kapsam\u0131nda kimi \u015f\u00fcphelilerin tutuklulu\u011funa yap\u0131lan itiraz\u0131n reddedilmesi y\u00f6n\u00fcndeki kararlara muhalefet \u015ferhi koymu\u015ftu.<\/p>\n<p style=\"text-align: justify;\">Ak\u00e7ay, san\u0131k ve \u015f\u00fcphelilerin serbest b\u0131rak\u0131lmas\u0131 gerekti\u011fini ifade etti\u011fi \u201cBalyoz Plan\u0131\u201d davas\u0131na ili\u015fkin muhalefet \u015ferhinde, \u201cKamuoyuna mal olmu\u015f bu davalar nedeniyle yazm\u0131\u015f oldu\u011fum muhalefet \u015ferhlerinden dolay\u0131 bulundu\u011fumuz adliyede birtak\u0131m meslekta\u015flar\u0131m selam vermeyi dahi kesmi\u015ftir\u201d ifadelerini kullanm\u0131\u015ft\u0131.<\/p>\n<p style=\"text-align: justify;\">11. A\u011f\u0131r Ceza Mahkemesi Ba\u015fkan\u0131 \u015eeref Ak\u00e7ay son olarak Balyoz davas\u0131 san\u0131klar\u0131n\u0131n tutukluluk hallerine yapt\u0131klar\u0131 itiraz\u0131n reddedilmesi karar\u0131na \u015ferh koymu\u015ftu. Ak\u00e7ay 9 sayfal\u0131k muhalefet \u015ferhinde, \u201cBen san\u0131klar askerdir, onlar hakk\u0131nda hi\u00e7bir \u015fey yap\u0131lmas\u0131n, yarg\u0131lanmas\u0131nlar demiyorum. Yarg\u0131lans\u0131n, su\u00e7 i\u015fleyen varsa ceza als\u0131n ama adil yarg\u0131lans\u0131n\u201d demi\u015fti.<\/p>\n<p style=\"text-align: justify;\"><span style=\"font-size: medium; background-color: #ffff99;\"><strong><a href=\"http:\/\/www.hurriyet.com.tr\/gundem\/18903287.asp\" target=\"_blank\"><span style=\"background-color: #ffff99;\">BALYOZ G\u0130B\u0130 \u015eERH YAZISI<\/span><\/a><\/strong><\/span><\/p>\n<p style=\"text-align: justify;\"><span style=\"color: #000000;\"><strong>Darbeye te\u015febb\u00fcs fiili olu\u015fmam\u0131\u015ft\u0131r<\/strong><\/span><\/p>\n<p style=\"text-align: justify;\">Darbe yap\u0131p iktidar\u0131 ele ge\u00e7irselerdi eylem tamamlanm\u0131\u015f olacakt\u0131. Ya da iktidar\u0131 ele ge\u00e7irmek i\u00e7in k\u0131\u015flas\u0131ndan \u00e7\u0131ksa ancak halk veya ihtilal yapmak istemeyen di\u011fer devlet organlar\u0131 kar\u015f\u0131 \u00e7\u0131ksa ve iktidar darbe yapmak isteyenlerin eline ge\u00e7emezse i\u015fte o zaman darbeye te\u015febb\u00fcsten s\u00f6z edilebilir. San\u0131klar\u0131n b\u00f6yle bir fiili olmam\u0131\u015ft\u0131r. Sadece bir toplant\u0131 yap\u0131p liste d\u00fczenlemi\u015flerdir.<\/p>\n<p style=\"text-align: justify;\">EMEKL\u0130 orgeneral \u00c7etin Do\u011fan, eski Hava Kuvvetleri Komutan\u0131 Orgeneral Halil \u0130brahim F\u0131rt\u0131na, emekli Oramiral \u00d6zden \u00d6rnek ve MHP milletvekili emekli Korgeneral Engin Alan\u2019\u0131n da aralar\u0131nda bulundu\u011fu 196 san\u0131kl\u0131 Balyoz davas\u0131nda tutuklu yarg\u0131lanan 162 san\u0131k, \u0130stanbul 10. A\u011f\u0131r Ceza Mahkemesi\u2019nin tahliye taleplerini reddetmesi \u00fczerine, itiraz haklar\u0131n\u0131 kullanarak bir \u00fcst mahkeme olan 11. A\u011f\u0131r Ceza Mahkemesi\u2019ne ba\u015fvurdu. Ancak bu mahkeme de 22 A\u011fustos 2011 tarihinde verdi\u011fi kararla san\u0131klar\u0131n itiraz\u0131n\u0131 reddetti. \u00dcye h\u00e2kimler Mehmet Ekinci ile Birol Bilen\u2019in oy \u00e7oklu\u011fu ile al\u0131nan ret karar\u0131na, mahkeme ba\u015fkan\u0131 \u015eeref Ak\u00e7ay muhalif kald\u0131. Ba\u015fkan Ak\u00e7ay, 9 sayfal\u0131k muhalefet \u015ferhinde, \u201cBen san\u0131klar askerdir, onlar hakk\u0131nda hi\u00e7bir \u015fey yap\u0131lmas\u0131n, yarg\u0131lanmas\u0131nlar demiyorum. Yarg\u0131lans\u0131n, su\u00e7 i\u015fleyen varsa ceza als\u0131n ama adil yarg\u0131lans\u0131n\u201d dedi ve \u015f\u00f6yle devam etti:<\/p>\n<p style=\"text-align: justify;\"><strong>Tutukluluk do\u011fru de\u011fil\u00a0<\/strong><\/p>\n<p style=\"text-align: justify;\">&#8211; \u201cTutukluluk halinin devam\u0131 ger\u00e7eklerinde delillerin hen\u00fcz toplanmama\u015f\u0131 olmas\u0131 g\u00f6sterildi. Hangi deliller toplanacakt\u0131r. Duru\u015fmalar\u0131n yap\u0131ld\u0131\u011f\u0131 g\u00fcnden beri 30\u2019dan fazla duru\u015fma yap\u0131lm\u0131\u015f, dosyadaki mevcut delillerin d\u0131\u015f\u0131nda san\u0131klar\u0131n su\u00e7lar\u0131n\u0131n s\u00fcbutuna ili\u015fkin delil toplanmas\u0131 y\u00f6n\u00fcnde herhangi bir ara karar verilmemi\u015ftir. Mevcut delil durumuna g\u00f6re yarg\u0131laman\u0131n yap\u0131l\u0131p sonunda verilecek karara g\u00f6re san\u0131klar\u0131n tutuklan\u0131p tutuklanmayacaklar\u0131na karar verilmesi gerekirken, duru\u015fman\u0131n ba\u015f\u0131nda savunmalar dahi al\u0131nmadan san\u0131klar\u0131n dosya olu\u015funa uygun olmayan gerek\u00e7elerle tutuklanmalar\u0131 ve tutukluluk hallerinin devam\u0131na karar verilmesi do\u011fru de\u011fil.<\/p>\n<p style=\"text-align: justify;\"><strong>Yapmadan ceza verilmez\u00a0<\/strong><\/p>\n<p style=\"text-align: justify;\">&#8211; Bu durum Anayasa ve yasalara, ayr\u0131ca AH\u0130M s\u00f6zle\u015fmesi ile korunan do\u011fal ve insani haklardan olan \u2018adil yarg\u0131lama hakk\u0131\u2019n\u0131 ortadan kald\u0131r\u0131r. San\u0131klara isnad edilen eylem 05-07 Mart 2003\u2019de yap\u0131lan ve planlar\u0131n g\u00f6r\u00fc\u015f\u00fcld\u00fc\u011f\u00fc 162 ki\u015finin kat\u0131ld\u0131\u011f\u0131 1\u2019inci Ordu\u2019daki toplant\u0131d\u0131r. Bu olay\u0131 bir \u00f6rnekle a\u00e7\u0131klayacak olursak siz birisini \u00f6ld\u00fcrmeye karar verdiniz ve bu ama\u00e7la plan yapt\u0131n\u0131z. Hatta silah ald\u0131n\u0131z \u00f6ld\u00fcrece\u011finiz ki\u015finin evinin \u00f6n\u00fcne giderken polis sizi yakalad\u0131. Silah\u0131 buldu ni\u00e7in ta\u015f\u0131d\u0131\u011f\u0131n\u0131z\u0131 sordu. \u2018Siz adam \u00f6ld\u00fcrmeye gidiyorum\u2019 dediniz. Hakk\u0131n\u0131z da yasal i\u015flem yap\u0131l\u0131r ama adam \u00f6ld\u00fcrme veya \u00f6ld\u00fcrmeye te\u015febb\u00fcsten de\u011fil sadece silah bulundurmaktan i\u015flem yap\u0131l\u0131r.<\/p>\n<p style=\"text-align: justify;\"><strong>Sadece bir toplant\u0131 olmu\u015f\u00a0<\/strong><\/p>\n<p style=\"text-align: justify;\">&#8211; \u00c7\u00fcnk\u00fc \u00f6ld\u00fcrme konusunda hen\u00fcz hi\u00e7bir eyleminiz yoktur. Hen\u00fcz d\u00fc\u015f\u00fcnce a\u015famas\u0131ndad\u0131r. Bu a\u015famada plan do\u011frultusunda darbe yap\u0131p iktidar\u0131 ele ge\u00e7irselerdi eylem tamamlanm\u0131\u015f olacakt\u0131. Ya da iktidar\u0131 ele ge\u00e7irmek i\u00e7in k\u0131\u015flas\u0131ndan \u00e7\u0131ksa ancak halk veya ihtilal yapmak istemeyen di\u011fer devlet organlar\u0131 kar\u015f\u0131 \u00e7\u0131ksa ve iktidar darbe yapmak isteyenlerin eline ge\u00e7emezse i\u015fte o zaman darbeye te\u015febb\u00fcsten s\u00f6z edilebilir. San\u0131klar\u0131n b\u00f6yle bir fiili olmam\u0131\u015ft\u0131r. Sadece bir toplant\u0131 yap\u0131p liste d\u00fczenlemi\u015flerdir.\u201d<\/p>\n<p style=\"text-align: justify;\"><strong>\u0130htilal iradesi s\u00fcr\u00fcyor mu?\u00a0<\/strong><\/p>\n<p style=\"text-align: justify;\">&#8211; Ancak 2003 y\u0131l\u0131ndan sonra bu listelerdeki hem ihtilali yapacak ki\u015filer ve g\u00f6revlendirilecek ki\u015filerin bir k\u0131sm\u0131 emekli olmu\u015f, bir k\u0131sm\u0131 ba\u015fka yerlere tayin olmu\u015f ve bir k\u0131sm\u0131 da \u00f6lm\u00fc\u015ft\u00fcr. O zaman yap\u0131lmas\u0131 gereken nedir? Bu iradelerini devam ettirmek isteyen ki\u015filer planlar\u0131ndaki bu bo\u015fluklar\u0131n yerine yeni g\u00f6revi yapacak ki\u015fileri yeniden belirlemektedir. G\u00fcn\u00fcn geli\u015fen sosyal ve siyasal ve uluslararas\u0131 ili\u015fkilere g\u00f6re planlar\u0131n\u0131 s\u00fcrekli g\u00fcncellemeleridir. Bu yap\u0131ld\u0131\u011f\u0131 takdirde bu ihtilal iradesinin devam etti\u011fini g\u00f6sterir. Belki bu durumda da te\u015febb\u00fcsten s\u00f6z edilebilir. \u015eimdi gerek dosyadaki delilleri gerek G\u00f6kc\u00fck\u2019te ele ge\u00e7en delilleri, gerek Eski\u015fehir\u2019de ele ge\u00e7en delillerde siz 2003 y\u0131l\u0131ndan sonra san\u0131klar\u0131n bu ihtilali yapma iradelerinin halen devam etti\u011fini, g\u00fcn\u00fcn geli\u015fen ve geli\u015fen sosyal-siyasal olaylar\u0131na g\u00f6re yenilendi\u011fini s\u00f6yleyebilir misiniz? S\u00f6yleyemezseniz o zaman san\u0131klar\u0131n isteyerek veya ellerinde olmayan ba\u015fka nedenlerle bu d\u00fc\u015f\u00fcncelerinden, bu eylemlerinden vazge\u00e7ti\u011fini s\u00f6ylemek gerekir. Bu durumda siz 2003 y\u0131l\u0131nda bu iradelerinden vazge\u00e7en san\u0131klar\u0131 halen bu iradelerini devam ettirdi\u011fi d\u00fc\u015f\u00fcncesi ile at\u0131l\u0131 su\u00e7tan cezaland\u0131rabilir misiniz? Cezaland\u0131rabilmeniz i\u00e7in bunu somut deliller ile ortaya konmas\u0131 gerekir. Yani ihtilal iradesinin devam etti\u011fi ancak bu irade devam ederken san\u0131klar\u0131n yakaland\u0131\u011f\u0131n\u0131 s\u00f6yleyebilirseniz eylemin o zaman Anayasa\u2019ya te\u015febb\u00fcs olarak de\u011ferlendirilmesi s\u00f6z konusudur.\u201d<\/p>\n<p style=\"text-align: justify;\"><a href=\"http:\/\/www.hurriyet.com.tr\/gundem\/18910190.asp\" target=\"_blank\">Kaynak : H\u00fcrriyet.com.tr<\/a><\/p>\n","protected":false},"excerpt":{"rendered":"<p style=\"text-align: center;\">\n<p style=\"text-align: justify;\">\u00d6zel yetkili \u0130stanbul 11. A\u011f\u0131r Ceza Mahkemesi Ba\u015fkan\u0131 \u015eeref Ak\u00e7ay&#8217;\u0131n, Hakimler ve Savc\u0131lar Y\u00fcksek Kuruluna (HSYK) emeklilik i\u00e7in ba\u015fvuru yapt\u0131\u011f\u0131 ve bu kurumun da talebi kabul ederek, Ak\u00e7ay&#8217;\u0131n emeklili\u011fine izin verdi\u011fi \u00f6\u011frenildi.<\/p>\n<p style=\"text-align: justify;\">Be\u015fikta\u015f&#8217;taki \u0130stanbul Adliyesinde bulunan \u00f6zel yetkili mahkemelerden \u0130stanbul 11. A\u011f\u0131r Ceza Mahkemesi Ba\u015fkan\u0131 Ak\u00e7ay&#8217;\u0131n yakla\u015f\u0131k 15 <\/p>\n","protected":false},"author":1,"featured_media":0,"comment_status":"open","ping_status":"open","sticky":false,"template":"","format":"standard","meta":{"footnotes":""},"categories":[105],"tags":[],"class_list":["post-40601","post","type-post","status-publish","format-standard","hentry","category-gundem","odd"],"_links":{"self":[{"href":"http:\/\/www.korhanyilmaz.com\/index.php?rest_route=\/wp\/v2\/posts\/40601","targetHints":{"allow":["GET"]}}],"collection":[{"href":"http:\/\/www.korhanyilmaz.com\/index.php?rest_route=\/wp\/v2\/posts"}],"about":[{"href":"http:\/\/www.korhanyilmaz.com\/index.php?rest_route=\/wp\/v2\/types\/post"}],"author":[{"embeddable":true,"href":"http:\/\/www.korhanyilmaz.com\/index.php?rest_route=\/wp\/v2\/users\/1"}],"replies":[{"embeddable":true,"href":"http:\/\/www.korhanyilmaz.com\/index.php?rest_route=%2Fwp%2Fv2%2Fcomments&post=40601"}],"version-history":[{"count":0,"href":"http:\/\/www.korhanyilmaz.com\/index.php?rest_route=\/wp\/v2\/posts\/40601\/revisions"}],"wp:attachment":[{"href":"http:\/\/www.korhanyilmaz.com\/index.php?rest_route=%2Fwp%2Fv2%2Fmedia&parent=40601"}],"wp:term":[{"taxonomy":"category","embeddable":true,"href":"http:\/\/www.korhanyilmaz.com\/index.php?rest_route=%2Fwp%2Fv2%2Fcategories&post=40601"},{"taxonomy":"post_tag","embeddable":true,"href":"http:\/\/www.korhanyilmaz.com\/index.php?rest_route=%2Fwp%2Fv2%2Ftags&post=40601"}],"curies":[{"name":"wp","href":"https:\/\/api.w.org\/{rel}","templated":true}]}}