{"id":40578,"date":"2011-10-04T16:03:15","date_gmt":"2011-10-04T13:03:15","guid":{"rendered":"http:\/\/www.korhanyilmaz.com\/?p=40578"},"modified":"2011-10-05T05:49:09","modified_gmt":"2011-10-05T02:49:09","slug":"bindik-bir-alamate","status":"publish","type":"post","link":"http:\/\/www.korhanyilmaz.com\/?p=40578","title":{"rendered":"Bindik Bir Alamete&#8230;"},"content":{"rendered":"<p style=\"text-align: justify;\">\n<div id=\"attachment_40599\" style=\"width: 106px\" class=\"wp-caption alignright\"><img loading=\"lazy\" decoding=\"async\" aria-describedby=\"caption-attachment-40599\" class=\" wp-image-40599 \" title=\"C\u00fcneyt \u00dclsever\" src=\"http:\/\/www.korhanyilmaz.com\/wp-content\/uploads\/2011\/10\/7127.jpg\" alt=\"\" width=\"96\" height=\"128\" \/><p id=\"caption-attachment-40599\" class=\"wp-caption-text\">C\u00fcneyt \u00dclsever<\/p><\/div>\n<p style=\"text-align: justify;\">Kendimi art\u0131k Bolu Da\u011f\u0131\u2019ndan muazzam bir h\u0131zla a\u015fa\u011f\u0131 inen freni patlam\u0131\u015f bir otob\u00fcs\u00fcn i\u00e7inde hissediyorum. \u015e\u00f6f\u00f6r \u00e7aps\u0131z, muavin aciz, yolcular\u0131n g\u00f6zleri yerlerinden f\u0131rlam\u0131\u015f, herkes birbirine bak\u0131p duruyor. Baz\u0131lar\u0131 halen ne oldu\u011funu anlam\u0131\u015f de\u011fil. Otob\u00fcs\u00fcn yar\u0131s\u0131 ne olaca\u011f\u0131n\u0131 hissediyor ama hi\u00e7bir \u015fey yapamayaca\u011f\u0131n\u0131 da biliyor. Onlar \u201cson\u201dun ne oldu\u011funu g\u00f6r\u00fcyorlar, sadece mukedderat\u0131n hangi virajda tecelli edece\u011finden emin de\u011filler.<!--more--><\/p>\n<p style=\"text-align: justify;\">\u00d6te yanda, yolculardan baz\u0131lar\u0131 da, sanki onlar ayn\u0131 otob\u00fcste de\u011fillermi\u015f gibi, \u201cher \u015fey iyi olacak, her \u015fey iyi olacak!\u201d, diyerek z\u00fc\u011f\u00fcrt tesellisi \u00fcf\u00fcr\u00fcyorlar. Hatta, baz\u0131 y\u00fczs\u00fczler \u015f\u00f6f\u00f6r\u00fc c\u0131l\u0131z \u00e7\u0131kan seslerle uyaranlar\u0131 bile azarl\u0131yor.<\/p>\n<p style=\"text-align: justify;\">\u201cSen sus, o ne yapt\u0131\u011f\u0131n\u0131 bilir!\u201d, diye z\u0131lg\u0131t at\u0131yorlar.<\/p>\n<p style=\"text-align: justify;\">***<\/p>\n<p style=\"text-align: justify;\">Se\u00e7imlerden \u00f6nce de yazd\u0131m. Se\u00e7imden AKP iktidar\u0131 \u00e7\u0131kacak ama tek ba\u015f\u0131na Anayasa\u2019y\u0131 de\u011fi\u015ftircek sandalye say\u0131s\u0131 kazanamayacak diye tahminde bulundum.<\/p>\n<p style=\"text-align: justify;\">Yine se\u00e7imden \u00f6nce, AKP+BDP oylar\u0131n\u0131n Anayasa\u2019y\u0131 de\u011fi\u015ftirmeye yeterli say\u0131ya ula\u015faca\u011f\u0131n\u0131 da tahmin etmi\u015ftim.<\/p>\n<p style=\"text-align: justify;\">O g\u00fcnlerde de yazd\u0131\u011f\u0131m gibi; bindi\u011fimiz alamet giderek artan h\u0131zla \u201csivil Anayasa\u201d s\u00f6ylemi ad\u0131 alt\u0131nda \u00fc\u00e7 hedefe y\u00f6nlenmi\u015f vaziyette:<\/p>\n<p style=\"text-align: justify;\">Yeni Anayasa:<\/p>\n<p style=\"text-align: justify;\"><strong>1)<\/strong>\u00dclke genelinde Ba\u015fkanl\u0131k sistemini hayata ge\u00e7irecek,<\/p>\n<p style=\"text-align: justify;\"><strong>2)<\/strong>Merkezde y\u00fcr\u00fctme tek bir ki\u015finin elinde toplan\u0131rken, yerel y\u00f6netimleri de g\u00fc\u00e7lendirecek (demokratik \u00f6zerklik).<\/p>\n<p style=\"text-align: justify;\">Ayr\u0131ca ayn\u0131 Anayasa ge\u00e7ici bir madde ile:<\/p>\n<p style=\"text-align: justify;\"><strong>3)<\/strong>Genel af getirecek.<\/p>\n<p style=\"text-align: justify;\">&#8211; Silivri Davalar\u0131\u2019nda yarg\u0131lananlar ile PKK\u2019l\u0131lar ayn\u0131 anda affa u\u011frayacaklar.-<\/p>\n<p style=\"text-align: justify;\">***<\/p>\n<p style=\"text-align: justify;\">Bir ilave tahminimi daha belirteyim:<\/p>\n<p style=\"text-align: justify;\"><strong>4)<\/strong>Hukuken ihtiya\u00e7 olmasa bile yukar\u0131da s\u0131ralad\u0131\u011f\u0131m \u00fc\u00e7 unsuru i\u00e7eren yeni Anayasa bir referandumla halk\u0131n onay\u0131na sunulacak.<\/p>\n<p style=\"text-align: justify;\">***<\/p>\n<p style=\"text-align: justify;\">Bu Anayasa\u2019ya BDP\u2019li se\u00e7men demokratik \u00f6zerklik maddeleri gere\u011fi (K\u00fcrtlerin merkez y\u00f6netimi ele ge\u00e7irmek gibi bir talepleri olmad\u0131\u011f\u0131 i\u00e7in Ba\u015fkanl\u0131k Sistemi onlar\u0131 ilgilendirmeyecek), AKP\u2019liler Recep Tayyip Erdo\u011fan Ba\u015fkanl\u0131k Sistemi istedi\u011fi i\u00e7in\u00a0\u201cevet\u201d oyu verecekler.<\/p>\n<p style=\"text-align: justify;\">Dahas\u0131, bu iki grup d\u0131\u015f\u0131nda kalan, hem AKP\u2019ye, hem de BDP(PKK)\u2019ye kar\u015f\u0131 olanlar da Silivri San\u0131klar\u0131n\u0131 kurtarmak i\u00e7in, t\u00fcm\u00fcyle olmasa da, \u00f6nemli oranda \u201cevet\u201d diyecekler.<\/p>\n<p style=\"text-align: justify;\">Ortaya \u00f6yle bir kar\u0131\u015f\u0131k salata konacak ki herkes \u201ckar\u015f\u0131 oldu\u011fumuz maddeler var ama yine de evet\u201d noktas\u0131nda birle\u015fecek.<\/p>\n<p style=\"text-align: justify;\">BDP\u2019liler ve AKP\u2019liler g\u0131c\u0131k olduklar\u0131 Ergenekoncular\u0131, yine AKP\u2019li ve ayr\u0131ca CHP ve MHP\u2019liler nefret ettikleri PKK\u2019l\u0131lar\u0131 affedecekler!<\/p>\n<p style=\"text-align: justify;\">AKP\u2019liler \u201cdemokratik \u00f6zerklik\u201d neyisin nesidir diye bozuk atacaklar ama Ba\u015fkanl\u0131k Sistemine g\u00f6n\u00fcl ba\u011flayacaklar.<\/p>\n<p style=\"text-align: justify;\">CHP ve MHP\u2019liler hem Ba\u015fkanl\u0131k sistemine, hem demokratk \u00f6zerkli\u011fe ate\u015f p\u00fcsk\u00fcrecekler ama b\u00f6yle bir Anayasa\u2019ya \u201chay\u0131r\u201d demenin Silivri\u2019deki \u0130ntikam Tutuklamalar\u0131n\u0131n devam\u0131 anlam\u0131na gelece\u011fini bildikleri i\u00e7in itiraz seslerini ancak c\u0131l\u0131z \u00e7\u0131karabilecekler.<\/p>\n<p style=\"text-align: justify;\">Silivri\u2019de yatan su\u00e7suzlar \u201cbiz af istemiyoruz, biz davalar\u0131n devam\u0131n\u0131 istiyoruz, biz aklanmak isityoruz!\u201d, diye ba\u011f\u0131rsalar da, onlar\u0131n d\u0131\u015far\u0131daki canlar\u0131; i\u00e7erdekiler i\u015fkence hayat\u0131ndan kurtulaca\u011f\u0131, e\u015flerine, o\u011fullar\u0131na, babalar\u0131na evde nihayet bir tas s\u0131cak \u00e7orba i\u00e7irebilecekleri i\u00e7in sessiz sakin sevinecekler.<\/p>\n<p style=\"text-align: justify;\">Silivri\u2019deki ger\u00e7ek su\u00e7lular ve eli kanl\u0131 PKK\u2019l\u0131lar da \u201coh be nihayet y\u0131rtt\u0131k!\u201d, diyerek g\u00f6bek atacaklar.<\/p>\n<p style=\"text-align: justify;\">***<\/p>\n<p style=\"text-align: justify;\">Bir ak\u015fam tek adam (muhtemelen 2014\u2019de) TV\u2019ye \u00e7\u0131kacak ve millete te\u015fekk\u00fcr edecek!<\/p>\n<p style=\"text-align: justify;\">\u201cBen Anayasa de\u011fi\u015fikli\u011fini referanduma gerek kalmayacak oy \u00e7oklu\u011fu ile TBMM\u2019den ge\u00e7irdim ama bir de aziz milletimin onay\u0131n\u0131 almak istedim. Siz bana \u015fimdilik 5 y\u0131l, in\u015fallah 5 y\u0131l sonra da bir 5 y\u0131l daha (toplam 10 y\u0131l) \u00fclkeyi tek ba\u015f\u0131ma y\u00f6netmem i\u00e7in yetki verdiniz\/vereceksiniz.<\/p>\n<p style=\"text-align: justify;\">Milli irade \u00f6n\u00fcm\u00fczdeki 10 y\u0131l sizlerin \u00f6zg\u00fcrce ald\u0131\u011f\u0131n\u0131z kararla \u015fahsen bana devredilmi\u015ftir.<\/p>\n<p style=\"text-align: justify;\">Hepinize minnettar\u0131m\u201d, diyecek.<\/p>\n<p style=\"text-align: justify;\">***<\/p>\n<p style=\"text-align: justify;\">\u201cOtokrasiler genellikle milli irade taraf\u0131ndan kurulur\u201d s\u00f6z\u00fc bir kez daha tarihe ge\u00e7ecek!<\/p>\n<p style=\"text-align: justify;\"><a href=\"http:\/\/www.odatv.com\/n.php?n=bindik-bir-alamete...-0410111200\" target=\"_blank\">Kaynak : <strong>Dr. C\u00fcneyt \u00dclsever<\/strong> &#8211; Odatv.com<\/a><\/p>\n","protected":false},"excerpt":{"rendered":"<p style=\"text-align: justify;\">\n<p id=\"caption-attachment-40599\" class=\"wp-caption-text\">C\u00fcneyt \u00dclsever<\/p>\n<p style=\"text-align: justify;\">Kendimi art\u0131k Bolu Da\u011f\u0131\u2019ndan muazzam bir h\u0131zla a\u015fa\u011f\u0131 inen freni patlam\u0131\u015f bir otob\u00fcs\u00fcn i\u00e7inde hissediyorum. \u015e\u00f6f\u00f6r \u00e7aps\u0131z, muavin aciz, yolcular\u0131n g\u00f6zleri yerlerinden f\u0131rlam\u0131\u015f, herkes birbirine bak\u0131p duruyor. Baz\u0131lar\u0131 halen ne oldu\u011funu anlam\u0131\u015f de\u011fil. Otob\u00fcs\u00fcn yar\u0131s\u0131 ne olaca\u011f\u0131n\u0131 hissediyor ama hi\u00e7bir \u015fey yapamayaca\u011f\u0131n\u0131 da biliyor. Onlar \u201cson\u201dun <\/p>\n","protected":false},"author":1,"featured_media":0,"comment_status":"open","ping_status":"open","sticky":false,"template":"","format":"standard","meta":{"footnotes":""},"categories":[16],"tags":[417],"class_list":["post-40578","post","type-post","status-publish","format-standard","hentry","category-kose-yazilari","tag-cuneyt-ulsever","odd"],"_links":{"self":[{"href":"http:\/\/www.korhanyilmaz.com\/index.php?rest_route=\/wp\/v2\/posts\/40578","targetHints":{"allow":["GET"]}}],"collection":[{"href":"http:\/\/www.korhanyilmaz.com\/index.php?rest_route=\/wp\/v2\/posts"}],"about":[{"href":"http:\/\/www.korhanyilmaz.com\/index.php?rest_route=\/wp\/v2\/types\/post"}],"author":[{"embeddable":true,"href":"http:\/\/www.korhanyilmaz.com\/index.php?rest_route=\/wp\/v2\/users\/1"}],"replies":[{"embeddable":true,"href":"http:\/\/www.korhanyilmaz.com\/index.php?rest_route=%2Fwp%2Fv2%2Fcomments&post=40578"}],"version-history":[{"count":0,"href":"http:\/\/www.korhanyilmaz.com\/index.php?rest_route=\/wp\/v2\/posts\/40578\/revisions"}],"wp:attachment":[{"href":"http:\/\/www.korhanyilmaz.com\/index.php?rest_route=%2Fwp%2Fv2%2Fmedia&parent=40578"}],"wp:term":[{"taxonomy":"category","embeddable":true,"href":"http:\/\/www.korhanyilmaz.com\/index.php?rest_route=%2Fwp%2Fv2%2Fcategories&post=40578"},{"taxonomy":"post_tag","embeddable":true,"href":"http:\/\/www.korhanyilmaz.com\/index.php?rest_route=%2Fwp%2Fv2%2Ftags&post=40578"}],"curies":[{"name":"wp","href":"https:\/\/api.w.org\/{rel}","templated":true}]}}