{"id":40573,"date":"2011-10-04T21:26:27","date_gmt":"2011-10-04T18:26:27","guid":{"rendered":"http:\/\/www.korhanyilmaz.com\/?p=40573"},"modified":"2011-10-05T04:27:32","modified_gmt":"2011-10-05T01:27:32","slug":"pkklinin-cenazesinde-olay-cikti-150-gozalti","status":"publish","type":"post","link":"http:\/\/www.korhanyilmaz.com\/?p=40573","title":{"rendered":"PKK&#8217;l\u0131n\u0131n cenazesinde olay \u00e7\u0131kt\u0131: 150 g\u00f6zalt\u0131"},"content":{"rendered":"<p style=\"text-align: center;\"><a href=\"http:\/\/www.korhanyilmaz.com\/wp-content\/uploads\/2011\/10\/7125.jpg\"  class=\"lightview\"><img loading=\"lazy\" decoding=\"async\" class=\"aligncenter size-full wp-image-40574\" src=\"http:\/\/www.korhanyilmaz.com\/wp-content\/uploads\/2011\/10\/7125-e1317777981976.jpg\" alt=\"\" width=\"313\" height=\"209\" \/><\/a><\/p>\n<p style=\"text-align: justify;\">Kahramanmara\u015f&#8217;ta g\u00fcvenlik g\u00fc\u00e7leriyle girdi\u011fi \u00e7at\u0131\u015fmada \u00f6ld\u00fcr\u00fclen ter\u00f6ristin Mersin&#8217;deki cenazesinde olaylar \u00e7\u0131kt\u0131. Mezarl\u0131k \u00e7\u0131k\u0131\u015f\u0131 g\u00f6steri yapmak isteyen gruba polis m\u00fcdahale etti, 150 ki\u015fi g\u00f6zalt\u0131na al\u0131nd\u0131.<\/p>\n<p style=\"text-align: justify;\">PKK&#8217;n\u0131n Pazarc\u0131k sorumlusu Sad\u0131k Kaya&#8217;n\u0131n cenazesi ailesinin ya\u015fad\u0131\u011f\u0131 Mersin&#8217;e getirildi, G\u00fcneykent mezarl\u0131\u011f\u0131nda topra\u011fa verildi.\u00a0<!--more--><\/p>\n<p style=\"text-align: justify;\">Mezarl\u0131k \u00e7\u0131k\u0131\u015f\u0131nda toplanan bir grup g\u00f6sterici polisi molotof ve ta\u015f ya\u011fmuruna tuttu. G\u00fcvenlik g\u00fc\u00e7leri g\u00f6stericilere tazyikli suyla m\u00fcdahale etti.<\/p>\n<p style=\"text-align: justify;\">Y\u00fcksek kesimlere ka\u00e7an grup \u00e7evrede bulunan otlar\u0131 ate\u015fe verince yang\u0131n \u00e7\u0131kt\u0131. \u0130tfaiye ekipleri alevleri yerle\u015fim yerlerine s\u0131\u00e7ramadan s\u00f6nd\u00fcrd\u00fc.<\/p>\n<p style=\"text-align: justify;\">Olaylar s\u0131ras\u0131nda \u00e7ok say\u0131da g\u00f6sterici ve polis yaraland\u0131.<\/p>\n<p style=\"text-align: justify;\">Aralar\u0131nda BDP&#8217;li y\u00f6neticilerin de bulundu\u011fu 150 ki\u015fi g\u00f6zalt\u0131na al\u0131nd\u0131.<\/p>\n<p style=\"text-align: justify;\"><a href=\"http:\/\/www.cnnturk.com\/2011\/turkiye\/10\/04\/pkklinin.cenazesinde.olay.cikti.150.gozalti\/631910.0\/index.html\" target=\"_blank\">Kaynak : CNN T\u00dcRK<\/a><\/p>\n","protected":false},"excerpt":{"rendered":"<p style=\"text-align: center;\">\n<p style=\"text-align: justify;\">Kahramanmara\u015f&#8217;ta g\u00fcvenlik g\u00fc\u00e7leriyle girdi\u011fi \u00e7at\u0131\u015fmada \u00f6ld\u00fcr\u00fclen ter\u00f6ristin Mersin&#8217;deki cenazesinde olaylar \u00e7\u0131kt\u0131. Mezarl\u0131k \u00e7\u0131k\u0131\u015f\u0131 g\u00f6steri yapmak isteyen gruba polis m\u00fcdahale etti, 150 ki\u015fi g\u00f6zalt\u0131na al\u0131nd\u0131.<\/p>\n<p style=\"text-align: justify;\">PKK&#8217;n\u0131n Pazarc\u0131k sorumlusu Sad\u0131k Kaya&#8217;n\u0131n cenazesi ailesinin ya\u015fad\u0131\u011f\u0131 Mersin&#8217;e getirildi, G\u00fcneykent mezarl\u0131\u011f\u0131nda topra\u011fa verildi. <\/p>\n","protected":false},"author":1,"featured_media":0,"comment_status":"open","ping_status":"open","sticky":false,"template":"","format":"standard","meta":{"footnotes":""},"categories":[105],"tags":[],"class_list":["post-40573","post","type-post","status-publish","format-standard","hentry","category-gundem","odd"],"_links":{"self":[{"href":"http:\/\/www.korhanyilmaz.com\/index.php?rest_route=\/wp\/v2\/posts\/40573","targetHints":{"allow":["GET"]}}],"collection":[{"href":"http:\/\/www.korhanyilmaz.com\/index.php?rest_route=\/wp\/v2\/posts"}],"about":[{"href":"http:\/\/www.korhanyilmaz.com\/index.php?rest_route=\/wp\/v2\/types\/post"}],"author":[{"embeddable":true,"href":"http:\/\/www.korhanyilmaz.com\/index.php?rest_route=\/wp\/v2\/users\/1"}],"replies":[{"embeddable":true,"href":"http:\/\/www.korhanyilmaz.com\/index.php?rest_route=%2Fwp%2Fv2%2Fcomments&post=40573"}],"version-history":[{"count":0,"href":"http:\/\/www.korhanyilmaz.com\/index.php?rest_route=\/wp\/v2\/posts\/40573\/revisions"}],"wp:attachment":[{"href":"http:\/\/www.korhanyilmaz.com\/index.php?rest_route=%2Fwp%2Fv2%2Fmedia&parent=40573"}],"wp:term":[{"taxonomy":"category","embeddable":true,"href":"http:\/\/www.korhanyilmaz.com\/index.php?rest_route=%2Fwp%2Fv2%2Fcategories&post=40573"},{"taxonomy":"post_tag","embeddable":true,"href":"http:\/\/www.korhanyilmaz.com\/index.php?rest_route=%2Fwp%2Fv2%2Ftags&post=40573"}],"curies":[{"name":"wp","href":"https:\/\/api.w.org\/{rel}","templated":true}]}}