{"id":40569,"date":"2011-10-04T16:33:04","date_gmt":"2011-10-04T13:33:04","guid":{"rendered":"http:\/\/www.korhanyilmaz.com\/?p=40569"},"modified":"2011-10-05T04:17:24","modified_gmt":"2011-10-05T01:17:24","slug":"basbakanin-ozel-temsilcisi-chpyi-pkk-yetkililerine-sikayet-ediyor","status":"publish","type":"post","link":"http:\/\/www.korhanyilmaz.com\/?p=40569","title":{"rendered":"&#8220;Ba\u015fbakan\u0131n \u00f6zel temsilcisi CHP&#8217;yi PKK yetkililerine \u015fikayet ediyor&#8221;"},"content":{"rendered":"<p style=\"text-align: justify;\"><a href=\"http:\/\/www.korhanyilmaz.com\/wp-content\/uploads\/2011\/10\/7124.jpg\"  class=\"lightview\"><img loading=\"lazy\" decoding=\"async\" class=\"aligncenter size-full wp-image-40570\" title=\"\" src=\"http:\/\/www.korhanyilmaz.com\/wp-content\/uploads\/2011\/10\/7124.jpg\" alt=\"\" width=\"312\" height=\"215\" \/><\/a><\/p>\n<p style=\"text-align: justify;\">CHP Genel Ba\u015fkan\u0131 Kemal K\u0131l\u0131\u00e7daro\u011flu, &#8220;Ba\u015fbakan&#8217;\u0131n \u00f6zel temsilcisi CHP&#8217;yi, PKK yetkililerine \u015fikayet ediyor. Bu t\u00fcr g\u00f6r\u00fc\u015fmeler ter\u00f6r\u00fc sonland\u0131rmaz, ter\u00f6r\u00fc azd\u0131r\u0131r. Fatura Ba\u015fbakan Recep Tayyip Erdo\u011fan&#8217;a m\u0131 \u00e7\u0131k\u0131yor? Erdo\u011fan nas\u0131l olsa bir yere giderken bin-bin be\u015f y\u00fcz korumayla gidiyor&#8221; dedi.<\/p>\n<p style=\"text-align: justify;\">K\u0131l\u0131\u00e7daro\u011flu, partisinin grup toplant\u0131s\u0131nda yapt\u0131\u011f\u0131 konu\u015fmada, yeni bir anayasay\u0131 kendilerinin de istedi\u011fini, bunu daha \u00f6nce teklif ettiklerinde, &#8220;g\u00fcndemimizde yok&#8221; cevab\u0131 verildi\u011fini s\u00f6yledi.\u00a0<!--more--><\/p>\n<p style=\"text-align: justify;\"><strong>Mevcut anayasaya bile uymuyorlar ki<\/strong><\/p>\n<p style=\"text-align: justify;\">Yeni anayasa yapmakla mevcut baz\u0131 sorunlar\u0131n d\u00fczelmeyece\u011fini belirten K\u0131l\u0131\u00e7daro\u011flu, Anayasada yer alan uluslararas\u0131 anla\u015fmalar ve \u00f6zel hayat\u0131n gizlili\u011fi ilkesine ili\u015fkin h\u00fck\u00fcmlere bile uyulmad\u0131\u011f\u0131n\u0131 \u00f6ne s\u00fcrd\u00fc. K\u0131l\u0131\u00e7daro\u011flu, Anayasa h\u00fck\u00fcmlerinin aksine &#8220;Ergenekon&#8221; davas\u0131 dosyalar\u0131nda \u00f6zel g\u00f6r\u00fc\u015fmelerin de yer ald\u0131\u011f\u0131n\u0131, milletleraras\u0131 anla\u015fma h\u00fck\u00fcmlerinin esas al\u0131nmad\u0131\u011f\u0131n\u0131 iddia etti.<\/p>\n<p style=\"text-align: justify;\">Bunun yan\u0131nda Anayasaya g\u00f6re, Kanun H\u00fckm\u00fcnde Kararnamelerin (KHK) TBMM&#8217;de komisyonlar ve Genel Kurulda \u00f6ncelikli ve ivedi olarak g\u00f6r\u00fc\u015f\u00fclmesi gerekti\u011fini anlatan K\u0131l\u0131\u00e7daro\u011flu, bu nedenle AK Parti iktidar\u0131n\u0131n \u00e7\u0131kard\u0131\u011f\u0131 KHK&#8217;lar\u0131n hepsinin bu s\u00fcre\u00e7ten ge\u00e7mesinin zorunluluk oldu\u011funu savundu.<\/p>\n<p style=\"text-align: justify;\">Kemal K\u0131l\u0131\u00e7daro\u011flu, yeni anayasa haz\u0131rl\u0131\u011f\u0131 s\u00fcreciyle e\u015f zamanl\u0131 olarak siyasi partiler yasas\u0131n\u0131n de\u011fi\u015ftirilmesi, y\u00fczde 10 se\u00e7im baraj\u0131n\u0131n d\u00fc\u015f\u00fcr\u00fclmesi, i\u00e7 hukuk d\u00fczenlemelerinin yap\u0131lmas\u0131, KHK&#8217;lar\u0131n komisyon ve Genel Kurulda ele al\u0131nmas\u0131, \u00f6zel yetkili mahkemelere son verilmesi gerekti\u011fini ifade etti.<\/p>\n<p style=\"text-align: justify;\"><strong>&#8220;Belediyelere \u00f6zel ilgi&#8230;&#8221;\u00a0<\/strong><\/p>\n<p style=\"text-align: justify;\">Son g\u00fcnlerde CHP&#8217;li belediyelere y\u00f6nelik \u00f6zel bir ilginin s\u00f6z konusu oldu\u011funu belirten K\u0131l\u0131\u00e7daro\u011flu, telefonla ya da mektupla \u00e7a\u011fr\u0131lmas\u0131 gereken bir belediye ba\u015fkan\u0131n\u0131n evine polis ordusunun g\u00f6nderildi\u011fini s\u00f6yledi. K\u0131l\u0131\u00e7daro\u011flu, bunlar\u0131n hepsine direneceklerini, yollar\u0131ndan d\u00f6nmeyeceklerini bildirdi.<\/p>\n<p style=\"text-align: justify;\">Ba\u015fbakan Recep Tayyip Erdo\u011fan&#8217;\u0131n Alman vak\u0131flar\u0131 ve CHP&#8217;li belediyelere y\u00f6nelik a\u00e7\u0131klamas\u0131na de\u011finen K\u0131l\u0131\u00e7daro\u011flu, \u015funlar\u0131 s\u00f6yledi:<\/p>\n<p style=\"text-align: justify;\">&#8220;Say\u0131n Ba\u015fbakan &#8216;Alman vak\u0131flar\u0131ndan CHP&#8217;li belediyeler kredi al\u0131yor, bu krediler bir tak\u0131m m\u00fcteahhitlere i\u015f verilerek, onun arac\u0131l\u0131\u011f\u0131yla PKK&#8217;ya kaynak aktar\u0131l\u0131yor&#8217; dedi. 24 saat ge\u00e7meden \u00e7ark etti. Efendim, &#8216;laflar\u0131 c\u0131mb\u0131zlam\u0131\u015flar&#8230;&#8217; Buradan Say\u0131n Ba\u015fbakan&#8217;a bir \u00e7a\u011fr\u0131da bulunuyorum; bir Ba\u015fbakan karn\u0131ndan konu\u015fmaz. Ba\u015fbakan vakit ge\u00e7irmeden, hemen bug\u00fcn, ima etti\u011fi CHP&#8217;li belediyelerin isimleri ile birlikte bildi\u011fi her \u015feyi, ayr\u0131nt\u0131y\u0131 gizlemeden ve atlamadan kamuoyuna a\u00e7\u0131klas\u0131n. \u015eerefli bir Ba\u015fbakan&#8217;\u0131n yapmas\u0131 gereken budur. \u00dczerine basarak s\u00f6yl\u00fcyorum; \u015ferefli bir Ba\u015fbakan bu konuda ne bilgi ve ne belge var ise gizlice benimle de\u011fil, T\u00fcrk halk\u0131 ile televizyonlar\u0131n ve bas\u0131n\u0131n \u00f6n\u00fcnde vakit ge\u00e7irmeden acilen payla\u015fs\u0131n. Aksi takdirde \u015ferefli Ba\u015fbakan g\u00f6revini ihmal etmi\u015f olacak ve su\u00e7 i\u015flemi\u015f olacakt\u0131r. Ba\u015fbakan&#8217;\u0131, su\u00e7\u00fcst\u00fc yakalanman\u0131n korkusu ve tela\u015f\u0131 sarm\u0131\u015ft\u0131r. Defalarca sordum, bir daha soruyorum; bu Deniz Feneri&#8217;ndeki k\u00f6stebek bakan kim Say\u0131n Ba\u015fbakan, bir \u00e7\u0131k anlat Allah a\u015fk\u0131na. Bir bakan k\u00f6stebeklik yapar m\u0131? Arama yap\u0131lacak, \u00f6nceden haber veriyorlar. Kim yap\u0131yor bunu ey \u015ferefli Ba\u015fbakan, \u00e7\u0131k bu konular\u0131 anlat, dinleyelim bakal\u0131m.&#8221;<\/p>\n<p style=\"text-align: justify;\"><strong>&#8220;TRT Genel M\u00fcd\u00fcr\u00fcne s\u00f6z ge\u00e7iremiyor&#8221;\u00a0<\/strong><\/p>\n<p style=\"text-align: justify;\">TBMM&#8217;den bir ki\u015finin, CHP Grubu&#8217;nu arayarak, grup toplant\u0131lar\u0131n\u0131, eskiden oldu\u011fu gibi TBMM TV&#8217;den canl\u0131 yay\u0131nlanaca\u011f\u0131n\u0131 s\u00f6yledi\u011fini belirten K\u0131l\u0131\u00e7daro\u011flu, bug\u00fcn ise telefonda &#8220;Biz verecektik ama TRT Genel M\u00fcd\u00fcr\u00fc direniyor, vermiyor&#8221; denildi\u011fini s\u00f6yledi. TBMM Ba\u015fkan\u0131 Cemil \u00c7i\u00e7ek&#8217;in, bu g\u00f6r\u00fc\u015fmelerin canl\u0131 yay\u0131nlanaca\u011f\u0131n\u0131 s\u00f6yledi\u011fini ancak TBMM Ba\u015fkan\u0131&#8217;n\u0131n, TRT Genel M\u00fcd\u00fcr\u00fc&#8217;ne s\u00f6z ge\u00e7iremedi\u011fini savunan K\u0131l\u0131\u00e7daro\u011flu, &#8220;TBMM Ba\u015fkan\u0131, TRT Genel M\u00fcd\u00fcr\u00fc&#8217;ne s\u00f6z ge\u00e7iremiyorsa Allah a\u015fk\u0131na bu Ba\u015fkan kime s\u00f6z ge\u00e7irecek?&#8221; diye sordu.<\/p>\n<p style=\"text-align: justify;\"><strong>&#8220;Dilsiz demokrasi \u00f6rt\u00fcl\u00fc diktat\u00f6rl\u00fckt\u00fcr&#8221;\u00a0<\/strong><\/p>\n<p style=\"text-align: justify;\">\u00c7i\u00e7ek&#8217;in haklar\u0131n\u0131 da kendilerinin savunaca\u011f\u0131n\u0131 dile getiren K\u0131l\u0131\u00e7daro\u011flu, TBMM Ba\u015fkan\u0131 ile hi\u00e7 kimsenin bu d\u00fczeyde g\u00f6r\u00fc\u015femeyece\u011fini, diren\u00e7 g\u00f6steremeyece\u011fini s\u00f6yledi. K\u0131l\u0131\u00e7daro\u011flu, dilsiz demokrasinin, \u00f6rt\u00fcl\u00fc diktat\u00f6rl\u00fck ve o diktat\u00f6rl\u00fc\u011fe \u00e7anak tutmak oldu\u011funu ifade etti.<\/p>\n<p style=\"text-align: justify;\"><strong>&#8220;Yolsuzluk AK Parti&#8217;nin ihtisas\u0131 oldu&#8221;\u00a0<\/strong><\/p>\n<p style=\"text-align: justify;\">K\u0131l\u0131\u00e7daro\u011flu, &#8220;insan haklar\u0131 ihlallerinin s\u0131radanla\u015ft\u0131\u011f\u0131n\u0131, yolsuzluklar\u0131n AK Parti&#8217;nin ihtisas alan\u0131na d\u00f6n\u00fc\u015ft\u00fc\u011f\u00fcn\u00fc, T\u00fcrkiye&#8217;nin d\u0131\u015f politikada itibars\u0131zla\u015ft\u0131\u011f\u0131n\u0131, demokrasi s\u00f6yleminde bulunman\u0131n, neredeyse su\u00e7 olmaya ba\u015flad\u0131\u011f\u0131n\u0131, yakla\u015f\u0131k 60 gazetecinin hapishanede oldu\u011funu&#8221; belirterek, ba\u015fbakan\u0131n bunlar\u0131 g\u00f6rmezden gelerek, yurt d\u0131\u015f\u0131 gezilerine devam etti\u011fini s\u00f6yledi. K\u0131l\u0131\u00e7daro\u011flu, bu nedenle sorumluluklar\u0131n\u0131n ve g\u00f6revlerinin \u00e7ok a\u011f\u0131r oldu\u011funu dile getirdi.<\/p>\n<p style=\"text-align: justify;\"><strong>&#8220;Ya\u011fma d\u00fczeni bakanl\u0131klar\u0131n i\u00e7ine ta\u015f\u0131nd\u0131&#8221;\u00a0<\/strong><\/p>\n<p style=\"text-align: justify;\">Bakan yard\u0131mc\u0131l\u0131klar\u0131na y\u00f6nelik ele\u015ftirilerini dile getiren K\u0131l\u0131\u00e7daro\u011flu, \u015funlar\u0131 s\u00f6yledi:<\/p>\n<p style=\"text-align: justify;\">&#8220;G\u00f6z ard\u0131 edilmemesi gereken bir konu var. Eskiden K\u0130T&#8217;lerde arpal\u0131klar vard\u0131, y\u00f6netim kurulu \u00fcyelikleri. Se\u00e7imi kaybedenler, yanda\u015flar K\u0130T&#8217;lerin Y\u00f6netim Kurulu \u00fcyeliklerine atan\u0131rd\u0131. K\u0130T&#8217;ler \u00f6zelle\u015ftirildi, ya\u011fma d\u00f6nemi bitti. Ne yapacaklar; \u015fimdi bakan yard\u0131mc\u0131l\u0131klar\u0131 olu\u015fturuluyor, ya\u011fma d\u00fczenini bakanl\u0131klar\u0131n i\u00e7ine ta\u015f\u0131d\u0131lar. Eski milletvekilleri, se\u00e7ime girmi\u015f kaybetmi\u015f olanlar, bakan yard\u0131mc\u0131l\u0131klar\u0131na atand\u0131. Bakan yok mu; var. Ya eskisi yanl\u0131\u015ft\u0131 ya yenisi. Yanda\u015flara devletin kayna\u011f\u0131n\u0131 ay\u0131rmak, onlara devletin kayna\u011f\u0131n\u0131 vermek, ya\u011fmay\u0131 bu \u015fekilde me\u015frula\u015ft\u0131rmak do\u011fru mu? Yeni bir y\u00f6ntem, yolla yola \u00e7\u0131kt\u0131lar, arpal\u0131\u011fa d\u00f6n\u00fc\u015ft\u00fcrd\u00fcler, KHK ile bakanl\u0131klar\u0131.&#8221;<\/p>\n<p style=\"text-align: justify;\"><strong>&#8220;KHK \u00e7\u0131karma yetkisi eski h\u00fck\u00fcmete verildi&#8221;<\/strong><\/p>\n<p style=\"text-align: justify;\">Parlamentonun, i\u015flevsiz b\u0131rak\u0131ld\u0131\u011f\u0131n\u0131, KHK&#8217;lar\u0131n \u00e7\u0131kar\u0131ld\u0131\u011f\u0131n\u0131 ifade eden K\u0131l\u0131\u00e7daro\u011flu, \u015fu g\u00f6r\u00fc\u015fleri dile getirdi:<\/p>\n<p style=\"text-align: justify;\">Parlamentonun, eski h\u00fck\u00fcmete KHK \u00e7\u0131karma yetkisi verdi\u011fini ancak h\u00fck\u00fcmetin de\u011fi\u015fti\u011fini ifade eden K\u0131l\u0131\u00e7daro\u011flu, h\u00fck\u00fcmetin KHK \u00e7\u0131karmaya devam etti\u011fini s\u00f6yledi. K\u0131l\u0131\u00e7daro\u011flu, &#8220;Anayasa Mahkemesi, bu ger\u00e7e\u011fi g\u00f6re g\u00f6re, bile bile suskunlu\u011funu s\u00fcrd\u00fcr\u00fcyorsa orada sorun var demektir.&#8221;<\/p>\n<p style=\"text-align: justify;\">S\u00f6z\u00fc devam eden M\u0130T-PKK g\u00f6r\u00fc\u015fmesi polemi\u011fine getiren K\u0131l\u0131\u00e7daro\u011flu, \u015funlar\u0131 anlatt\u0131:<\/p>\n<p style=\"text-align: justify;\">&#8220;M\u0130T-PKK g\u00f6r\u00fc\u015fmesi diyorlar. M\u0130T-PKK g\u00f6r\u00fc\u015fmesi de\u011fil, devletin istihbarat \u00f6rg\u00fctlerinin yapt\u0131\u011f\u0131 g\u00f6r\u00fc\u015fme de\u011fil, Ba\u015fbakan&#8217;\u0131n \u00f6zel temsilcisinin yapt\u0131\u011f\u0131 g\u00f6r\u00fc\u015fme. \u00d6nce inkar ettiler sonra itiraf etti, &#8216;benim \u00f6zel temsilcim g\u00f6r\u00fc\u015ft\u00fc&#8217; denildi. Bu g\u00f6r\u00fc\u015fmede y\u00fczde 95&#8217;lik anla\u015fma sa\u011fland\u0131\u011f\u0131 s\u00f6yleniyor. \u00c7\u0131k onu anlat. \u0130lla internet sitesine konulan haberlerle mi \u00f6\u011frenece\u011fiz. \u00d6zel g\u00f6r\u00fc\u015fmeyi belgeleyen ba\u015fka bir olay daha var. \u00d6zel g\u00f6r\u00fc\u015fmede, CHP&#8217;yi PKK yetkililerine \u015fikayet ediyorlar, ak\u0131l alacak \u015fey de\u011fil. Ba\u015fbakan&#8217;\u0131n \u00f6zel temsilcisi CHP&#8217;yi PKK yetkililerine \u015fikayet ediyor. Bu t\u00fcr g\u00f6r\u00fc\u015fmeler ter\u00f6r\u00fc sonland\u0131rmaz, ter\u00f6r\u00fc azd\u0131r\u0131r. Nitekim azd\u0131rd\u0131. Fatura Erdo\u011fan&#8217;a m\u0131 \u00e7\u0131k\u0131yor? Erdo\u011fan nas\u0131l olsa bir yere giderken bin-bin be\u015f y\u00fcz korumayla gidiyor. Orada g\u00f6rev yapan \u00f6\u011fretmen, kaymakam, sade yurtta\u015f onlar kimin y\u00f6netiminde gezecek, onlar\u0131 da m\u0131 bin-bin be\u015fy\u00fcz ki\u015fi koruyor, hay\u0131r. Ka\u00e7\u0131r\u0131lan \u00f6\u011fretmenlerin, kaymakamlar\u0131n faturas\u0131n\u0131 kim \u00f6deyecek? AKP inkar politikalar\u0131ndan buraya geldi. Bu \u00f6zel g\u00f6r\u00fc\u015fme ter\u00f6r\u00fc sonland\u0131rmak i\u00e7in de\u011fil, \u00f6telemek i\u00e7in yap\u0131ld\u0131. Se\u00e7imler s\u0131ras\u0131nda PKK, 3 kez ate\u015fkesi erteledi\u011fini a\u00e7\u0131klad\u0131. AKP, se\u00e7imlere ter\u00f6r\u00fcn olmad\u0131\u011f\u0131 ortamda gitmek istiyordu, bunun pazarl\u0131\u011f\u0131 yapt\u0131. Bu yol, ter\u00f6r\u00fc sonland\u0131racak yol de\u011fil. Analar a\u011flamaya devam ediyor sizin izledi\u011finiz politikalar nedeniyle. Birileri bunun hesab\u0131n\u0131 vermeyecek mi birileri hesab\u0131n\u0131 sormayacak m\u0131; soraca\u011f\u0131z daha fazla soraca\u011f\u0131z.&#8221;<\/p>\n<p style=\"text-align: justify;\"><a href=\"http:\/\/www.cnnturk.com\/2011\/turkiye\/10\/04\/basbakanin.ozel.temsilcisi.chpyi.pkk.yetkililerine.sikayet.ediyor\/631872.0\/index.html\" target=\"_blank\">Kaynak : CNN T\u00dcRK<\/a><\/p>\n","protected":false},"excerpt":{"rendered":"<p style=\"text-align: justify;\">\n<p style=\"text-align: justify;\">CHP Genel Ba\u015fkan\u0131 Kemal K\u0131l\u0131\u00e7daro\u011flu, &#8220;Ba\u015fbakan&#8217;\u0131n \u00f6zel temsilcisi CHP&#8217;yi, PKK yetkililerine \u015fikayet ediyor. Bu t\u00fcr g\u00f6r\u00fc\u015fmeler ter\u00f6r\u00fc sonland\u0131rmaz, ter\u00f6r\u00fc azd\u0131r\u0131r. Fatura Ba\u015fbakan Recep Tayyip Erdo\u011fan&#8217;a m\u0131 \u00e7\u0131k\u0131yor? Erdo\u011fan nas\u0131l olsa bir yere giderken bin-bin be\u015f y\u00fcz korumayla gidiyor&#8221; dedi.<\/p>\n<p style=\"text-align: justify;\">K\u0131l\u0131\u00e7daro\u011flu, partisinin grup toplant\u0131s\u0131nda yapt\u0131\u011f\u0131 konu\u015fmada, yeni bir anayasay\u0131 <\/p>\n","protected":false},"author":1,"featured_media":0,"comment_status":"open","ping_status":"open","sticky":false,"template":"","format":"standard","meta":{"footnotes":""},"categories":[105],"tags":[],"class_list":["post-40569","post","type-post","status-publish","format-standard","hentry","category-gundem","odd"],"_links":{"self":[{"href":"http:\/\/www.korhanyilmaz.com\/index.php?rest_route=\/wp\/v2\/posts\/40569","targetHints":{"allow":["GET"]}}],"collection":[{"href":"http:\/\/www.korhanyilmaz.com\/index.php?rest_route=\/wp\/v2\/posts"}],"about":[{"href":"http:\/\/www.korhanyilmaz.com\/index.php?rest_route=\/wp\/v2\/types\/post"}],"author":[{"embeddable":true,"href":"http:\/\/www.korhanyilmaz.com\/index.php?rest_route=\/wp\/v2\/users\/1"}],"replies":[{"embeddable":true,"href":"http:\/\/www.korhanyilmaz.com\/index.php?rest_route=%2Fwp%2Fv2%2Fcomments&post=40569"}],"version-history":[{"count":0,"href":"http:\/\/www.korhanyilmaz.com\/index.php?rest_route=\/wp\/v2\/posts\/40569\/revisions"}],"wp:attachment":[{"href":"http:\/\/www.korhanyilmaz.com\/index.php?rest_route=%2Fwp%2Fv2%2Fmedia&parent=40569"}],"wp:term":[{"taxonomy":"category","embeddable":true,"href":"http:\/\/www.korhanyilmaz.com\/index.php?rest_route=%2Fwp%2Fv2%2Fcategories&post=40569"},{"taxonomy":"post_tag","embeddable":true,"href":"http:\/\/www.korhanyilmaz.com\/index.php?rest_route=%2Fwp%2Fv2%2Ftags&post=40569"}],"curies":[{"name":"wp","href":"https:\/\/api.w.org\/{rel}","templated":true}]}}