{"id":40558,"date":"2011-10-04T12:15:43","date_gmt":"2011-10-04T09:15:43","guid":{"rendered":"http:\/\/www.korhanyilmaz.com\/?p=40558"},"modified":"2011-10-04T12:57:36","modified_gmt":"2011-10-04T09:57:36","slug":"selami-ozturkten-ilginc-cikis","status":"publish","type":"post","link":"http:\/\/www.korhanyilmaz.com\/?p=40558","title":{"rendered":"Selami \u00d6zt\u00fcrk&#8217;ten ilgin\u00e7 \u00e7\u0131k\u0131\u015f"},"content":{"rendered":"<p style=\"text-align: center;\"><a href=\"http:\/\/www.korhanyilmaz.com\/wp-content\/uploads\/2011\/10\/7120.jpg\"  class=\"lightview\"><img loading=\"lazy\" decoding=\"async\" class=\"aligncenter  wp-image-40560\" src=\"http:\/\/www.korhanyilmaz.com\/wp-content\/uploads\/2011\/10\/7120.jpg\" alt=\"\" width=\"420\" height=\"210\" \/><\/a><\/p>\n<p style=\"text-align: justify;\"><strong>&#8221;Ba\u015fbakan&#8217;\u0131n da K\u0131l\u0131\u00e7daro\u011flu&#8217;nun da a\u00e7\u0131klamalar\u0131 bizi h\u0131rpal\u0131yor&#8221;<\/strong><\/p>\n<p style=\"text-align: justify;\">Kad\u0131k\u00f6y Belediye Ba\u015fkan\u0131 Selami \u00d6zt\u00fcrk, Alman vak\u0131flar\u0131 konusundaki tart\u0131\u015fman\u0131n \u00e7ok y\u00fczeysel, g\u00fcncel sorunlar\u0131 kapatmaya ve g\u00fcndem de\u011fi\u015ftirmeye d\u00f6n\u00fck olarak g\u00f6rd\u00fc\u011f\u00fcn\u00fc belirterek, &#8220;Tart\u0131\u015fma modeli belediye ba\u015fkanlar\u0131n\u0131 \u00fcz\u00fcyor. \u015eahsen beni \u00fcz\u00fcyor. Ba\u015fbakan\u0131n\u0131n a\u00e7\u0131klamas\u0131nda da, genel ba\u015fkan\u0131n a\u00e7\u0131klamas\u0131nda da, her ikisinde de belediye ba\u015fkanlar\u0131 h\u0131rpalan\u0131yor&#8221; dedi.\u00a0<!--more--><\/p>\n<p style=\"text-align: justify;\"><a href=\"http:\/\/www.korhanyilmaz.com\/wp-content\/uploads\/2011\/10\/7121.jpg\"  class=\"lightview\"><img loading=\"lazy\" decoding=\"async\" class=\"alignleft  wp-image-40559\" style=\"margin-left: 10px; margin-right: 10px;\" src=\"http:\/\/www.korhanyilmaz.com\/wp-content\/uploads\/2011\/10\/7121.jpg\" alt=\"\" width=\"250\" height=\"132\" \/><\/a>\u00d6zt\u00fcrk, Kad\u0131k\u00f6y Belediyesine y\u00f6nelik yap\u0131lan operasyonla ilgili makam\u0131nda gazetecilere yapt\u0131\u011f\u0131 a\u00e7\u0131klamada, operasyonlar\u0131n, tam olarak 5-6 aydan beri ba\u015flayan CHP\u2019lilere kar\u015f\u0131 ciddi &#8220;itibars\u0131zla\u015ft\u0131rma&#8221; operasyonlar\u0131 oldu\u011funu savundu.<\/p>\n<p style=\"text-align: justify;\">\u015eu an morallerinin yerinde oldu\u011funu belirten \u00d6zt\u00fcrk, &#8220;Arkada\u015flar\u0131m\u0131z g\u00f6z alt\u0131na al\u0131nm\u0131\u015f, bizim hi\u00e7 bir \u00e7ekincemiz yok. Konunun ne oldu\u011funu iyi k\u00f6t\u00fc biliyorum. Arkada\u015flar\u0131m\u0131z\u0131n ifadesi al\u0131nd\u0131\u011f\u0131 andan itibaren, olay polis\u00e7e a\u00e7\u0131kland\u0131\u011f\u0131 andan itibaren bas\u0131na geni\u015f bir a\u00e7\u0131klama yapaca\u011f\u0131m. B\u00fcy\u00fck ihtimalle a\u00e7\u0131klama yapaca\u011f\u0131m s\u0131rada da arkada\u015flar yan\u0131mda olacaklar&#8221; dedi.<\/p>\n<p style=\"text-align: justify;\">G\u00f6zalt\u0131na al\u0131nan belediye yetkililerinin kimler oldu\u011funun sorulmas\u0131 \u00fczerine de \u00d6zt\u00fcrk, g\u00f6zalt\u0131na al\u0131nan 2 m\u00fcd\u00fcr\u00fcn, g\u00f6revlerinden dolay\u0131 de\u011fil, bir ihale dosyas\u0131na ili\u015fkin ihale komisyonunda bulunmalar\u0131 dolay\u0131s\u0131yla g\u00f6zalt\u0131na al\u0131nd\u0131klar\u0131n\u0131 belirterek, \u015funlar\u0131 s\u00f6yledi:<\/p>\n<p style=\"text-align: justify;\">&#8220;M\u00fcd\u00fcr s\u0131fat\u0131 veya ba\u015fkan yard\u0131mc\u0131s\u0131 s\u0131fat\u0131yla al\u0131nm\u0131\u015f de\u011filler. Yani onlar kendi birimlerindeki i\u015flemle ilgili de\u011fil, yap\u0131lm\u0131\u015f bulunan bir ihaleye ili\u015fkin&#8230; Ben bir ihale biliyorum. \u00c7\u00fcnk\u00fc o ihale komisyonu bir ka\u00e7 ihale yapm\u0131\u015f olabilir, ama ihaleye ili\u015fkin isimler orada birle\u015fiyor&#8221; dedi.<\/p>\n<p style=\"text-align: justify;\">\u00d6zt\u00fcrk, belediyede arama yap\u0131l\u0131p yap\u0131lmad\u0131\u011f\u0131na ili\u015fkin bir soruya da,\u00a0&#8220;Sabah 06.30\u2019da haberim oldu arama yap\u0131ld\u0131\u011f\u0131ndan. B\u00fct\u00fcn arkada\u015flar\u0131n evlerine\u00a0ayr\u0131 ayr\u0131 ekipler gelmi\u015fler. Baz\u0131 yerlerde \u00e7ok kibar davranm\u0131\u015flar, problem yok.Ama tabi olay\u0131n olu\u015f tarz\u0131 \u00fcz\u00fcc\u00fc. 6 ay \u00f6nce al\u0131nm\u0131\u015f bu dosyayla ilgili\u00a0arkada\u015flar\u0131m\u0131za \u00a0buyurun gelin\u2019 deselerdi giderlerdi. B\u00f6yle yap\u0131l\u0131yor T\u00fcrkiye\u2019de,\u00a0b\u00f6yle uygulan\u0131yor. Ama belediyede s\u00f6z konusu g\u00f6rd\u00fc\u011f\u00fcn\u00fcz gibi bir arama yok&#8221;\u00a0\u015feklinde yan\u0131t verdi.<\/p>\n<p style=\"text-align: justify;\">Bir ba\u015fka gazetecinin, &#8220;Ba\u015fbakan Erdo\u011fan ile K\u0131l\u0131\u00e7daro\u011flu s\u00fcrekli bir\u00a0polemik ya\u015f\u0131yor, Alman Vak\u0131flar\u0131 \u00fczerinden. Bizim akl\u0131m\u0131za bu geliyor. Bununla\u00a0ilgili olabilir mi?&#8221; \u015feklinde soru \u00fczerine \u00d6zt\u00fcrk, \u015funlar\u0131 s\u00f6yledi:<\/p>\n<p style=\"text-align: justify;\">&#8220;Bu \u00e7ok yeni bir konu. Daha d\u00fcn ortaya at\u0131ld\u0131. Ama bu operasyonlar son\u00a0bir y\u0131ld\u0131r devam eden operasyonlar olarak g\u00f6z\u00fck\u00fcyor. Biz 2008 y\u0131l\u0131ndan beri takip\u00a0alt\u0131nda oldu\u011fumuzu biliyoruz. \u00c7\u00fcnk\u00fc bize gelen yaz\u0131\u015fmalarda 2008 y\u0131l\u0131nda a\u00e7\u0131lm\u0131\u015f\u00a0bir dosyayla ilgili iddialar ortaya at\u0131l\u0131yor. Yani biz 3 y\u0131ld\u0131r dinlenen, teknik\u00a0takip alt\u0131nda olan bir belediyeyiz. Buna ra\u011fmen g\u00f6rd\u00fc\u011f\u00fcn\u00fcz gibi b\u00fct\u00fcn\u00a0birimlerimiz ile hizmete devam ediyoruz. Hi\u00e7 bir \u00e7ekincemiz yok. Arkada\u015flar\u0131ma da\u00a0son derece g\u00fcveniyorum&#8221; dedi.<\/p>\n<p style=\"text-align: justify;\">\u00d6zt\u00fcrk, &#8220;Sizin her hangi bir Alman derne\u011fi ya da vakf\u0131yla bir\u00a0\u00e7al\u0131\u015fman\u0131z, bir g\u00f6r\u00fc\u015fmeniz oldu mu?&#8221; \u015feklinde sorulan soruya da, &#8220;Avrupa\u00a0Birli\u011fi fonlar\u0131 d\u0131\u015f\u0131nda her hangi bir yabanc\u0131 fon kullanmad\u0131k. Yani hi\u00e7 bir\u00a0ba\u015fvurumuzda olmad\u0131. Ancak yani bir Alman derne\u011fi ya da bir ba\u015fka dernekli kredi\u00a0konusunda g\u00f6r\u00fc\u015fme yapman\u0131n, anla\u015fma yapman\u0131n da su\u00e7 oldu\u011funu d\u00fc\u015f\u00fcnm\u00fcyorum ben.\u00a0Yani e\u011fer \u00f6yle bir \u015fey varsa o zaman h\u00fck\u00fcmetin bunu yasaklamas\u0131 laz\u0131m. O bak\u0131mdan\u00a0bu tart\u0131\u015fma konusunu \u00e7ok y\u00fczeysel, g\u00fcncel sorunlar\u0131 kapatmaya d\u00f6n\u00fck, g\u00fcndem\u00a0de\u011fi\u015ftirmeye d\u00f6n\u00fck olarak g\u00f6r\u00fcyorum. Tart\u0131\u015fma modeli belediye ba\u015fkanlar\u0131n\u0131\u00a0\u00fcz\u00fcyor. \u015eahsen beni \u00fcz\u00fcyor, Ba\u015fbakan\u0131n a\u00e7\u0131klamas\u0131nda da, genel ba\u015fkan\u0131n\u00a0a\u00e7\u0131klamas\u0131nda da, her ikisinde de belediye ba\u015fkanlar\u0131 h\u0131rpalan\u0131yor&#8221; diye\u00a0konu\u015ftu.<\/p>\n<p style=\"text-align: justify;\">Bu arada, emniyete g\u00f6t\u00fcr\u00fclenler aras\u0131nda Belediye Ba\u015fkan Yard\u0131mc\u0131s\u0131\u00a0Mustafa Demircan\u2019\u0131n yan\u0131 s\u0131ra Belediyenin Destek Hizmetleri M\u00fcd\u00fcrl\u00fc\u011f\u00fcnden Nuray \u00a0K\u00f6tri ile Sabri \u0130lze\u2019nin de bulundu\u011fu \u00f6\u011frenildi.<\/p>\n<p style=\"text-align: justify;\"><a href=\"http:\/\/haber.gazetevatan.com\/selami-ozturkten-ilginc-cikis\/403365\/9\/Siyaset\" target=\"_blank\">Kaynak : VATAN Gazetesi<\/a><\/p>\n","protected":false},"excerpt":{"rendered":"<p style=\"text-align: center;\">\n<p style=\"text-align: justify;\">&#8221;Ba\u015fbakan&#8217;\u0131n da K\u0131l\u0131\u00e7daro\u011flu&#8217;nun da a\u00e7\u0131klamalar\u0131 bizi h\u0131rpal\u0131yor&#8221;<\/p>\n<p style=\"text-align: justify;\">Kad\u0131k\u00f6y Belediye Ba\u015fkan\u0131 Selami \u00d6zt\u00fcrk, Alman vak\u0131flar\u0131 konusundaki tart\u0131\u015fman\u0131n \u00e7ok y\u00fczeysel, g\u00fcncel sorunlar\u0131 kapatmaya ve g\u00fcndem de\u011fi\u015ftirmeye d\u00f6n\u00fck olarak g\u00f6rd\u00fc\u011f\u00fcn\u00fc belirterek, &#8220;Tart\u0131\u015fma modeli belediye ba\u015fkanlar\u0131n\u0131 \u00fcz\u00fcyor. \u015eahsen beni \u00fcz\u00fcyor. Ba\u015fbakan\u0131n\u0131n a\u00e7\u0131klamas\u0131nda da, genel ba\u015fkan\u0131n a\u00e7\u0131klamas\u0131nda da, her ikisinde de belediye ba\u015fkanlar\u0131 <\/p>\n","protected":false},"author":1,"featured_media":0,"comment_status":"open","ping_status":"open","sticky":false,"template":"","format":"standard","meta":{"footnotes":""},"categories":[105],"tags":[],"class_list":["post-40558","post","type-post","status-publish","format-standard","hentry","category-gundem","odd"],"_links":{"self":[{"href":"http:\/\/www.korhanyilmaz.com\/index.php?rest_route=\/wp\/v2\/posts\/40558","targetHints":{"allow":["GET"]}}],"collection":[{"href":"http:\/\/www.korhanyilmaz.com\/index.php?rest_route=\/wp\/v2\/posts"}],"about":[{"href":"http:\/\/www.korhanyilmaz.com\/index.php?rest_route=\/wp\/v2\/types\/post"}],"author":[{"embeddable":true,"href":"http:\/\/www.korhanyilmaz.com\/index.php?rest_route=\/wp\/v2\/users\/1"}],"replies":[{"embeddable":true,"href":"http:\/\/www.korhanyilmaz.com\/index.php?rest_route=%2Fwp%2Fv2%2Fcomments&post=40558"}],"version-history":[{"count":0,"href":"http:\/\/www.korhanyilmaz.com\/index.php?rest_route=\/wp\/v2\/posts\/40558\/revisions"}],"wp:attachment":[{"href":"http:\/\/www.korhanyilmaz.com\/index.php?rest_route=%2Fwp%2Fv2%2Fmedia&parent=40558"}],"wp:term":[{"taxonomy":"category","embeddable":true,"href":"http:\/\/www.korhanyilmaz.com\/index.php?rest_route=%2Fwp%2Fv2%2Fcategories&post=40558"},{"taxonomy":"post_tag","embeddable":true,"href":"http:\/\/www.korhanyilmaz.com\/index.php?rest_route=%2Fwp%2Fv2%2Ftags&post=40558"}],"curies":[{"name":"wp","href":"https:\/\/api.w.org\/{rel}","templated":true}]}}