{"id":40550,"date":"2011-10-04T07:02:02","date_gmt":"2011-10-04T04:02:02","guid":{"rendered":"http:\/\/www.korhanyilmaz.com\/?p=40550"},"modified":"2011-10-04T12:05:44","modified_gmt":"2011-10-04T09:05:44","slug":"kacirilan-askerin-sasirtan-aciklamasi","status":"publish","type":"post","link":"http:\/\/www.korhanyilmaz.com\/?p=40550","title":{"rendered":"Ka\u00e7\u0131r\u0131lan askerin \u015fa\u015f\u0131rtan a\u00e7\u0131klamas\u0131"},"content":{"rendered":"<p style=\"text-align: justify;\"><a href=\"http:\/\/www.korhanyilmaz.com\/wp-content\/uploads\/2011\/10\/7118.jpg\"  class=\"lightview\"><img loading=\"lazy\" decoding=\"async\" class=\"aligncenter size-full wp-image-40551\" title=\"\" src=\"http:\/\/www.korhanyilmaz.com\/wp-content\/uploads\/2011\/10\/7118.jpg\" alt=\"\" width=\"260\" height=\"198\" \/><\/a><\/p>\n<p style=\"text-align: justify;\">Kaymakam aday\u0131 Kenan Ereno\u011flu ile birlikte 12 A\u011fustos&#8217;ta ka\u00e7\u0131r\u0131ld\u0131ktan sonra ka\u00e7an er Aykut \u00c7elik \u00f6yle bir ifade de bulundu ki&#8230;<\/p>\n<p style=\"text-align: justify;\">Kanl\u0131 \u00f6rg\u00fct PKK&#8217;n\u0131n sivilleri sindirmek i\u00e7in son d\u00f6nemdeki y\u00f6ntemlerinde biri de adam ka\u00e7\u0131rma. Askerler, \u00f6\u011fretmenler, sivil vatanda\u015flar&#8230;<\/p>\n<p style=\"text-align: justify;\">\u00d6rg\u00fct\u00fcn, son \u00fc\u00e7 ayda ka\u00e7\u0131rd\u0131\u011f\u0131 ki\u015filerin say\u0131s\u0131 30&#8217;a yak\u0131n. Kendi imkanlar\u0131yla ka\u00e7an da var serbest b\u0131rak\u0131landa&#8230; PKK&#8217;n\u0131n elinden kurtulan er Aykut \u00c7elik onlardan biri&#8230; <!--more--><\/p>\n<p style=\"text-align: justify;\">Kaymakam aday\u0131 Kenan Ereno\u011flu ile birlikte 12 A\u011fustos&#8217;ta ka\u00e7\u0131r\u0131ld\u0131ktan sonra PKK&#8217;dan kurtulabilen er Aykut \u00c7elik, askeri makamlara verdi\u011fi ifadelerde \u00e7ok \u015fa\u015f\u0131rt\u0131c\u0131 a\u00e7\u0131klamalarda bulundu.<\/p>\n<p style=\"text-align: justify;\">38 g\u00fcn boyunca Kandil&#8217;de de\u011fil, Diyarbak\u0131r-Mu\u015f aras\u0131nda dola\u015ft\u0131r\u0131ld\u0131klar\u0131n\u0131 s\u00f6yleyen \u00c7elik, \u00f6rg\u00fct\u00fcn, k\u0131rsal\u0131 evi gibi kulland\u0131\u011f\u0131na dikkat \u00e7ekiyor. \u00c7elik, 13 askerin yanarak \u015fehit d\u00fc\u015ft\u00fc\u011f\u00fc Diyarbak\u0131r Silvan&#8217;daki \u00e7at\u0131\u015fma b\u00f6lgesinden bile birka\u00e7 defa ge\u00e7tiklerini vurguluyor.<\/p>\n<p style=\"text-align: justify;\"><strong>TER\u00d6R\u0130STLER B\u00d6LGEDE EL\u0130N\u0130 KOLUNU SALLAYIP DOLA\u015eIYOR!<\/strong><\/p>\n<p style=\"text-align: justify;\">Ormanl\u0131k alanda y\u00fcr\u00fcrken iki Kobra helikopterin \u00fczerlerinden ge\u00e7ti\u011fini, Heronlara yakalanmamak i\u00e7in de hareketsiz durduktan sonra yollar\u0131na devam ettiklerini anlatan ve k\u0131rsalda bir kamptan di\u011ferine g\u00f6t\u00fcr\u00fcld\u00fcklerini s\u00f6yleyen Aykut \u00c7elik&#8217;e g\u00f6re, ter\u00f6ristler g\u00fcn\u00fcn her an\u0131nda bu b\u00f6lgede \u00e7ok rahat bir \u015fekilde dola\u015f\u0131yor. Aykut \u00c7elik&#8217;in anlatt\u0131klar\u0131na g\u00f6re, tutulduklar\u0131 b\u00f6lgede, adeta ter\u00f6ristler cirit at\u0131yor.<\/p>\n<p style=\"text-align: justify;\">\u00c7elik, &#8220;Bu b\u00f6lgede kald\u0131\u011f\u0131m\u0131z s\u00fcre zarf\u0131nda her g\u00fcn, g\u00fcnd\u00fcz ve gece devaml\u0131 olarak de\u011fi\u015fik ter\u00f6r \u00f6rg\u00fct\u00fc mensuplar\u0131, 3-4 ki\u015filik gruplar halinde kald\u0131\u011f\u0131m\u0131z yere gelip gidiyorlard\u0131.&#8221; diyor.<\/p>\n<p style=\"text-align: justify;\"><strong>G\u00dcND\u00dcZ KARAKOLLARI \u0130ZL\u0130YORLAR GECE \u0130SE&#8230;<\/strong><\/p>\n<p style=\"text-align: justify;\">\u00c7elik&#8217;e g\u00f6re , &#8216;\u015eehit Kendal&#8217; adl\u0131 kamptaki ter\u00f6rist grup, asker\u00ee birli\u011fin kar\u015f\u0131s\u0131nda kal\u0131yor ve karakollar\u0131 g\u00fcnd\u00fczleri d\u00fcrb\u00fcnle g\u00f6zetliyor. Gece olunca da vergi ad\u0131 alt\u0131nda \u015fehirde para topluyorlar. \u00c7elik, ifadesinde, \u015fu a\u00e7\u0131klamalara yer veriyor:<\/p>\n<p style=\"text-align: justify;\">&#8220;Kald\u0131\u011f\u0131m\u0131z yerin ilerisinde geceleri \u0131\u015f\u0131klar\u0131 g\u00f6z\u00fcken biri solda, di\u011feri sa\u011fda olmak \u00fczere iki askeri birlik bulunmakta idi. Ter\u00f6ristlerin g\u00fcnd\u00fczleri her iki birli\u011fi d\u00fcrb\u00fcnle g\u00f6zetlediklerini g\u00f6rd\u00fcm. Ayr\u0131ca &#8216;Reber&#8217; kod adl\u0131 ter\u00f6rist ak\u015famlar\u0131 havan\u0131n kararmas\u0131 ile birlikte 5-6 ki\u015filik ter\u00f6r \u00f6rg\u00fct\u00fc mensubunu yan\u0131na alarak gidiyordu. Sabahlar\u0131 Mehmet \u015e\u0131h Y\u0131ldeniz, para toplayarak geri d\u00f6n\u00fcyordu. \u00c7ok miktarda paray\u0131 sayd\u0131klar\u0131n\u0131 g\u00f6rd\u00fcm. Bu paralar\u0131 4 ayr\u0131 cam kavanozun i\u00e7erisine koyup ormanl\u0131k alana giderek orada bir yere saklad\u0131lar.&#8221;<\/p>\n<p style=\"text-align: justify;\"><strong>&#8220;AYAKLARIMIZ Z\u0130NC\u0130RLE BA\u011eLI TUTULDUK&#8221;<\/strong><\/p>\n<p style=\"text-align: justify;\">Zaman&#8217;\u0131n haberine g\u00f6re, Aykut \u00c7elik, b\u00f6lgede saatlerce y\u00fcr\u00fct\u00fcl\u00fcyor. Bir bu\u00e7uk saat g\u00f6zleri ba\u011fl\u0131 bir \u015fekilde kat\u0131r s\u0131rt\u0131nda yap\u0131lan yolculuktan sonra ter\u00f6r \u00f6rg\u00fct\u00fcn\u00fcn kulland\u0131\u011f\u0131 bir s\u0131\u011f\u0131na\u011fa getirilen \u00c7elik, &#8220;Beni kat\u0131rdan indirerek aya\u011f\u0131m\u0131 zincirle ba\u011flad\u0131lar. \u00c7ukur \u015feklinde bir s\u0131\u011f\u0131na\u011fa konuldum. S\u0131\u011f\u0131nak i\u00e7erisinde 12 Temmuz&#8217;da ka\u00e7\u0131r\u0131lan sa\u011fl\u0131k memuru Aytekin Turhan Uz&#8217;un da oldu\u011funu \u00f6\u011frendim. 19 g\u00fcn bu s\u0131\u011f\u0131nakta tutuldum. S\u0131\u011f\u0131na\u011f\u0131n ba\u015f\u0131nda 2 ter\u00f6rist bekliyordu.&#8221; \u015feklinde ifadelerde bulundu.<\/p>\n<p style=\"text-align: justify;\"><strong>AYKUT \u00c7EL\u0130K NASIL KA\u00c7TI?<\/strong><\/p>\n<p style=\"text-align: justify;\">&#8220;Kald\u0131\u011f\u0131m\u0131z b\u00f6lgede kamyon sesi duydum. Yolun yak\u0131n oldu\u011funu anlay\u0131p ka\u00e7may\u0131 planlad\u0131m. Tuvalet i\u00e7in \u00f6rg\u00fcte yeni kat\u0131lan &#8216;Hamza&#8217; kod adl\u0131 ter\u00f6ristten izin istedim. \u00d6nce sessizce y\u00fcr\u00fcyerek daha sonra ko\u015farak b\u00f6lgeden uzakla\u015ft\u0131m. Hazro-Silvan-Kulp \u00fc\u00e7genindeki yolda durdurdu\u011fum bir ara\u00e7tan cep telefonu istedim. \u00d6nce jandarmay\u0131, sonra da babam\u0131 arad\u0131m.&#8221;<\/p>\n<p style=\"text-align: justify;\"><a href=\"http:\/\/gundem.milliyet.com.tr\/kacirilan-askerin-sasirtan-aciklamasi\/gundem\/gundemdetay\/04.10.2011\/1446507\/default.htm\" target=\"_blank\">Kaynak : Milliyet.com.tr<\/a><\/p>\n","protected":false},"excerpt":{"rendered":"<p style=\"text-align: justify;\">\n<p style=\"text-align: justify;\">Kaymakam aday\u0131 Kenan Ereno\u011flu ile birlikte 12 A\u011fustos&#8217;ta ka\u00e7\u0131r\u0131ld\u0131ktan sonra ka\u00e7an er Aykut \u00c7elik \u00f6yle bir ifade de bulundu ki&#8230;<\/p>\n<p style=\"text-align: justify;\">Kanl\u0131 \u00f6rg\u00fct PKK&#8217;n\u0131n sivilleri sindirmek i\u00e7in son d\u00f6nemdeki y\u00f6ntemlerinde biri de adam ka\u00e7\u0131rma. Askerler, \u00f6\u011fretmenler, sivil vatanda\u015flar&#8230;<\/p>\n<p style=\"text-align: justify;\">\u00d6rg\u00fct\u00fcn, son \u00fc\u00e7 ayda ka\u00e7\u0131rd\u0131\u011f\u0131 ki\u015filerin say\u0131s\u0131 30&#8217;a yak\u0131n. <\/p>\n","protected":false},"author":1,"featured_media":0,"comment_status":"open","ping_status":"open","sticky":false,"template":"","format":"standard","meta":{"footnotes":""},"categories":[105],"tags":[],"class_list":["post-40550","post","type-post","status-publish","format-standard","hentry","category-gundem","odd"],"_links":{"self":[{"href":"http:\/\/www.korhanyilmaz.com\/index.php?rest_route=\/wp\/v2\/posts\/40550","targetHints":{"allow":["GET"]}}],"collection":[{"href":"http:\/\/www.korhanyilmaz.com\/index.php?rest_route=\/wp\/v2\/posts"}],"about":[{"href":"http:\/\/www.korhanyilmaz.com\/index.php?rest_route=\/wp\/v2\/types\/post"}],"author":[{"embeddable":true,"href":"http:\/\/www.korhanyilmaz.com\/index.php?rest_route=\/wp\/v2\/users\/1"}],"replies":[{"embeddable":true,"href":"http:\/\/www.korhanyilmaz.com\/index.php?rest_route=%2Fwp%2Fv2%2Fcomments&post=40550"}],"version-history":[{"count":0,"href":"http:\/\/www.korhanyilmaz.com\/index.php?rest_route=\/wp\/v2\/posts\/40550\/revisions"}],"wp:attachment":[{"href":"http:\/\/www.korhanyilmaz.com\/index.php?rest_route=%2Fwp%2Fv2%2Fmedia&parent=40550"}],"wp:term":[{"taxonomy":"category","embeddable":true,"href":"http:\/\/www.korhanyilmaz.com\/index.php?rest_route=%2Fwp%2Fv2%2Fcategories&post=40550"},{"taxonomy":"post_tag","embeddable":true,"href":"http:\/\/www.korhanyilmaz.com\/index.php?rest_route=%2Fwp%2Fv2%2Ftags&post=40550"}],"curies":[{"name":"wp","href":"https:\/\/api.w.org\/{rel}","templated":true}]}}