{"id":40544,"date":"2011-10-04T08:23:35","date_gmt":"2011-10-04T05:23:35","guid":{"rendered":"http:\/\/www.korhanyilmaz.com\/?p=40544"},"modified":"2011-10-04T10:41:55","modified_gmt":"2011-10-04T07:41:55","slug":"iste-zan-altindaki-15-belediye","status":"publish","type":"post","link":"http:\/\/www.korhanyilmaz.com\/?p=40544","title":{"rendered":"\u0130\u015fte zan alt\u0131ndaki 15 belediye"},"content":{"rendered":"<p style=\"text-align: center;\"><a href=\"http:\/\/www.korhanyilmaz.com\/wp-content\/uploads\/2011\/10\/7117.jpg\"  class=\"lightview\"><img loading=\"lazy\" decoding=\"async\" class=\"aligncenter  wp-image-40545\" src=\"http:\/\/www.korhanyilmaz.com\/wp-content\/uploads\/2011\/10\/7117.jpg\" alt=\"\" width=\"462\" height=\"210\" \/><\/a><\/p>\n<p style=\"text-align: justify;\">Ba\u015fbakan Erdo\u011fan, CHP\u2019li belediyeler ve Alman vak\u0131flar\u0131 aras\u0131ndaki ili\u015fki iddias\u0131n\u0131 s\u00fcrd\u00fcrd\u00fc ve \u2018\u2019 Bunlar belde ya da il\u00e7e belediyesi de\u011fil\u2019\u2019 diyerek hedef k\u00fc\u00e7\u00fcltt\u00fc. CHP\u2019li, \u0130zmir, Eski\u015fehir, Mersin, Antalya, Artvin, Ayd\u0131n, Edirne, \u00c7anakkale, Giresun, K\u0131rklareli, Mu\u011fla, Ordu, Sinop, Tekirda\u011f ve Zonguldak il Belediyeleri zan alt\u0131nda\u2026\u00a0<!--more--><\/p>\n<p style=\"text-align: justify;\">ANKARA- Ba\u015fbakan Erdo\u011fan\u2019\u0131n, CHP ve BDP\u2019li baz\u0131 belediyelerin, Alman vak\u0131flar\u0131ndan ald\u0131klar\u0131 paray\u0131, PKK\u2019ya aktard\u0131klar\u0131 iddias\u0131 ortal\u0131\u011f\u0131 kar\u0131\u015ft\u0131rd\u0131. Erdo\u011fan\u2019\u0131n d\u00fcn de \u2018\u2019Ana muhalefet belediyelerini ara\u015ft\u0131rs\u0131n. Bunlar ufak belde ya da il\u00e7e belediyesi de\u011fil\u2019\u2019 deyince CHP\u2019nin 15 il belediyesi zan alt\u0131nda kald\u0131.<\/p>\n<p style=\"text-align: justify;\">CHP son yerel se\u00e7imlerde B\u00fcy\u00fck\u015fehir olarak Eski\u015fehir, \u0130zmir, Mersin ve Antalya\u2019y\u0131, il belediyesi olarak da Artvin, Ayd\u0131n, Edirne, \u00c7anakkale, Giresun, K\u0131rklareli, Mu\u011fla, Ordu, Sinop, Tekirda\u011f ve Zonguldak\u2019\u0131 kazanm\u0131\u015ft\u0131. CHP\u2019nin halen 4 B\u00fcy\u00fck\u015fehir ve 11 \u0130l Belediye Ba\u015fkanl\u0131\u011f\u0131 bulunuyor.<\/p>\n<p style=\"text-align: justify;\"><strong>CIMBIZ VE DAVA<\/strong><\/p>\n<p style=\"text-align: justify;\">Erdo\u011fan, Alman vak\u0131flar\u0131n\u0131n PKK\u2019ya ve baz\u0131 CHP\u2019li belediyelere yard\u0131m etti\u011fi yolundaki s\u00f6zlerinde medya taraf\u0131ndan, baz\u0131 c\u0131mb\u0131zlamalar yap\u0131ld\u0131\u011f\u0131n\u0131 da belirterek, &#8220;Bu s\u00f6ylenen vak\u0131flar benim konu\u015fmamla da g\u00fcndeme gelmedi. Alman vak\u0131flar\u0131n\u0131n, uzun zamand\u0131r T\u00fcrkiye\u2019de buna benzer giri\u015fimleri olmu\u015ftur. Ana muhalefet partisi lideri, kendi belediyelerini bir ara\u015ft\u0131rs\u0131n&#8221; dedi.<\/p>\n<p style=\"text-align: justify;\">CHP ise kendi belediyelerinden hi\u00e7 birinin Alman vakf\u0131yla s\u00f6zle\u015fme imzalamad\u0131\u011f\u0131n\u0131 para almad\u0131\u011f\u0131n\u0131 savundu. Genel Ba\u015fkan yard\u0131mc\u0131s\u0131 G\u00f6khan G\u00fcnayd\u0131n \u2018\u2019Ba\u015fbakan\u2019\u0131 derhal kan\u0131tlamaya davet ediyoruz, kan\u0131tlayamayaca\u011f\u0131n\u0131 biliyoruz, dava a\u00e7maya haz\u0131rlan\u0131yoruz. Ben B\u00fcy\u00fck\u015fehir belediye ba\u015fkanlar\u0131m\u0131zla ve il belediye ba\u015fkanlar\u0131m\u0131zla bizzat g\u00f6r\u00fc\u015ft\u00fcm. Bu iftira \u00fczerine dava a\u00e7\u0131yoruz. 539 CHP\u2019li belediye ba\u015fkan\u0131 teker teker, ya da CHP Genel Merkezi olarak topluca dava a\u00e7aca\u011f\u0131z\u2019\u2019 dedi.<\/p>\n<p style=\"text-align: justify;\"><a href=\"http:\/\/www.gazeteport.com.tr\/haber\/55648\/iste_zan_altindaki_15_belediye\" target=\"_blank\">Kaynak : GAZETEPORT<\/a><\/p>\n","protected":false},"excerpt":{"rendered":"<p style=\"text-align: center;\">\n<p style=\"text-align: justify;\">Ba\u015fbakan Erdo\u011fan, CHP\u2019li belediyeler ve Alman vak\u0131flar\u0131 aras\u0131ndaki ili\u015fki iddias\u0131n\u0131 s\u00fcrd\u00fcrd\u00fc ve \u2018\u2019 Bunlar belde ya da il\u00e7e belediyesi de\u011fil\u2019\u2019 diyerek hedef k\u00fc\u00e7\u00fcltt\u00fc. CHP\u2019li, \u0130zmir, Eski\u015fehir, Mersin, Antalya, Artvin, Ayd\u0131n, Edirne, \u00c7anakkale, Giresun, K\u0131rklareli, Mu\u011fla, Ordu, Sinop, Tekirda\u011f ve Zonguldak il Belediyeleri zan alt\u0131nda\u2026 <\/p>\n","protected":false},"author":1,"featured_media":0,"comment_status":"open","ping_status":"open","sticky":false,"template":"","format":"standard","meta":{"footnotes":""},"categories":[105],"tags":[],"class_list":["post-40544","post","type-post","status-publish","format-standard","hentry","category-gundem","odd"],"_links":{"self":[{"href":"http:\/\/www.korhanyilmaz.com\/index.php?rest_route=\/wp\/v2\/posts\/40544","targetHints":{"allow":["GET"]}}],"collection":[{"href":"http:\/\/www.korhanyilmaz.com\/index.php?rest_route=\/wp\/v2\/posts"}],"about":[{"href":"http:\/\/www.korhanyilmaz.com\/index.php?rest_route=\/wp\/v2\/types\/post"}],"author":[{"embeddable":true,"href":"http:\/\/www.korhanyilmaz.com\/index.php?rest_route=\/wp\/v2\/users\/1"}],"replies":[{"embeddable":true,"href":"http:\/\/www.korhanyilmaz.com\/index.php?rest_route=%2Fwp%2Fv2%2Fcomments&post=40544"}],"version-history":[{"count":0,"href":"http:\/\/www.korhanyilmaz.com\/index.php?rest_route=\/wp\/v2\/posts\/40544\/revisions"}],"wp:attachment":[{"href":"http:\/\/www.korhanyilmaz.com\/index.php?rest_route=%2Fwp%2Fv2%2Fmedia&parent=40544"}],"wp:term":[{"taxonomy":"category","embeddable":true,"href":"http:\/\/www.korhanyilmaz.com\/index.php?rest_route=%2Fwp%2Fv2%2Fcategories&post=40544"},{"taxonomy":"post_tag","embeddable":true,"href":"http:\/\/www.korhanyilmaz.com\/index.php?rest_route=%2Fwp%2Fv2%2Ftags&post=40544"}],"curies":[{"name":"wp","href":"https:\/\/api.w.org\/{rel}","templated":true}]}}