{"id":40533,"date":"2011-10-03T23:23:51","date_gmt":"2011-10-03T20:23:51","guid":{"rendered":"http:\/\/www.korhanyilmaz.com\/?p=40533"},"modified":"2011-10-04T04:57:04","modified_gmt":"2011-10-04T01:57:04","slug":"erdoganin-iddialarina-almanyadan-yanit","status":"publish","type":"post","link":"http:\/\/www.korhanyilmaz.com\/?p=40533","title":{"rendered":"Erdo\u011fan&#8217;\u0131n iddialar\u0131na Almanya&#8217;dan yan\u0131t"},"content":{"rendered":"<p style=\"text-align: center;\"><a href=\"http:\/\/www.korhanyilmaz.com\/wp-content\/uploads\/2011\/10\/7114.jpg\"  class=\"lightview\"><img loading=\"lazy\" decoding=\"async\" class=\"aligncenter  wp-image-40534\" src=\"http:\/\/www.korhanyilmaz.com\/wp-content\/uploads\/2011\/10\/7114.jpg\" alt=\"\" width=\"307\" height=\"236\" \/><\/a><\/p>\n<p style=\"text-align: justify;\">Ba\u015fbakan Erdo\u011fan&#8217;\u0131n Alman vak\u0131flarla ilgili iddias\u0131, Ankara&#8217;daki Alman resepsiyonuna da damgas\u0131n\u0131 vurdu. Almanya&#8217;n\u0131n Ankara B\u00fcy\u00fckel\u00e7isi Eberhard Pohl, &#8220;belediyelerle Alman vak\u0131flar\u0131n yapt\u0131\u011f\u0131 her s\u00f6zle\u015fmeden T\u00fcrk h\u00fck\u00fcmetinin haberi var&#8221; dedi.<\/p>\n<p style=\"text-align: justify;\">Alman Birli\u011fi&#8217;nin 21. y\u0131ld\u00f6n\u00fcm\u00fc dolay\u0131s\u0131yla Almanya B\u00fcy\u00fckel\u00e7ili\u011fi&#8217;nde d\u00fczenlenen t\u00f6ren d\u00fczenlendi.\u00a0<!--more--><\/p>\n<p style=\"text-align: justify;\">Almanya&#8217;n\u0131n Ankara B\u00fcy\u00fckel\u00e7isi Eberhard Pohl, 3 Ekim 1991 tarihinde Almanya devletinin yeniden birle\u015fti\u011fine i\u015faret ederek bu \u00f6nemli g\u00fcn\u00fcn kutlamalar\u0131na kat\u0131lan davetlilere te\u015fekk\u00fcr etti.<\/p>\n<p style=\"text-align: justify;\">Bu y\u0131l\u0131n ayn\u0131 zamanda T\u00fcrkiye ile Almanya aras\u0131nda i\u015fg\u00fcc\u00fc anla\u015fmas\u0131n\u0131n imzalanmas\u0131n\u0131n 50 y\u0131ld\u00f6n\u00fcm\u00fc oldu\u011funu an\u0131msatan B\u00fcy\u00fckel\u00e7i, T\u00fcrkler&#8217;in Almanya&#8217;da f\u0131rsatlar\u0131 de\u011ferlendirerek bug\u00fcn art\u0131k Alman toplumuna siyaset\u00e7i, bilim adam\u0131, i\u015fadam\u0131 ve sanat\u00e7\u0131lar olarak vazge\u00e7ilmez \u00f6nemli katk\u0131larda bulunduklar\u0131n\u0131 s\u00f6yledi.<\/p>\n<p style=\"text-align: justify;\">T\u00fcrkiye&#8217;ye d\u00f6n\u00fc\u015f yapanlar\u0131nsa T\u00fcrkiye&#8217;nin geli\u015fimine \u00f6nemli katk\u0131lar sa\u011flad\u0131klar\u0131n\u0131 ve iki \u00fclke aras\u0131nda \u00f6nemli k\u00f6pr\u00fcler olu\u015fturduklar\u0131n\u0131 dile getiren Pohl, birka\u00e7 hafta i\u00e7inde Ba\u015fbakan Recep Tayyip Erdo\u011fan&#8217;\u0131n Almanya&#8217;y\u0131 ziyaret edece\u011fine i\u015faret etti.<\/p>\n<p style=\"text-align: justify;\">T\u00fcrkiye ve Almanya milli mar\u015flar\u0131n\u0131n \u00e7al\u0131nmas\u0131 ile ba\u015flayan resepsiyona aralar\u0131nda Diyarbak\u0131r B\u00fcy\u00fck\u015fehir Belediye Ba\u015fkan\u0131 Osman Baydemir&#8217;in de bulundu\u011fu \u00e7ok say\u0131da davetli kat\u0131ld\u0131.<\/p>\n<p style=\"text-align: justify;\"><strong>Alman vak\u0131flar\u0131 iddias\u0131\u00a0<\/strong><\/p>\n<p style=\"text-align: justify;\">Konu\u015fmas\u0131n\u0131n ard\u0131ndan B\u00fcy\u00fckel\u00e7i Pohl, KfW Ankara B\u00fcrosu Direkt\u00f6r\u00fc Franz Haller ile birlikte, bas\u0131n mensuplar\u0131n\u0131n Ba\u015fbakan Erdo\u011fan&#8217;\u0131n, Alman vak\u0131flar\u0131 ve CHP&#8217;li belediyelerle ilgili a\u00e7\u0131klamas\u0131na ili\u015fkin sorular\u0131n\u0131 yan\u0131tlad\u0131.<\/p>\n<p style=\"text-align: justify;\">Bas\u0131nda Ba\u015fbakan&#8217;\u0131n baz\u0131 ifadelerine dayanarak Alman Kalk\u0131nma Bankas\u0131 (KfW) ve Uluslararas\u0131 \u0130\u015fbirli\u011fi Kurumu (GIZ) ile ilgili haberlerin yer ald\u0131\u011f\u0131na i\u015faret eden B\u00fcy\u00fckel\u00e7i, bu iki kurumun 120&#8217;den fazla \u00fclkede mali ve teknik i\u015fbirli\u011fi ger\u00e7ekle\u015ftirdiklerini, T\u00fcrkiye&#8217;de yap\u0131lan \u00e7al\u0131\u015fmalar\u0131n detaylar\u0131n\u0131n 1970 y\u0131l\u0131nda iki \u00fclke aras\u0131nda imzalanan \u00e7er\u00e7eve anla\u015fmas\u0131 ile belirlendi\u011fini s\u00f6yledi.<\/p>\n<p style=\"text-align: justify;\">Sadece Diyarbak\u0131r&#8217;da de\u011fil Kayseri&#8217;de at\u0131k su projesi ger\u00e7ekle\u015ftirildi\u011fini anlatan Pohl, &#8220;T\u00fcrkiye&#8217;nin hemen hemen her b\u00f6lgesinde bu projeler ger\u00e7ekle\u015ftiriliyor&#8221; dedi. Pohl, bu projelerin T\u00fcrkiye&#8217;deki partnerleri, DPT, Hazine M\u00fcste\u015farl\u0131\u011f\u0131 gibi devlet kurumlar\u0131 ve ilgili bakanl\u0131klarla birlikte ger\u00e7ekle\u015ftirildi\u011fini dile getirdi.<\/p>\n<p style=\"text-align: justify;\"><a href=\"http:\/\/www.cnnturk.com\/2011\/turkiye\/10\/03\/erdoganin.iddialarina.almanyadan.yanit\/631776.0\/index.html\">Kaynak : CNN T\u00dcRK<\/a><\/p>\n","protected":false},"excerpt":{"rendered":"<p style=\"text-align: center;\">\n<p style=\"text-align: justify;\">Ba\u015fbakan Erdo\u011fan&#8217;\u0131n Alman vak\u0131flarla ilgili iddias\u0131, Ankara&#8217;daki Alman resepsiyonuna da damgas\u0131n\u0131 vurdu. Almanya&#8217;n\u0131n Ankara B\u00fcy\u00fckel\u00e7isi Eberhard Pohl, &#8220;belediyelerle Alman vak\u0131flar\u0131n yapt\u0131\u011f\u0131 her s\u00f6zle\u015fmeden T\u00fcrk h\u00fck\u00fcmetinin haberi var&#8221; dedi.<\/p>\n<p style=\"text-align: justify;\">Alman Birli\u011fi&#8217;nin 21. y\u0131ld\u00f6n\u00fcm\u00fc dolay\u0131s\u0131yla Almanya B\u00fcy\u00fckel\u00e7ili\u011fi&#8217;nde d\u00fczenlenen t\u00f6ren d\u00fczenlendi. <\/p>\n","protected":false},"author":1,"featured_media":0,"comment_status":"open","ping_status":"open","sticky":false,"template":"","format":"standard","meta":{"footnotes":""},"categories":[105],"tags":[],"class_list":["post-40533","post","type-post","status-publish","format-standard","hentry","category-gundem","odd"],"_links":{"self":[{"href":"http:\/\/www.korhanyilmaz.com\/index.php?rest_route=\/wp\/v2\/posts\/40533","targetHints":{"allow":["GET"]}}],"collection":[{"href":"http:\/\/www.korhanyilmaz.com\/index.php?rest_route=\/wp\/v2\/posts"}],"about":[{"href":"http:\/\/www.korhanyilmaz.com\/index.php?rest_route=\/wp\/v2\/types\/post"}],"author":[{"embeddable":true,"href":"http:\/\/www.korhanyilmaz.com\/index.php?rest_route=\/wp\/v2\/users\/1"}],"replies":[{"embeddable":true,"href":"http:\/\/www.korhanyilmaz.com\/index.php?rest_route=%2Fwp%2Fv2%2Fcomments&post=40533"}],"version-history":[{"count":0,"href":"http:\/\/www.korhanyilmaz.com\/index.php?rest_route=\/wp\/v2\/posts\/40533\/revisions"}],"wp:attachment":[{"href":"http:\/\/www.korhanyilmaz.com\/index.php?rest_route=%2Fwp%2Fv2%2Fmedia&parent=40533"}],"wp:term":[{"taxonomy":"category","embeddable":true,"href":"http:\/\/www.korhanyilmaz.com\/index.php?rest_route=%2Fwp%2Fv2%2Fcategories&post=40533"},{"taxonomy":"post_tag","embeddable":true,"href":"http:\/\/www.korhanyilmaz.com\/index.php?rest_route=%2Fwp%2Fv2%2Ftags&post=40533"}],"curies":[{"name":"wp","href":"https:\/\/api.w.org\/{rel}","templated":true}]}}