{"id":40521,"date":"2011-10-03T14:41:46","date_gmt":"2011-10-03T11:41:46","guid":{"rendered":"http:\/\/www.korhanyilmaz.com\/?p=40521"},"modified":"2011-10-03T16:33:20","modified_gmt":"2011-10-03T13:33:20","slug":"alman-vakiflari-turkiyeyi-bolecek-mi","status":"publish","type":"post","link":"http:\/\/www.korhanyilmaz.com\/?p=40521","title":{"rendered":"Alman vak\u0131flar\u0131 T\u00fcrkiye&#8217;yi b\u00f6lecek mi?"},"content":{"rendered":"<p style=\"text-align: justify;\">\n<p style=\"text-align: justify;\"><a href=\"http:\/\/www.korhanyilmaz.com\/wp-content\/uploads\/2011\/10\/71111.jpg\"  class=\"lightview\"><img loading=\"lazy\" decoding=\"async\" class=\"aligncenter size-full wp-image-40523\" title=\"\" src=\"http:\/\/www.korhanyilmaz.com\/wp-content\/uploads\/2011\/10\/71111.jpg\" alt=\"\" width=\"313\" height=\"240\" \/><\/a><\/p>\n<p style=\"text-align: justify;\">Alman vak\u0131flar\u0131 tart\u0131\u015fmas\u0131, 10 y\u0131l aradan sonra Ba\u015fbakan Erdo\u011fan\u2019\u0131n s\u00f6zleriyle yeniden canland\u0131. Ama Ba\u015fbakan\u2019\u0131n as\u0131l hedefi vak\u0131f de\u011fil belediyelere altyap\u0131 deste\u011fi sa\u011flayan fonlar&#8230;<\/p>\n<p style=\"text-align: justify;\"><em><span style=\"text-decoration: underline;\">Milliyet gazetesinden Asl\u0131 Ayd\u0131nta\u015fba\u015f&#8217;\u0131n bug\u00fcnk\u00fc yaz\u0131s\u0131 \u015f\u00f6yle:\u00a0<\/span><\/em><\/p>\n<p style=\"text-align: justify;\">Ba\u015fbakan Tayyip Erdo\u011fan, bu hafta Makedonya gezisi d\u00f6n\u00fc\u015f\u00fcnde, Avrupa ba\u015fkentlerinde olduk\u00e7a dikkat \u00e7ekecek ve T\u00fcrkiye ile Almanya aras\u0131nda yepyeni bir tart\u0131\u015fma yaratacak bir iddia ortaya att\u0131: Alman vak\u0131flar\u0131 PKK\u2019ya yard\u0131m ediyor.\u00a0<!--more--><\/p>\n<p style=\"text-align: justify;\">Asl\u0131nda iddia yeni de\u011fil. \u201cAlman vak\u0131flar\u0131\u201d konusu, on y\u0131l \u00f6nce \u00fclkeyi kas\u0131p kavuran ulusalc\u0131l\u0131k r\u00fczgar\u0131nda s\u0131k\u00e7a g\u00fcndeme gelmi\u015f, hatta d\u00fcnyaca \u00fcnl\u00fc Alman vak\u0131flar\u0131 \u201ccasusluk\u201d su\u00e7lamas\u0131yla d\u00f6nemin Devlet G\u00fcvenlik Mahkemeleri\u2019nde yarg\u0131lanm\u0131\u015f ve aklanm\u0131\u015ft\u0131.<\/p>\n<p style=\"text-align: justify;\">Ba\u015fbakan, ayn\u0131 10 y\u0131l \u00f6ncesinin \u201cT\u00fcrk\u2019\u00fcn T\u00fcrk\u2019den ba\u015fka dostu yoktur\u201d atmosferinde DGM ba\u015fsavc\u0131s\u0131 Nuh Mete Y\u00fcksel\u2019in d\u00fc\u015f\u00fcnd\u00fc\u011f\u00fc gibi, T\u00fcrkiye\u2019de faaliyet g\u00f6steren Konrad Adenauer, Friedrich Ebert, Friedrich Naumann ve Heinrich B\u00f6ll gibi kurulu\u015flar\u0131n asl\u0131nda T\u00fcrkiye\u2019yi b\u00f6lmeye \u00e7al\u0131\u015ft\u0131\u011f\u0131 d\u00fc\u015f\u00fcncesinde mi?<\/p>\n<p style=\"text-align: justify;\"><strong>\u0130mamlar\u0131 da e\u011fitiyorlar\u00a0<\/strong><\/p>\n<p style=\"text-align: justify;\">Do\u011fru, bu vak\u0131flar T\u00fcrkiye\u2019de aktif; ancak sadece Diyarbak\u0131r ve G\u00fcneydo\u011fu de\u011fil. \u00d6rne\u011fin ge\u00e7ti\u011fimiz y\u0131llarda Konrad Adenauer Vakf\u0131, T\u00fcrkiye Gazeteciler Cemiyeti ile birlikte yerel bas\u0131n\u0131 geli\u015ftirmek amac\u0131yla Diyarbak\u0131r Gazeteciler Cemiyeti\u2019yle de bir program d\u00fczenledi. Ancak ayn\u0131 vak\u0131f say\u0131s\u0131z di\u011fer faaliyet ve konferans aras\u0131nda Diyanet \u0130\u015fleri Ba\u015fkanl\u0131\u011f\u0131 ile Almanya\u2019ya giden imamlar\u0131n e\u011fitimi \u00fczerine de \u00e7al\u0131\u015f\u0131yor.<\/p>\n<p style=\"text-align: justify;\">S\u00f6z konusu vak\u0131flar\u0131n ilgi alanlar\u0131 da siyasi \u00e7izgileri de birbirinden olduk\u00e7a farkl\u0131.<\/p>\n<p style=\"text-align: justify;\">Konrad Adenauer, Angela Markel\u2019in liderli\u011findeki Hristiyan Demokrat\u2019lara, T\u00fcrkiye\u2019de sivil toplumun geli\u015fmesi ve insan haklar\u0131na \u00f6nem veren Heinrich B\u00f6ll ise Ye\u015filler\u2019e yak\u0131n. Sendikalarla yak\u0131n \u00e7al\u0131\u015fan Friedrich Ebert ve Feridrich Naumann vak\u0131flar\u0131 ise sosyal demokrat ve liberal \u00e7izgiyi temsil ediyor.<\/p>\n<p style=\"text-align: justify;\"><strong>Ba\u015fka yeri mi i\u015faret etti?\u00a0<\/strong><\/p>\n<p style=\"text-align: justify;\">Zaten Alman h\u00fck\u00fcmetinin s\u0131k\u0131 finansal denetimi alt\u0131ndaki vak\u0131flar\u0131n c\u00fczi b\u00fct\u00e7elerle d\u00fczenledikleri konferans, e\u011fitim semineri, panel ve benzeri faaliyetlerden arta kalan fonlar\u0131n \u201cter\u00f6r finansman\u0131\u201d olarak PKK\u2019ya \u201canlaml\u0131\u201d bir fayda sa\u011flamas\u0131 m\u00fcmk\u00fcn de\u011fil. Vak\u0131flardan d\u00fcn g\u00f6r\u00fc\u015ft\u00fc\u011f\u00fcm bir yetkili \u201cT\u00fcrkiye\u2019de vak\u0131flar\u0131n tabi oldu\u011fu yasal denetim mekanizmas\u0131 nedeniyle zaten bu tarz bir yasad\u0131\u015f\u0131 transfer imk\u00e2ns\u0131z\u201d dedi.<\/p>\n<p style=\"text-align: justify;\">Peki Ba\u015fbakan bamba\u015fka bir yap\u0131y\u0131 kast etmi\u015f olabilir mi? Makedonya\u2019da u\u00e7akta olan gazeteciler, Erdo\u011fan\u2019a \u201cHangi vakf\u0131 kast ediyorsunuz?\u201d diye sorduklar\u0131nda \u201cGazetecisiniz, ara\u015ft\u0131r\u0131n\u201d yan\u0131t\u0131n\u0131 alm\u0131\u015f.<\/p>\n<p style=\"text-align: justify;\">D\u00fcn soru\u015fturdu\u011fumuzda, Erdo\u011fan\u2019\u0131n hedefinde asl\u0131nda tam olarak vak\u0131f de\u011fil T\u00fcrkiye\u2019de neredeyse 50 y\u0131ld\u0131r faaliyet g\u00f6steren Alman yat\u0131r\u0131m ajans\u0131 GTZ ve onunla ortak \u00e7al\u0131\u015fan Alman kalk\u0131nma bankas\u0131 KfW olabilece\u011fi cevab\u0131n\u0131 ald\u0131k.<\/p>\n<p style=\"text-align: justify;\"><strong>T\u00fcrkiye\u2019nin her yerinde\u00a0<\/strong><\/p>\n<p style=\"text-align: justify;\">Alman h\u00fck\u00fcmeti ad\u0131na d\u00fcnyan\u0131n \u00e7e\u015fitli \u00fclkelerinde teknik altyap\u0131 alan\u0131nda faaliyet g\u00f6steren GTZ (Gesellschaft f\u00fcr Technische Zusammenarbeit ya da yeni k\u0131saltmas\u0131yla GIZ), proje finansman\u0131nda Avrupa Birli\u011fi Yat\u0131r\u0131m Bankas\u0131 ve KfW gibi kurumlar\u0131n kamuya y\u00f6nelik fonlar\u0131n\u0131 kullan\u0131yor.<\/p>\n<p style=\"text-align: justify;\">Alman h\u00fck\u00fcmeti ve KfW, 1980-2006 y\u0131llar\u0131 aras\u0131nda \u0130stanbul ve Ankara dahil, T\u00fcrkiye\u2019nin \u00e7e\u015fitli illerinde altyap\u0131, su ar\u0131tma ve kanalizasyon projeleri i\u00e7in toplam 780 milyon Euro kredi ve hibe deste\u011fi sa\u011flad\u0131.<\/p>\n<p style=\"text-align: justify;\">Ama faaliyetleri ne Diyarbak\u0131r ne de CHP\u2019li belediyelerle s\u0131n\u0131rl\u0131. Ba\u015fbakan\u2019\u0131n \u201cCHP ve BDP\u2019li belediyelere fon\u201d ak\u0131tmakla su\u00e7lad\u0131\u011f\u0131 KfW Diyarbak\u0131r d\u0131\u015f\u0131nda Kayseri, Tarsus, Malatya, Fethiye, Sivas, Batman, Van ve ba\u015fka illerde \u00e7evre ve altyap\u0131 projelerine finans sa\u011fl\u0131yor.<\/p>\n<p style=\"text-align: justify;\">KfW finansman\u0131yla Diyarbak\u0131r Belediyesi ile yap\u0131lan proje ise, kentin \u00e7ehresini de\u011fi\u015ftiren kredi ve hibelerden olu\u015fan 45 milyon Euro\u2019luk kanalizasyon ve kat\u0131k ar\u0131tma tesisi projesi.<\/p>\n<p style=\"text-align: justify;\">Erdo\u011fan, Makedonya\u2019da beraberindeki gazetecilere \u201cKredi s\u00f6zle\u015fmesi yap\u0131yor bu vak\u0131f. Bununla da kalmay\u0131p hangi m\u00fcteahite verece\u011fi konusunda i\u015faret veriyor. Kanalizasyon i\u015fi yap\u0131yor\u201d iddias\u0131nda bulunarak bu konuda \u015fikayetini Alman h\u00fck\u00fcmetine bildirdi\u011fini s\u00f6ylemi\u015f.<\/p>\n<p style=\"text-align: justify;\"><strong>\u201cFonlar denetleniyor\u201d<\/strong><\/p>\n<p style=\"text-align: justify;\">D\u00fcn g\u00f6r\u00fc\u015ft\u00fc\u011f\u00fcm Diyarbak\u0131r Belediye ba\u015fkan\u0131 Osman Baydemir\u2019in bas\u0131n dan\u0131\u015fman\u0131 \u0130rfan U\u00e7ar, Erdo\u011fan\u2019\u0131n iddialar\u0131na itiraz etti. U\u00e7ar, h\u00fck\u00fcmetten destek almakta zorlanan BDP\u2019li belediyelerin altyap\u0131 faaliyetleri i\u00e7in yabanc\u0131 fonlara ba\u015fvurdu\u011funu do\u011frulad\u0131. Ancak bu fonlar\u0131n kullan\u0131m\u0131n\u0131n \u201cHazine ve DPT denetiminde tabi oldu\u011funu\u201d hat\u0131rlatt\u0131.<\/p>\n<p style=\"text-align: justify;\">KfW\u2019nin Internet\u2019e koydu\u011fu raporlarda ortaya \u00e7\u0131kan, Diyarbak\u0131r belediyesinin kulland\u0131\u011f\u0131 KfW fonunun, k\u0131smen hibe, k\u0131smen kredi oldu\u011fu bilgisi. U\u00e7ar, h\u00fck\u00fcmetin 2009 yerel se\u00e7imleri \u00f6ncesinde fonun su ar\u0131tma m\u00fchendisleri e\u011fitimi i\u00e7in ayr\u0131lan 500 bin Euro\u2019luk hibe b\u00f6l\u00fcm\u00fcn\u00fc uzun bir s\u00fcre bloke etti\u011fini belirterek \u015f\u00f6yle devam etti:<\/p>\n<p style=\"text-align: justify;\">\u201cKredi ve kaynak konusunda b\u00fct\u00fcn projelerde h\u00fck\u00fcmet onay\u0131 esas al\u0131yor. Bir \u00e7ok projemiz var. Ancak d\u0131\u015f finansman bulunmas\u0131na kar\u015f\u0131n bir b\u00f6l\u00fcm\u00fc h\u00fck\u00fcmetin izin vermemesi nedneiyle uygulanamad\u0131.\u201d<\/p>\n<p style=\"text-align: justify;\"><strong>Ey halk\u0131m emperyalizme sava\u015f a\u00e7t\u0131k!..\u00a0<\/strong><\/p>\n<p style=\"text-align: justify;\">\u201cEmperyalist g\u00fc\u00e7ler arzular\u0131ndan hi\u00e7bir zaman vazge\u00e7miyorlar, vazge\u00e7meyecekler. Ezen ve ezilenler muhakkak olacak. Mesele, bu m\u00fccadeleyi verebilmektir.\u201d<\/p>\n<p style=\"text-align: justify;\">Yukar\u0131daki s\u00f6zler, Deniz Gezmi\u015f\u2019e ait de\u011fil. Hay\u0131r, \u201cEmperyalizm\u201d laf\u0131n\u0131 dilinden d\u00fc\u015f\u00fcrmeyen Ergenekon san\u0131\u011f\u0131 Do\u011fu Perin\u00e7ek\u2019in de de\u011fil. Lenin hi\u00e7 de\u011fil!<\/p>\n<p style=\"text-align: justify;\">Bu s\u00f6zler, Makedonya gezisinde konu\u015fan Ba\u015fbakan Erdo\u011fan\u2019a ait. Bilmem fark\u0131nda m\u0131s\u0131n\u0131z? Ba\u015fbakan\u2019\u0131n s\u00f6ylemi son birka\u00e7 ayd\u0131r Bat\u0131\u2019ya olduk\u00e7a tepkili. Art\u0131k T\u00fcrkiye\u2019yi \u201cBat\u0131\u201d denilen yerden ayr\u0131 tan\u0131ml\u0131yor ve adeta Bat\u0131\u2019ya kar\u015f\u0131 \u201cEzilen \u00fc\u00e7\u00fcnc\u00fc d\u00fcnyan\u0131n lideri\u201d olarak konu\u015fland\u0131r\u0131yor.<\/p>\n<p style=\"text-align: justify;\"><strong>S\u00f6ylem de\u011fi\u015fti\u00a0<\/strong><\/p>\n<p style=\"text-align: justify;\">Ger\u00e7i h\u00fck\u00fcmet asl\u0131nda NATO\u2019nun f\u00fcze kalkan\u0131na \u201cevet\u201d diyerek T\u00fcrkiye\u2019yi kurumsal anlamda Bat\u0131\u2019ya ba\u011flad\u0131. Suriye ve Libya\u2019ya y\u00f6nelik operasyonda da Bat\u0131l\u0131 m\u00fcttefikleriyle uyum i\u00e7inde. Ama s\u00f6ylem d\u00fczeyinde 9 y\u0131ld\u0131r olmad\u0131\u011f\u0131 kadar \u201cBat\u0131 kar\u015f\u0131t\u0131.\u201d \u00d6rnek mi istersiniz? En son Erdo\u011fan\u2019\u0131n Ulusa Sesleni\u015f konu\u015fmas\u0131ndan:<\/p>\n<p style=\"text-align: justify;\">\u201cBir co\u011frafyada e\u011fer petrol rezervleri varsa ve herhangi bir nedenle Bat\u0131l\u0131 \u00fclkelerin o rezervlerdeki menfaatleri tehlikeye giriyorsa, o zaman yine ba\u015fta BM olmak \u00fczere b\u00fct\u00fcn uluslararas\u0131 kurum ve kurulu\u015flar adeta seferber ediliyor. Art\u0131k bu ikiy\u00fczl\u00fc zihniyetten d\u00fcnyan\u0131n kurtulmas\u0131 laz\u0131m. (&#8230;) \u0130srail\u2019in y\u0131llardan beri s\u00fcrd\u00fcrd\u00fc\u011f\u00fc hukuksuz ve ba\u015f\u0131na buyruk politikalar\u0131n temelinde de yine \u00f6zellikle Bat\u0131 d\u00fcnyas\u0131ndan ald\u0131\u011f\u0131 s\u0131n\u0131rs\u0131z deste\u011fin b\u00fcy\u00fck pay\u0131 var. (&#8230;) \u0130srail neye g\u00fcveniyor? Bug\u00fcne kadar yapt\u0131\u011f\u0131 yanl\u0131\u015flar\u0131 g\u00f6rmezden gelen Bat\u0131l\u0131 \u00fclkelere g\u00fcveniyor. Art\u0131k deniz bitmi\u015ftir; d\u00fcnya eski d\u00fcnya de\u011fil, bunu herkesin g\u00f6rmesi laz\u0131m. Hukuksuzluklar\u0131n, zorbal\u0131klar\u0131n, g\u00fc\u00e7 simsarl\u0131klar\u0131n\u0131n, s\u00f6m\u00fcr\u00fc ve talanlar\u0131n devri sona ermi\u015ftir.\u201d<\/p>\n<p style=\"text-align: justify;\"><strong>Neden o kl\u00fcbe girelim?<\/strong><\/p>\n<p style=\"text-align: justify;\">Demek ki Ankara\u2019n\u0131n d\u00fcnya alg\u0131s\u0131nda, Bat\u0131 art\u0131k emperyalist, \u00e7\u0131karc\u0131 ve iki y\u00fczl\u00fc bir g\u00fc\u00e7 ve biz Allah\u2019tan onun bir par\u00e7as\u0131 de\u011filiz. O zaman:<\/p>\n<p style=\"text-align: justify;\">1) Bat\u0131 k\u00f6t\u00fcyse neden hala AB\u2019ye \u00fcye olmaya \u00e7al\u0131\u015f\u0131yoruz?<\/p>\n<p style=\"text-align: justify;\">2) Neden birka\u00e7 y\u0131l \u00f6nce \u201cEksen kaymas\u0131 ya\u015fan\u0131yor\u201d ve \u201cT\u00fcrkiye Bat\u0131\u2019dan kopuyor\u201d dedi\u011fimizde bu kadar k\u0131zd\u0131n\u0131z?<\/p>\n<p style=\"text-align: justify;\"><strong>Demirba\u015f: Yurtd\u0131\u015f\u0131yla ortak proje do\u011fal\u00a0<\/strong><\/p>\n<p style=\"text-align: justify;\">D\u00fcn \u0130stanbul\u2019da bulunan ve ak\u015fam Nazl\u0131 Il\u0131cak\u2019\u0131n evinde gazetecilerle bulu\u015fmaya haz\u0131rlanan Diyarbak\u0131r Belediye Ba\u015fkan\u0131 Osman Baydemir, Erdo\u011fan\u2019\u0131n ortaya att\u0131\u011f\u0131 iddiayla ilgili sessizli\u011fini korudu. Ancak Diyarbak\u0131r Sur Belediye Ba\u015fkan\u0131 Abdullah Demirba\u015f, telefonla ula\u015ft\u0131\u011f\u0131mda \u015funlar\u0131 s\u00f6yledi:<\/p>\n<p style=\"text-align: justify;\">\u201cSay\u0131n Ba\u015fbakan h\u00fck\u00fcmetin ba\u015f\u0131. Ortada bir iddia varsa, \u0130\u00e7i\u015fleri m\u00fcfetti\u015flerini g\u00f6revlendirir, iddiay\u0131 a\u00e7\u0131\u011fa \u00e7\u0131kart\u0131r. Zaten m\u00fcfetti\u015fler \u015fu an burada. Ama belediyeleri bu \u015fekilde hedef g\u00f6stermesini do\u011fru bulmuyorum. Belediyelerin \u00e7e\u015fitli yurtd\u0131\u015f\u0131 vak\u0131flar, dernekler ya da kalk\u0131nma ajanslar\u0131yla ortak proje yapmas\u0131 kadar do\u011fal bir \u015fey yok. AB kriterleri de buna izin veriyor. Bak\u0131n biz de BASK b\u00f6lgesinden bir kurulu\u015fla kitap yap\u0131yoruz. Globalle\u015fen d\u00fcnyada ortak proje geli\u015ftirilmesi \u00e7ok do\u011fal\u201d dedi.<\/p>\n<p style=\"text-align: justify;\">Halihaz\u0131rda Sur Belediyesinin AB fonlar\u0131yla desteklenen Gazi Caddesi projesi ve Yeni Kap\u0131 K\u00fclt\u00fcrler Soka\u011f\u0131 projesi bulundu\u011funu anlatan Demirba\u015f, \u201cMaalesef T\u00fcrkiye kaynaklar\u0131yla proje almakta zorlan\u0131yoruz. Daha \u00f6nce Bay\u0131nd\u0131rl\u0131k ve \u00c7evre Bakanl\u0131\u011f\u0131\u2019na g\u00f6nderdi\u011fimiz projelerin hi\u00e7biri destek bulamd\u0131. Belki destek bulan vard\u0131r ama biz de\u011fil. \u00c7evre Bakanl\u0131\u011f\u0131 sadece 10 bin TL\u2019lik fidan katk\u0131s\u0131mda bulundu. Orman bakanl\u0131\u011f\u0131ndan da bir o kadar a\u011fa\u00e7 katk\u0131s\u0131 geldi\u201d dedi.<\/p>\n<p style=\"text-align: justify;\"><a href=\"http:\/\/www.cnnturk.com\/2011\/guncel\/10\/03\/alman.vakiflari.turkiyeyi.bolecek.mi\/631627.0\/index.html\" target=\"_blank\">Kaynak : CNN T\u00dcRK<\/a><\/p>\n","protected":false},"excerpt":{"rendered":"<p style=\"text-align: justify;\">\n<p style=\"text-align: justify;\">\n<p style=\"text-align: justify;\">Alman vak\u0131flar\u0131 tart\u0131\u015fmas\u0131, 10 y\u0131l aradan sonra Ba\u015fbakan Erdo\u011fan\u2019\u0131n s\u00f6zleriyle yeniden canland\u0131. Ama Ba\u015fbakan\u2019\u0131n as\u0131l hedefi vak\u0131f de\u011fil belediyelere altyap\u0131 deste\u011fi sa\u011flayan fonlar&#8230;<\/p>\n<p style=\"text-align: justify;\">Milliyet gazetesinden Asl\u0131 Ayd\u0131nta\u015fba\u015f&#8217;\u0131n bug\u00fcnk\u00fc yaz\u0131s\u0131 \u015f\u00f6yle: <\/p>\n<p style=\"text-align: justify;\">Ba\u015fbakan Tayyip Erdo\u011fan, bu hafta Makedonya gezisi d\u00f6n\u00fc\u015f\u00fcnde, Avrupa ba\u015fkentlerinde olduk\u00e7a dikkat <\/p>\n","protected":false},"author":1,"featured_media":0,"comment_status":"open","ping_status":"open","sticky":false,"template":"","format":"standard","meta":{"footnotes":""},"categories":[105],"tags":[],"class_list":["post-40521","post","type-post","status-publish","format-standard","hentry","category-gundem","odd"],"_links":{"self":[{"href":"http:\/\/www.korhanyilmaz.com\/index.php?rest_route=\/wp\/v2\/posts\/40521","targetHints":{"allow":["GET"]}}],"collection":[{"href":"http:\/\/www.korhanyilmaz.com\/index.php?rest_route=\/wp\/v2\/posts"}],"about":[{"href":"http:\/\/www.korhanyilmaz.com\/index.php?rest_route=\/wp\/v2\/types\/post"}],"author":[{"embeddable":true,"href":"http:\/\/www.korhanyilmaz.com\/index.php?rest_route=\/wp\/v2\/users\/1"}],"replies":[{"embeddable":true,"href":"http:\/\/www.korhanyilmaz.com\/index.php?rest_route=%2Fwp%2Fv2%2Fcomments&post=40521"}],"version-history":[{"count":0,"href":"http:\/\/www.korhanyilmaz.com\/index.php?rest_route=\/wp\/v2\/posts\/40521\/revisions"}],"wp:attachment":[{"href":"http:\/\/www.korhanyilmaz.com\/index.php?rest_route=%2Fwp%2Fv2%2Fmedia&parent=40521"}],"wp:term":[{"taxonomy":"category","embeddable":true,"href":"http:\/\/www.korhanyilmaz.com\/index.php?rest_route=%2Fwp%2Fv2%2Fcategories&post=40521"},{"taxonomy":"post_tag","embeddable":true,"href":"http:\/\/www.korhanyilmaz.com\/index.php?rest_route=%2Fwp%2Fv2%2Ftags&post=40521"}],"curies":[{"name":"wp","href":"https:\/\/api.w.org\/{rel}","templated":true}]}}