{"id":40517,"date":"2011-10-03T14:12:56","date_gmt":"2011-10-03T11:12:56","guid":{"rendered":"http:\/\/www.korhanyilmaz.com\/?p=40517"},"modified":"2011-10-03T16:23:23","modified_gmt":"2011-10-03T13:23:23","slug":"erdogan-alman-vakiflar-konusunda-kilicdarogluna-yardim-ederim","status":"publish","type":"post","link":"http:\/\/www.korhanyilmaz.com\/?p=40517","title":{"rendered":"Erdo\u011fan: Alman vak\u0131flar konusunda K\u0131l\u0131\u00e7daro\u011flu&#8217;na yard\u0131m ederim"},"content":{"rendered":"<p style=\"text-align: center;\"><a href=\"http:\/\/www.korhanyilmaz.com\/wp-content\/uploads\/2011\/10\/7110.jpg\"  class=\"lightview\"><img loading=\"lazy\" decoding=\"async\" class=\"aligncenter  wp-image-40518\" src=\"http:\/\/www.korhanyilmaz.com\/wp-content\/uploads\/2011\/10\/7110.jpg\" alt=\"\" width=\"360\" height=\"239\" \/><\/a><\/p>\n<p style=\"text-align: justify;\">Erdo\u011fan: Alman vak\u0131flar konusunda K\u0131l\u0131\u00e7daro\u011flu&#8217;na yard\u0131m ederim.<\/p>\n<p style=\"text-align: justify;\">Ba\u015fbakan Recep Tayyip Erdo\u011fan, G\u00fcney Afrika ziyareti \u00f6ncesinde havaalan\u0131nda gazetecilere a\u00e7\u0131klamalarda bulundu. Erdo\u011fan a\u00e7\u0131klamas\u0131nda \u015funlar\u0131 s\u00f6yledi:<\/p>\n<p style=\"text-align: justify;\"><strong>ALMAN VAKIFLARI TARTI\u015eMASI<\/strong><\/p>\n<p style=\"text-align: justify;\">Konunun asl\u0131: Bu s\u00f6ylenen vak\u0131flar benim konu\u015fmamla da g\u00fcndeme gelmedi. Asl\u0131nda T\u00fcrkiye&#8217;de bu konu daha \u00f6nce, medya vas\u0131tas\u0131yla g\u00fcndeme gelmi\u015f konulard\u0131r. Alman vak\u0131flar\u0131n\u0131n ki uzun zamand\u0131r T\u00fcrkiye&#8217;de ne yaz\u0131k ki buna benzer baz\u0131 giri\u015fimleri olmu\u015ftur.\u00a0<!--more--><\/p>\n<p style=\"text-align: justify;\">Hatta ana muhalefet partisine bu \u015fekilde yard\u0131m konusu tart\u0131\u015fma konusu da olmu\u015ftur, tart\u0131\u015f\u0131lm\u0131\u015ft\u0131r, medyada bu yay\u0131mlanm\u0131\u015ft\u0131r. Fakat tabii o g\u00fcnd\u00fcr bug\u00fcnd\u00fcr bu i\u015f \u00fczerine gidilmedi\u011fi i\u00e7in belki belli noktada kalm\u0131\u015ft\u0131r. \u015eu anda ana muhalefet partisi lideri kendi belediyelerini bir ara\u015ft\u0131rs\u0131n. &#8216;Sizin hanginiz Alman vak\u0131flar\u0131ndan herhangi biriyle bir kredi g\u00f6r\u00fc\u015fmesi i\u00e7indesin diye bir sorsun&#8217;. Bunlar ufak belde belediyesi de de\u011fil, il\u00e7e belediyesi de de\u011fil, bir ara\u015ft\u0131r\u0131rsa, bak ben bu kadar\u0131n\u0131 kenara koyuyorum.<\/p>\n<p style=\"text-align: justify;\">\u00c7al\u0131\u015fma zeminini daha da daraltt\u0131m. Ama, \u00f6zel bir konuda bir bilgi isterse l\u00fctfederler, kendisiyle bunu da ayr\u0131ca g\u00f6r\u00fc\u015f\u00fcr\u00fcz. Onu da medya arac\u0131l\u0131\u011f\u0131yla yapmam\u0131za gerek yok. O zaman kendilerine \u00e7ok daha farkl\u0131 bir \u015fekilde yard\u0131mc\u0131 oluruz. Kap\u0131ya koyup koymamas\u0131 o kendi bilece\u011fi bir i\u015ftir.<\/p>\n<p style=\"text-align: justify;\">Benim ne konu\u015ftu\u011fumu maalesef medya tam manas\u0131yla aynen s\u00f6yledi\u011fim gibi yans\u0131tm\u0131yor burada da bu yans\u0131tmada baz\u0131 c\u0131mb\u0131zlamalar\u0131n oldu\u011funu ifade edece\u011fim. O sohbetin kayd\u0131n\u0131 \u015fimdi size okuyorum: Bu vak\u0131f alt\u0131nda fon bunlar\u0131nki. Bu vak\u0131flar\u0131n kendi fonlar\u0131 var. Krediler hibeler veriyorlar ve bu kredi nedir bor\u00e7land\u0131rmad\u0131r. Hibe bor\u00e7 de\u011fildir. T\u00fcrkiye\u2019de de baz\u0131 CHP belediyeleri kredi talebinde hazine talimat\u0131 gerekti\u011fi i\u00e7in hazineye ba\u015fvurmu\u015flard\u0131r. BDP\u2019li belediyeler noktas\u0131nda ald\u0131klar\u0131 krediler vard\u0131r ve yat\u0131r\u0131m devam ediyor. Bir gazeteci arkada\u015f\u0131m\u0131z \u201cPKK\u2019ya para g\u00f6nderiyorlar\u201d laf\u0131n\u0131 kullan\u0131yor.<\/p>\n<p style=\"text-align: justify;\">Ben ise \u201cPara de\u011fil belediye ile kredi anla\u015fmas\u0131 yap\u0131yor. S\u00f6zle\u015fmede \u015fu m\u00fcteahhide verilecek \u015fart\u0131 konuyor\u201d diyorum. Gazeteci arkada\u015f, \u201c\u015e\u00fcpheli bir firma\u201d diyor. Ben de \u201cYani i\u015fi \u00f6yle ba\u011fl\u0131yorlar\u201d diyorum. Konunun asl\u0131 \u00e7er\u00e7evesi bu. Bu s\u00f6ylenen vak\u0131flar benim konu\u015fmamla da g\u00fcndeme gelmedi. Bu konu medyam\u0131z vas\u0131tas\u0131yla da g\u00fcndeme gelmi\u015f konular. Alman vak\u0131flar\u0131 maalesef daha \u00f6nce de buna benzer konularla g\u00fcndeme geldi. \u00d6zel bu konuda bilgi isterse l\u00fctfederler kendisiyle bu konuyu ayr\u0131ca g\u00f6r\u00fc\u015f\u00fcr\u00fcz. Kap\u0131ya koyup koymamas\u0131 kendi bilece\u011fi bir i\u015ftir.<\/p>\n<p style=\"text-align: justify;\">T\u00fcrkiye\u2019de bu tezgah yeni \u00e7al\u0131\u015fm\u0131yor. Benim anlatt\u0131\u011f\u0131m konu budur. \u00d6zellikle a\u011f\u0131rl\u0131kl\u0131 BDP\u2019li belediyelere bu vak\u0131flar kredi ve hibe mekanizmas\u0131n\u0131 \u00e7ok s\u0131k \u00e7al\u0131\u015ft\u0131r\u0131yorlar.<\/p>\n<p style=\"text-align: justify;\"><strong>DO\u011eU AKDEN\u0130Z\u2019DE SONDAJ<\/strong><\/p>\n<p style=\"text-align: justify;\">G\u00fcney K\u0131br\u0131s yanl\u0131\u015f hareket i\u00e7indedir. M\u00fczakere s\u00fcrecini sabote eden bir s\u00fcre\u00e7tir. \u0130srail\u2019i se\u00e7mesi ise ayr\u0131 bir sabotedir. T\u00fcrkiye gibi bir dostunu kaybetmek suretiyle \u0130srail b\u00f6lgede yaln\u0131zl\u0131\u011f\u0131 tercih etmi\u015ftir.<\/p>\n<p style=\"text-align: justify;\">Bizim bu noktadaki a\u00e7\u0131klamalar\u0131m\u0131z asla \u0130srail halk\u0131na y\u00f6nelik de\u011fildir, hele \u00fclkemdeki Musevi vatanda\u015flar\u0131ma y\u00f6nelik hi\u00e7 de\u011fildir. \u0130srail h\u00fck\u00fcmeti kendi i\u00e7indeki s\u0131k\u0131nt\u0131lar\u0131 nedeniyle \u0130srail\u2019e bedel \u00f6detme ile kar\u015f\u0131 kar\u015f\u0131ya b\u0131rakm\u0131\u015ft\u0131r.<\/p>\n<p style=\"text-align: justify;\"><a href=\"http:\/\/www.radikal.com.tr\/Radikal.aspx?aType=RadikalDetayV3&amp;ArticleID=1065176&amp;Date=03.10.2011&amp;CategoryID=78\" target=\"_blank\">Kaynak : Radikal.com.tr<\/a><\/p>\n","protected":false},"excerpt":{"rendered":"<p style=\"text-align: center;\">\n<p style=\"text-align: justify;\">Erdo\u011fan: Alman vak\u0131flar konusunda K\u0131l\u0131\u00e7daro\u011flu&#8217;na yard\u0131m ederim.<\/p>\n<p style=\"text-align: justify;\">Ba\u015fbakan Recep Tayyip Erdo\u011fan, G\u00fcney Afrika ziyareti \u00f6ncesinde havaalan\u0131nda gazetecilere a\u00e7\u0131klamalarda bulundu. Erdo\u011fan a\u00e7\u0131klamas\u0131nda \u015funlar\u0131 s\u00f6yledi:<\/p>\n<p style=\"text-align: justify;\">ALMAN VAKIFLARI TARTI\u015eMASI<\/p>\n<p style=\"text-align: justify;\">Konunun asl\u0131: Bu s\u00f6ylenen vak\u0131flar benim konu\u015fmamla da g\u00fcndeme gelmedi. Asl\u0131nda T\u00fcrkiye&#8217;de bu konu daha \u00f6nce, medya vas\u0131tas\u0131yla <\/p>\n","protected":false},"author":1,"featured_media":0,"comment_status":"open","ping_status":"open","sticky":false,"template":"","format":"standard","meta":{"footnotes":""},"categories":[105],"tags":[],"class_list":["post-40517","post","type-post","status-publish","format-standard","hentry","category-gundem","odd"],"_links":{"self":[{"href":"http:\/\/www.korhanyilmaz.com\/index.php?rest_route=\/wp\/v2\/posts\/40517","targetHints":{"allow":["GET"]}}],"collection":[{"href":"http:\/\/www.korhanyilmaz.com\/index.php?rest_route=\/wp\/v2\/posts"}],"about":[{"href":"http:\/\/www.korhanyilmaz.com\/index.php?rest_route=\/wp\/v2\/types\/post"}],"author":[{"embeddable":true,"href":"http:\/\/www.korhanyilmaz.com\/index.php?rest_route=\/wp\/v2\/users\/1"}],"replies":[{"embeddable":true,"href":"http:\/\/www.korhanyilmaz.com\/index.php?rest_route=%2Fwp%2Fv2%2Fcomments&post=40517"}],"version-history":[{"count":0,"href":"http:\/\/www.korhanyilmaz.com\/index.php?rest_route=\/wp\/v2\/posts\/40517\/revisions"}],"wp:attachment":[{"href":"http:\/\/www.korhanyilmaz.com\/index.php?rest_route=%2Fwp%2Fv2%2Fmedia&parent=40517"}],"wp:term":[{"taxonomy":"category","embeddable":true,"href":"http:\/\/www.korhanyilmaz.com\/index.php?rest_route=%2Fwp%2Fv2%2Fcategories&post=40517"},{"taxonomy":"post_tag","embeddable":true,"href":"http:\/\/www.korhanyilmaz.com\/index.php?rest_route=%2Fwp%2Fv2%2Ftags&post=40517"}],"curies":[{"name":"wp","href":"https:\/\/api.w.org\/{rel}","templated":true}]}}