{"id":40511,"date":"2011-10-03T15:14:08","date_gmt":"2011-10-03T12:14:08","guid":{"rendered":"http:\/\/www.korhanyilmaz.com\/?p=40511"},"modified":"2011-10-03T16:18:31","modified_gmt":"2011-10-03T13:18:31","slug":"basbakanin-alman-vakfi-aciklamasina-chpden-jet-yanit","status":"publish","type":"post","link":"http:\/\/www.korhanyilmaz.com\/?p=40511","title":{"rendered":"Ba\u015fbakan&#8217;\u0131n Alman vakf\u0131 a\u00e7\u0131klamas\u0131na CHP&#8217;den jet yan\u0131t"},"content":{"rendered":"<p style=\"text-align: justify;\"><a href=\"http:\/\/www.korhanyilmaz.com\/wp-content\/uploads\/2011\/10\/7109.jpg\"  class=\"lightview\"><img loading=\"lazy\" decoding=\"async\" class=\"aligncenter size-full wp-image-40513\" title=\"\" src=\"http:\/\/www.korhanyilmaz.com\/wp-content\/uploads\/2011\/10\/7109.jpg\" alt=\"\" width=\"313\" height=\"188\" \/><\/a><\/p>\n<p style=\"text-align: justify;\">Ba\u015fbakan Recep Tayyip Erdo\u011fan, Alman vak\u0131flar\u0131n\u0131n PKK&#8217;ya ve CHP&#8217;li belediyelere yard\u0131m etti\u011fi yolunda bas\u0131na yans\u0131yan s\u00f6zleriyle ilgili olarak, s\u00f6zlerinin medya taraf\u0131ndan tam manas\u0131yla aynen yans\u0131t\u0131lmad\u0131\u011f\u0131n\u0131 baz\u0131 c\u0131mb\u0131zlamalar yap\u0131ld\u0131\u011f\u0131n\u0131 bildirdi. Ba\u015fbakan, &#8221;\u015eu anda ana muhalefet partisi lideri kendi belediyelerini bir ara\u015ft\u0131rs\u0131n. &#8216;Sizin hanginiz Alman vak\u0131flar\u0131ndan herhangi biriyle bir kredi g\u00f6r\u00fc\u015fmesi i\u00e7indesin diye bir sorsun&#8221; dedi. CHP&#8217;li G\u00f6khan G\u00fcnayd\u0131n&#8217;dan Ba\u015fbakan Erdo\u011fan&#8217;a yan\u0131t geldi. Genel Ba\u015fkan Yard\u0131mc\u0131s\u0131 G\u00fcnayd\u0131n, &#8221;Bu iddia iftirad\u0131r. CHP\u2019li hi\u00e7bir belediye hi\u00e7bir Alman vakf\u0131yla s\u00f6zle\u015fme imzalamam\u0131\u015ft\u0131r, para almam\u0131\u015ft\u0131r. Ba\u015fbakan\u2019\u0131 derhal kan\u0131tlamaya davet ediyoruz, kan\u0131tlayamayaca\u011f\u0131n\u0131 biliyoruz, dava a\u00e7maya haz\u0131rlan\u0131yoruz&#8221; cevab\u0131n\u0131 verdi.\u00a0<!--more--><\/p>\n<p style=\"text-align: justify;\">Ba\u015fbakan Recep Tayyip Erdo\u011fan, G\u00fcney Afrika gezisi \u00f6ncesi Atat\u00fcrk Havaliman\u0131&#8217;nda yapt\u0131\u011f\u0131 bas\u0131n toplant\u0131s\u0131nda, gazetecilerin sorular\u0131n\u0131 da yan\u0131tlad\u0131.<\/p>\n<p style=\"text-align: justify;\">Alman vak\u0131flar\u0131n\u0131n PKK&#8217;ya ve CHP&#8217;li belediyelere yard\u0131m etti\u011fi yolunda bas\u0131na yans\u0131yan s\u00f6zleriyle ilgili olarak, s\u00f6zlerinin medya taraf\u0131ndan tam manas\u0131yla, aynen yans\u0131t\u0131lmad\u0131\u011f\u0131n\u0131, baz\u0131 c\u0131mb\u0131zlamalar yap\u0131ld\u0131\u011f\u0131n\u0131 belirten Ba\u015fbakan Erdo\u011fan \u015funlar\u0131 s\u00f6yledi:<\/p>\n<p style=\"text-align: justify;\">\u201cKonunun asl\u0131 \u015fu: Bu s\u00f6ylenen vak\u0131flar, benim konu\u015fmamla da g\u00fcndeme gelmedi. Asl\u0131nda T\u00fcrkiye&#8217;de bu konu daha \u00f6nce, medya vas\u0131tas\u0131yla g\u00fcndeme gelmi\u015f konulard\u0131r. Alman vak\u0131flar\u0131n\u0131n, uzun zamand\u0131r T\u00fcrkiye&#8217;de ne yaz\u0131k ki buna benzer baz\u0131 giri\u015fimleri olmu\u015ftur. Hatta ana muhalefet partisine bu \u015fekilde yard\u0131m konusu tart\u0131\u015fma konusu da olmu\u015ftur, tart\u0131\u015f\u0131lm\u0131\u015ft\u0131r, medyada bu yay\u0131mlanm\u0131\u015ft\u0131r. Fakat tabii o g\u00fcnd\u00fcr bug\u00fcnd\u00fcr bu i\u015f \u00fczerine gidilmedi\u011fi i\u00e7in belki belli noktada kalm\u0131\u015ft\u0131r. \u015eu anda ana muhalefet partisi lideri kendi belediyelerini bir ara\u015ft\u0131rs\u0131n. &#8216;Sizin hanginiz Alman vak\u0131flar\u0131ndan herhangi biriyle bir kredi g\u00f6r\u00fc\u015fmesi i\u00e7indesin diye bir sorsun&#8217;. Bunlar ufak belde belediyesi de de\u011fil, il\u00e7e belediyesi de de\u011fil, bir ara\u015ft\u0131r\u0131rsa, bak ben bu kadar\u0131n\u0131 kenara koyuyorum. \u00c7al\u0131\u015fma zeminini daha da daraltt\u0131m. Ama, \u00f6zel bir konuda bir bilgi isterse l\u00fctfederler, kendisiyle bunu da ayr\u0131ca g\u00f6r\u00fc\u015f\u00fcr\u00fcz. Onu da medya arac\u0131l\u0131\u011f\u0131yla yapmam\u0131za gerek yok. O zaman kendilerine \u00e7ok daha farkl\u0131 bir \u015fekilde yard\u0131mc\u0131 oluruz. Kap\u0131ya koyup koyulmamas\u0131 o kendi bilece\u011fi bir i\u015ftir.\u201d<\/p>\n<p style=\"text-align: justify;\">Alman vak\u0131flar\u0131n\u0131n baz\u0131 belediyelere yard\u0131m\u0131yla ilgili olarak, bu t\u00fcr \u015feylerin oldu\u011funun bilinmesi gerekti\u011fini belirten Ba\u015fbakan Erdo\u011fan, \u201cT\u00fcrkiye&#8217;de bu tezgah yeni \u00e7al\u0131\u015fm\u0131yor, bu oyun yeni \u00e7al\u0131\u015fm\u0131yor. Benim anlatt\u0131\u011f\u0131m konu budur ve \u00f6zellikle a\u011f\u0131rl\u0131kl\u0131 BDP&#8217;li belediyelere bu s\u00f6yledi\u011fim vak\u0131flar, bu t\u00fcr kredi mekanizmas\u0131n\u0131, hibe mekanizmas\u0131n\u0131 \u00e7ok \u00e7al\u0131\u015ft\u0131r\u0131yorlar onu da ayr\u0131ca burada ifade etmi\u015f olay\u0131m\u201d dedi.<\/p>\n<p style=\"text-align: justify;\"><strong>G\u00dcNEY KIBRIS YANLI\u015e HAREKET \u0130\u00c7\u0130NDED\u0130R\u00a0<\/strong><\/p>\n<p style=\"text-align: justify;\">Bir gazetecinin \u201cNATO Genel Sekreteri, PKK ile m\u00fccadelede konusunda T\u00fcrkiye ile anl\u0131k istihbarat yap\u0131laca\u011f\u0131n\u0131 s\u00f6yledi. Bu konudaki de\u011ferlendirmeniz nedir?\u201d sorusu \u00fczerine Erdo\u011fan, \u201cBizim NATO ile bu t\u00fcr anl\u0131k istihbarat payla\u015f\u0131m\u0131 gibi bu t\u00fcr \u00e7al\u0131\u015fmalar\u0131m\u0131z gerek NATO ile gerekse Amerika ile yapt\u0131\u011f\u0131m\u0131z a\u00e7\u0131klamada s\u00f6ylemi\u015ftik devam ediyor. Bundan sonraki s\u00fcre\u00e7te de, say\u0131n Obama ile yapt\u0131\u011f\u0131m\u0131z g\u00f6r\u00fc\u015fmede de; &#8216;Bundan asla taviz yok, bu kararl\u0131 bir \u015fekilde devam edecektir&#8217; mutabakat\u0131n\u0131 kendileriyle sa\u011flad\u0131k.<\/p>\n<p style=\"text-align: justify;\">Bug\u00fcn Rasmussen&#8217;in a\u00e7\u0131klamalar\u0131n\u0131 okudunuz. Gerek Akdeniz&#8217;de bizimle mutabakat\u0131n\u0131 o ifadelerde g\u00f6rd\u00fcn\u00fcz. Bir mutabakat halinde de oradaki \u00e7al\u0131\u015fmalar\u0131m\u0131z bizim aynen devam ediyor. Zaten NATO mensubu bir \u00fclke olarak T\u00fcrkiye&#8217;ye kar\u015f\u0131 NATO&#8217;nun tak\u0131nmas\u0131 gereken tav\u0131r bu olmal\u0131d\u0131r. Bunun d\u0131\u015f\u0131nda bir \u015fey olamaz.<\/p>\n<p style=\"text-align: justify;\">Buradaki s\u00fcre\u00e7 T\u00fcrkiye&#8217;nin \u0130srail ile, T\u00fcrkiye&#8217;nin G\u00fcney K\u0131br\u0131s ile bir sorunudur. Burada G\u00fcney K\u0131br\u0131s yanl\u0131\u015f hareket i\u00e7indedir. Bu, m\u00fczakere s\u00fcrecini adeta sabote eden bir s\u00fcre\u00e7tir. Burada \u0130srail&#8217;i se\u00e7mesi ayr\u0131 bir sabote s\u00fcrecidir. Yan\u0131na farkl\u0131 g\u00fc\u00e7leri almak i\u00e7in att\u0131\u011f\u0131 bir ad\u0131md\u0131r.\u201d<\/p>\n<p style=\"text-align: justify;\">Bir gazetecinin \u201cABD Savunma Bakan\u0131 b\u00f6lgeye gitmeden \u00f6nce bir a\u00e7\u0131klamada bulunuyor ve &#8216;\u0130srail b\u00f6lgede yaln\u0131zla\u015f\u0131yor, T\u00fcrkiye ile ili\u015fkilerini d\u00fczeltmeli&#8217; diyor. Bu konuda a\u00e7\u0131klamalar\u0131n\u0131z nelerdir?\u201d sorusu \u00fczerine de Erdo\u011fan, \u015funlar\u0131 kaydetti:<\/p>\n<p style=\"text-align: justify;\">\u201c\u0130sabetli bir a\u00e7\u0131klama yapm\u0131\u015f. Her \u015feyden \u00f6nce T\u00fcrkiye gibi bir dostunu kaybetmek suretiyle \u0130srail b\u00f6lgede yaln\u0131zl\u0131\u011f\u0131 tercih etmi\u015ftir. \u0130srail halk\u0131 olarak de\u011fil, \u0130srail&#8217;in mevcut y\u00f6netimi b\u00f6yle bir yanl\u0131\u015f\u0131n i\u00e7ine d\u00fc\u015fm\u00fc\u015ft\u00fcr. Her zaman s\u00f6yl\u00fcyorum, bizim bu noktadaki a\u00e7\u0131klamalar\u0131m\u0131z asla \u0130srail halk\u0131na y\u00f6nelik de\u011fildir, hele hele \u00fclkemdeki Musevi vatanda\u015flar\u0131ma y\u00f6nelik hi\u00e7 de\u011fildir. B\u00fct\u00fcn bu a\u00e7\u0131klamalar\u0131n muhatab\u0131 tamam\u0131 ile \u0130srail y\u00f6netimidir. \u0130srail y\u00f6netimi kendi i\u00e7indeki s\u0131k\u0131nt\u0131lar\u0131n\u0131, kendi i\u00e7indeki \u00e7at\u0131\u015fmas\u0131n\u0131 ne yaz\u0131k ki \u0130srail&#8217;e bir bedel olarak \u00f6detme durumuyla, \u0130srail&#8217;i kar\u015f\u0131 kar\u015f\u0131ya b\u0131rakm\u0131\u015ft\u0131r. Amerikan bakan\u0131n yapt\u0131\u011f\u0131 a\u00e7\u0131klama isabetlidir.\u201d<\/p>\n<p style=\"text-align: justify;\"><strong>CHP\u2019L\u0130 G\u00dcNAYDIN\u2019DAN BA\u015eBAKAN\u2019A YANIT: HAN\u0130 PARA ALMI\u015eTIK DA PKK\u2019YA AKTARMI\u015eTIK, BU NE YAMAN \u0130FT\u0130RADIR?\u00a0<\/strong><\/p>\n<p style=\"text-align: justify;\">CHP Genel Ba\u015fkan\u0131 G\u00f6khan G\u00fcnayd\u0131n, parti genel merkezinde bir bas\u0131n toplant\u0131s\u0131 d\u00fczenledi. G\u00fcnayd\u0131n, bir gazetecinin sorusu \u00fczerine Ba\u015fbakan\u2019\u0131n bug\u00fcn yapt\u0131\u011f\u0131 \u201cAna muhalefet partisi lideri kendi belediyelerini bir ara\u015ft\u0131rs\u0131n. \u2018Sizin hanginiz Alman vak\u0131flar\u0131ndan herhangi biriyle bir kredi g\u00f6r\u00fc\u015fmesi i\u00e7indesin\u2019 diye bir sorsun. Bunlar ufak belde belediyesi de de\u011fil, il\u00e7e belediyesi de de\u011fil\u201d s\u00f6zlerini de\u011ferlendirdi.<\/p>\n<p style=\"text-align: justify;\">G\u00fcnayd\u0131n, Ba\u015fbakan\u2019\u0131n d\u00fcn yapt\u0131\u011f\u0131 \u201cBaz\u0131 CHP\u2019li ve BDP\u2019li belediyeler Alman vak\u0131flar\u0131yla imzalad\u0131klar\u0131 s\u00f6zle\u015fmeden ald\u0131klar\u0131 paray\u0131 \u00e7e\u015fitli y\u00f6ntemlerle PKK\u2019ya aktar\u0131yorlar\u201d a\u00e7\u0131klamas\u0131na d\u00fczenledi\u011fi bas\u0131n toplant\u0131s\u0131nda \u201cBu iddia iftirad\u0131r. CHP\u2019li hi\u00e7bir belediye hi\u00e7bir Alman vakf\u0131yla s\u00f6zle\u015fme imzalam\u0131\u015ft\u0131r, para almam\u0131\u015ft\u0131r. Ba\u015fbakan\u2019\u0131 derhal kan\u0131tlamaya davet ediyoruz, kan\u0131tlayamayaca\u011f\u0131n\u0131 biliyoruz, dava a\u00e7maya haz\u0131rlan\u0131yoruz\u201d \u015feklinde yan\u0131t verdi\u011fini an\u0131msatt\u0131. Ba\u015fbakan\u2019\u0131n bug\u00fcn yapt\u0131\u011f\u0131 a\u00e7\u0131klamada, \u201cMedya s\u00f6zlerimi c\u0131mb\u0131zlam\u0131\u015f, ben \u00f6yle demedim, ben \u00e7e\u015fitli CHP\u2019li belediyelerin, a\u011f\u0131rl\u0131kla BDP olmak \u00fczere b\u00f6yle bir duruma muhatap olduklar\u0131n\u0131 s\u00f6yledim. \u0130l ve B\u00fcy\u00fck\u015fehir belediyelerine baks\u0131nlar, kredi g\u00f6r\u00fc\u015fmelerini yap\u0131yorlar m\u0131\u201d dedi\u011fini kaydeden G\u00fcnayd\u0131n, \u015f\u00f6yle konu\u015ftu:<\/p>\n<p style=\"text-align: justify;\">\u201cHani biz kredi g\u00f6r\u00fc\u015fmelerini tamamlam\u0131\u015ft\u0131k, kredi imzalam\u0131\u015ft\u0131k, para alm\u0131\u015ft\u0131k da PKK\u2019ya aktarm\u0131\u015ft\u0131k. Bu ne yaman bir iftirad\u0131r? CHP tavr\u0131n\u0131 net olarak ortaya koyunca Ba\u015fbakan diyor ki \u2018Kredi g\u00f6r\u00fc\u015fmelerini kim yap\u0131yormu\u015f, ona bir baks\u0131nlar.\u2019 CHP\u2019nin b\u00fct\u00fcn belediyeleri yetersiz kaynak nedeniyle yurtd\u0131\u015f\u0131ndaki firmalarla, vak\u0131flarla s\u00f6zle\u015fme imzalamak \u00fczere \u00e7e\u015fitli g\u00f6r\u00fc\u015fmeler yap\u0131yor olabilirler. Bunda yasad\u0131\u015f\u0131, anormal olan ne vard\u0131r? Siz bu s\u00f6zle\u015fme daha imzalanmam\u0131\u015fken, s\u00f6zle\u015fmeden daha bir para aktar\u0131lmam\u0131\u015fken nas\u0131l olur da &#8216;bu para geldi de \u015furaya, buraya aktar\u0131ld\u0131&#8217; diye iftira edersiniz. Bug\u00fcn Ba\u015fbakan\u2019\u0131n yapt\u0131\u011f\u0131 bas\u0131n toplant\u0131s\u0131ndaki s\u00f6zleri Ba\u015fbakan\u2019\u0131n su\u00e7\u00fcst\u00fc durumunu ortaya koymu\u015ftur.\u201d<\/p>\n<p style=\"text-align: justify;\"><strong>\u201cBA\u015eBAKAN\u2019A \u0130FT\u0130RASI \u00dcZER\u0130NDEN DAVA A\u00c7IYORUZ\u201d\u00a0<\/strong><\/p>\n<p style=\"text-align: justify;\">Ba\u015fbakan\u2019\u0131n d\u00fcn \u201cS\u00f6zle\u015fme yapt\u0131lar, para ald\u0131lar, para aktard\u0131lar\u201d demesine kar\u015f\u0131n bug\u00fcn \u201cBak\u0131n bakal\u0131m, ka\u00e7 tane belediye hangi kredi g\u00f6r\u00fc\u015fmesini s\u00fcrd\u00fcr\u00fcyor, hatta alan\u0131 da daraltay\u0131m, il belediyesi, B\u00fcy\u00fck\u015fehir belediyesi\u201d dedi\u011fini aktaran G\u00fcnayd\u0131n, \u201cSay\u0131n Ba\u015fbakan, ben Pazar g\u00fcn\u00fc B\u00fcy\u00fck\u015fehir belediye ba\u015fkanlar\u0131m\u0131zla ve il belediye ba\u015fkanlar\u0131m\u0131zla bizzat g\u00f6r\u00fc\u015ft\u00fcm. CHP kimseyle bir kredi s\u00f6zle\u015fmesi almad\u0131. Ald\u0131\u011f\u0131 kredi s\u00f6zle\u015fmesinde edindi\u011fi paray\u0131 da yasad\u0131\u015f\u0131 kullanmad\u0131. Senin iftiran buydu, geri ad\u0131m atma. Geri ad\u0131m atma, \u00e7\u00fcnk\u00fc biz bu iftira \u00fczerinden dava a\u00e7\u0131yoruz\u201d dedi.<\/p>\n<p style=\"text-align: justify;\"><strong>\u201c\u0130FT\u0130RA ATTIYSANIZ KANITLAYACAKSINIZ\u201d\u00a0<\/strong><\/p>\n<p style=\"text-align: justify;\">G\u00fcnayd\u0131n, Ba\u015fbakan\u2019a dava konusunda iki y\u00f6ntem izleyebileceklerini ya 539 CHP\u2019li belediye ba\u015fkan\u0131n\u0131n vekaletini alarak Genel Merkez olarak tek dava a\u00e7acaklar\u0131n\u0131, ya da belediyelerin ayr\u0131 ayr\u0131 dava a\u00e7mas\u0131n\u0131 sa\u011flayacaklar\u0131n\u0131 ifade ederken CHP Hukuk Birimi\u2019nin dava dilek\u00e7esi \u00fczerinde \u00e7al\u0131\u015ft\u0131\u011f\u0131n\u0131 belirterek, \u201cBiz bir hafta kadar Say\u0131n Ba\u015fbakan\u2019\u0131, ortaya att\u0131\u011f\u0131 iddiay\u0131 kan\u0131tlamaya davet ediyoruz. Bir hafta bunu bekleyece\u011fiz, \u00f6n\u00fcm\u00fczdeki hafta i\u00e7erisinde bu dava a\u00e7\u0131lm\u0131\u015f olacak. \u0130ftira at\u0131p gerilemek yok, iftira att\u0131ysan\u0131z arkas\u0131nda duracaks\u0131n\u0131z. CHP\u2019ye iftira att\u0131ysan\u0131z sizi att\u0131\u011f\u0131n\u0131z iftirayla ba\u015f ba\u015fa b\u0131rakmay\u0131z\u201d diye konu\u015ftu.<\/p>\n<p style=\"text-align: justify;\"><a href=\"http:\/\/www.hurriyet.com.tr\/gundem\/18890846.asp\" target=\"_blank\">Kaynak : H\u00fcrriyet.com.tr<\/a><\/p>\n","protected":false},"excerpt":{"rendered":"<p style=\"text-align: justify;\">\n<p style=\"text-align: justify;\">Ba\u015fbakan Recep Tayyip Erdo\u011fan, Alman vak\u0131flar\u0131n\u0131n PKK&#8217;ya ve CHP&#8217;li belediyelere yard\u0131m etti\u011fi yolunda bas\u0131na yans\u0131yan s\u00f6zleriyle ilgili olarak, s\u00f6zlerinin medya taraf\u0131ndan tam manas\u0131yla aynen yans\u0131t\u0131lmad\u0131\u011f\u0131n\u0131 baz\u0131 c\u0131mb\u0131zlamalar yap\u0131ld\u0131\u011f\u0131n\u0131 bildirdi. Ba\u015fbakan, &#8221;\u015eu anda ana muhalefet partisi lideri kendi belediyelerini bir ara\u015ft\u0131rs\u0131n. &#8216;Sizin hanginiz Alman vak\u0131flar\u0131ndan herhangi biriyle bir kredi g\u00f6r\u00fc\u015fmesi i\u00e7indesin <\/p>\n","protected":false},"author":1,"featured_media":0,"comment_status":"open","ping_status":"open","sticky":false,"template":"","format":"standard","meta":{"footnotes":""},"categories":[105],"tags":[],"class_list":["post-40511","post","type-post","status-publish","format-standard","hentry","category-gundem","odd"],"_links":{"self":[{"href":"http:\/\/www.korhanyilmaz.com\/index.php?rest_route=\/wp\/v2\/posts\/40511","targetHints":{"allow":["GET"]}}],"collection":[{"href":"http:\/\/www.korhanyilmaz.com\/index.php?rest_route=\/wp\/v2\/posts"}],"about":[{"href":"http:\/\/www.korhanyilmaz.com\/index.php?rest_route=\/wp\/v2\/types\/post"}],"author":[{"embeddable":true,"href":"http:\/\/www.korhanyilmaz.com\/index.php?rest_route=\/wp\/v2\/users\/1"}],"replies":[{"embeddable":true,"href":"http:\/\/www.korhanyilmaz.com\/index.php?rest_route=%2Fwp%2Fv2%2Fcomments&post=40511"}],"version-history":[{"count":0,"href":"http:\/\/www.korhanyilmaz.com\/index.php?rest_route=\/wp\/v2\/posts\/40511\/revisions"}],"wp:attachment":[{"href":"http:\/\/www.korhanyilmaz.com\/index.php?rest_route=%2Fwp%2Fv2%2Fmedia&parent=40511"}],"wp:term":[{"taxonomy":"category","embeddable":true,"href":"http:\/\/www.korhanyilmaz.com\/index.php?rest_route=%2Fwp%2Fv2%2Fcategories&post=40511"},{"taxonomy":"post_tag","embeddable":true,"href":"http:\/\/www.korhanyilmaz.com\/index.php?rest_route=%2Fwp%2Fv2%2Ftags&post=40511"}],"curies":[{"name":"wp","href":"https:\/\/api.w.org\/{rel}","templated":true}]}}