{"id":40507,"date":"2011-10-03T15:09:22","date_gmt":"2011-10-03T12:09:22","guid":{"rendered":"http:\/\/www.korhanyilmaz.com\/?p=40507"},"modified":"2011-10-03T16:11:55","modified_gmt":"2011-10-03T13:11:55","slug":"baykal-yillar-sonra-tbmmyi-temsil-edecek","status":"publish","type":"post","link":"http:\/\/www.korhanyilmaz.com\/?p=40507","title":{"rendered":"Baykal y\u0131llar sonra TBMM&#8217;yi temsil edecek"},"content":{"rendered":"<p style=\"text-align: justify;\"><a href=\"http:\/\/www.korhanyilmaz.com\/wp-content\/uploads\/2011\/10\/7108.jpg\"  class=\"lightview\"><img loading=\"lazy\" decoding=\"async\" class=\"aligncenter size-full wp-image-40508\" title=\"\" src=\"http:\/\/www.korhanyilmaz.com\/wp-content\/uploads\/2011\/10\/7108.jpg\" alt=\"\" width=\"313\" height=\"188\" \/><\/a><\/p>\n<p style=\"text-align: justify;\">CHP&#8217;nin eski lideri Deniz Baykal, y\u0131llar sonra uluslararas\u0131 bir kurulu\u015f olan Avrupa Konseyi Parlamenterler Meclisi&#8217;nde (AKPM), TBMM&#8217;yi temsil edecek.<\/p>\n<p style=\"text-align: justify;\">TBMM ve Avrupa Parlamentosu aras\u0131nda k\u00f6pr\u00fc vazifesi g\u00f6ren ve iki kurum aras\u0131nda dan\u0131\u015fma organ\u0131 olarak g\u00f6rev yapan Karma Parlamento Komisyonu&#8217;nun 1987 y\u0131l\u0131nda ilk kuruldu\u011funda e\u015fba\u015fkan yard\u0131mc\u0131l\u0131\u011f\u0131 g\u00f6revini yapan Baykal, yakla\u015f\u0131k 25 y\u0131ll\u0131k bir aradan sonra AKPM gibi \u00f6nemli bir uluslararas\u0131 kurulu\u015fta TBMM&#8217;yi temsil edecek.\u00a0<!--more--><\/p>\n<p style=\"text-align: justify;\">Baykal, siyasi kariyeri boyunca k\u0131sa bir s\u00fcre de olsa 1995 y\u0131l\u0131nda d\u0131\u015fi\u015fleri bakan\u0131 olarak g\u00f6rev yapm\u0131\u015ft\u0131.<\/p>\n<p style=\"text-align: justify;\">Avrupa Konseyi Parlamenterler Meclisi, 1949 y\u0131l\u0131nda kurulan ve ya\u015fl\u0131 k\u0131tada insan haklar\u0131 ve demokrasinin geli\u015fmesi i\u00e7in \u00e7al\u0131\u015fan Avrupa Konseyi&#8217;nin dan\u0131\u015fma organ\u0131 olarak faaliyet g\u00f6steriyor.<\/p>\n<p style=\"text-align: justify;\">\u0130nsan haklar\u0131 ve demokrasi alan\u0131nda haz\u0131rlad\u0131\u011f\u0131 ve kabul etti\u011fi rapor ve kararlar\u0131yla \u00f6nemli g\u00f6revlere imza atan AKPM&#8217;nin ba\u015fkanl\u0131\u011f\u0131n\u0131 son iki y\u0131ld\u0131r Ak Parti milletvekili Mevl\u00fct \u00c7avu\u015fo\u011flu s\u00fcrd\u00fcr\u00fcyor.<\/p>\n<p style=\"text-align: justify;\">AKPM, y\u0131lda d\u00f6rt kez, bir hafta s\u00fcreyle genel kurul toplant\u0131lar\u0131n\u0131 Strasbourg&#8217;da ger\u00e7ekle\u015ftirirken, uzmanl\u0131k komisyonlar\u0131 belirli aral\u0131klarda, \u00fcye \u00fclkelerde toplant\u0131lar ger\u00e7ekle\u015ftiriyor.<\/p>\n<p style=\"text-align: justify;\">Strasbourg&#8217;da bug\u00fcn ba\u015flayan AKPM sonbahar genel kurul toplant\u0131lar\u0131na, Filistin ve Arap Bahar\u0131 ile ilgili geli\u015fmeler \u00f6ncelikle ele al\u0131nacak. Filistin Devlet Ba\u015fkan\u0131 Mahmut Abbas, 6 Ekim \u00c7ar\u015famba g\u00fcn\u00fc genel kurula hitap edecek.<\/p>\n<p style=\"text-align: justify;\"><a href=\"http:\/\/www.hurriyet.com.tr\/gundem\/18891318.asp\" target=\"_blank\">Kaynak : H\u00fcrriyet.com.tr<\/a><\/p>\n","protected":false},"excerpt":{"rendered":"<p style=\"text-align: justify;\">\n<p style=\"text-align: justify;\">CHP&#8217;nin eski lideri Deniz Baykal, y\u0131llar sonra uluslararas\u0131 bir kurulu\u015f olan Avrupa Konseyi Parlamenterler Meclisi&#8217;nde (AKPM), TBMM&#8217;yi temsil edecek.<\/p>\n<p style=\"text-align: justify;\">TBMM ve Avrupa Parlamentosu aras\u0131nda k\u00f6pr\u00fc vazifesi g\u00f6ren ve iki kurum aras\u0131nda dan\u0131\u015fma organ\u0131 olarak g\u00f6rev yapan Karma Parlamento Komisyonu&#8217;nun 1987 y\u0131l\u0131nda ilk kuruldu\u011funda e\u015fba\u015fkan yard\u0131mc\u0131l\u0131\u011f\u0131 g\u00f6revini yapan Baykal, <\/p>\n","protected":false},"author":1,"featured_media":0,"comment_status":"open","ping_status":"open","sticky":false,"template":"","format":"standard","meta":{"footnotes":""},"categories":[105],"tags":[],"class_list":["post-40507","post","type-post","status-publish","format-standard","hentry","category-gundem","odd"],"_links":{"self":[{"href":"http:\/\/www.korhanyilmaz.com\/index.php?rest_route=\/wp\/v2\/posts\/40507","targetHints":{"allow":["GET"]}}],"collection":[{"href":"http:\/\/www.korhanyilmaz.com\/index.php?rest_route=\/wp\/v2\/posts"}],"about":[{"href":"http:\/\/www.korhanyilmaz.com\/index.php?rest_route=\/wp\/v2\/types\/post"}],"author":[{"embeddable":true,"href":"http:\/\/www.korhanyilmaz.com\/index.php?rest_route=\/wp\/v2\/users\/1"}],"replies":[{"embeddable":true,"href":"http:\/\/www.korhanyilmaz.com\/index.php?rest_route=%2Fwp%2Fv2%2Fcomments&post=40507"}],"version-history":[{"count":0,"href":"http:\/\/www.korhanyilmaz.com\/index.php?rest_route=\/wp\/v2\/posts\/40507\/revisions"}],"wp:attachment":[{"href":"http:\/\/www.korhanyilmaz.com\/index.php?rest_route=%2Fwp%2Fv2%2Fmedia&parent=40507"}],"wp:term":[{"taxonomy":"category","embeddable":true,"href":"http:\/\/www.korhanyilmaz.com\/index.php?rest_route=%2Fwp%2Fv2%2Fcategories&post=40507"},{"taxonomy":"post_tag","embeddable":true,"href":"http:\/\/www.korhanyilmaz.com\/index.php?rest_route=%2Fwp%2Fv2%2Ftags&post=40507"}],"curies":[{"name":"wp","href":"https:\/\/api.w.org\/{rel}","templated":true}]}}