{"id":40502,"date":"2011-10-02T17:04:19","date_gmt":"2011-10-02T14:04:19","guid":{"rendered":"http:\/\/www.korhanyilmaz.com\/?p=40502"},"modified":"2011-10-03T11:06:35","modified_gmt":"2011-10-03T08:06:35","slug":"basbakan-tam-bir-teslimiyet-icinde","status":"publish","type":"post","link":"http:\/\/www.korhanyilmaz.com\/?p=40502","title":{"rendered":"&#8220;Ba\u015fbakan tam bir teslimiyet i\u00e7inde&#8221;"},"content":{"rendered":"<p style=\"text-align: center;\"><a href=\"http:\/\/www.korhanyilmaz.com\/wp-content\/uploads\/2011\/10\/7107.jpg\"  class=\"lightview\"><img loading=\"lazy\" decoding=\"async\" class=\"aligncenter  wp-image-40503\" src=\"http:\/\/www.korhanyilmaz.com\/wp-content\/uploads\/2011\/10\/7107.jpg\" alt=\"\" width=\"368\" height=\"276\" \/><\/a><\/p>\n<p style=\"text-align: justify;\">CHP Grup Ba\u015fkanvekili ve \u0130stanbul Milletvekili Akif Hamza\u00e7ebi, Ba\u015fbakan Recep Tayyip Erdo\u011fan&#8217;\u0131n PKK ile devlet g\u00f6r\u00fc\u015fmelerinin devam edece\u011fi y\u00f6n\u00fcndeki a\u00e7\u0131klamalar\u0131n\u0131 de\u011ferlendirdi.<\/p>\n<p style=\"text-align: justify;\">Ankara- CHP Grup Ba\u015fkanvekili ve \u0130stanbul Milletvekili Akif Hamza\u00e7ebi, Ba\u015fbakan Recep Tayyip Erdo\u011fan&#8217;\u0131n &#8220;PKK ile g\u00f6r\u00fc\u015f\u00fcl\u00fcr&#8221; ifadelerine tepki g\u00f6stererek, &#8220;Yurtd\u0131\u015f\u0131nda g\u00fc\u00e7l\u00fc lider havas\u0131 yaratmak isteyen, yurti\u00e7inde bask\u0131 ile herkesi sindirmek isteyen, muhalif bir sese bile tahamm\u00fcl\u00fc olmayan Ba\u015fbakan ter\u00f6r \u00f6rg\u00fct\u00fcne kar\u015f\u0131 tam bir teslimiyet i\u00e7erisindedir&#8221; dedi.\u00a0<!--more--><\/p>\n<p style=\"text-align: justify;\">Hamza\u00e7ebi, Ba\u015fbakan Erdo\u011fan&#8217;\u0131n PKK ile devlet g\u00f6r\u00fc\u015fmelerinin devam edece\u011fi y\u00f6n\u00fcndeki a\u00e7\u0131klamalar\u0131n\u0131 &#8220;tam bir aczin ifadesidir&#8221; s\u00f6zleriyle de\u011ferlendirdi. Erdo\u011fan&#8217;\u0131n tutumunun \u00e7aresizli\u011fini g\u00f6sterdi\u011fini kaydeden Hamza\u00e7ebi, &#8220;Bir yandan TBMM&#8217;ye s\u0131n\u0131r \u00f6tesi harekat i\u00e7in yetki isteyen bir tezkere getireceksiniz, \u00f6te yandan PKK ile g\u00f6r\u00fc\u015f\u00fcr\u00fcz diyeceksiniz. Ba\u015fbakan bu a\u00e7\u0131klamas\u0131 ile s\u0131n\u0131r \u00f6tesi harekatla ilgili olarak yetki isteyen tezkerenin g\u00f6stermelik oldu\u011funu itiraf etmi\u015f olmaktad\u0131r&#8221; dedi. Hamza\u00e7ebi a\u00e7\u0131klamas\u0131nda \u015fu ifadelere yer verdi:<\/p>\n<p style=\"text-align: justify;\">&#8220;Yurtd\u0131\u015f\u0131nda g\u00fc\u00e7l\u00fc lider havas\u0131 yaratmak isteyen, yurti\u00e7inde bask\u0131 ile herkesi sindirmek isteyen, muhalif bir sese bile tahamm\u00fcl\u00fc olmayan Ba\u015fbakan ter\u00f6r \u00f6rg\u00fct\u00fcne kar\u015f\u0131 tam bir teslimiyet i\u00e7erisindedir. Bu tutum ayn\u0131 zamanda Ba\u015fbakan\u0131n \u00e7aresizli\u011fini de g\u00f6stermektedir. Yine Ba\u015fbakan bu a\u00e7\u0131klamas\u0131 ile PKK&#8217;n\u0131n stat\u00fcs\u00fcn\u00fc y\u00fckseltmi\u015f, onu kendisiyle m\u00fczakere edilebilir legal bir \u00f6rg\u00fct konumuna koymu\u015ftur. Tart\u0131\u015fmas\u0131z olan bir \u015fey varsa Ba\u015fbakan bu a\u00e7\u0131klamas\u0131 ile PKK&#8217;y\u0131 eskisinden daha g\u00fc\u00e7l\u00fc bir hale getirmi\u015ftir. Anla\u015f\u0131lan m\u00fczakereler kald\u0131\u011f\u0131 yerden devam edecektir. Ter\u00f6r sorununu ya\u015fam\u0131\u015f olup ta bu konuda \u00e7\u00f6z\u00fcm \u00fcretmi\u015f \u00fclkelerin hangisinde devlet ter\u00f6r \u00f6rg\u00fct\u00fcyle m\u00fczakere y\u00fcr\u00fctm\u00fc\u015ft\u00fcr? Ba\u015fbakan bir tane \u00f6rnek versin. Bu \u00fclkelerde g\u00f6r\u00fc\u015fmeler ter\u00f6r\u00fc y\u00f6ntem olarak kullanan \u00f6rg\u00fctlerle de\u011fil; silah\u0131, ter\u00f6r\u00fc reddeden kesimlerle yap\u0131lm\u0131\u015ft\u0131r.&#8221;<\/p>\n<p style=\"text-align: justify;\"><strong>&#8220;&#8216;Gaflet&#8217; ve &#8216;dalalet&#8217; ile a\u00e7\u0131klanamaz&#8221;\u00a0<\/strong><\/p>\n<p style=\"text-align: justify;\">Ba\u015fbakan&#8217;\u0131n &#8220;h\u00fck\u00fcmet de\u011fil, devlet g\u00f6r\u00fc\u015f\u00fcr&#8221; s\u00f6zlerini de ak\u0131l ve mant\u0131kla a\u00e7\u0131klanmas\u0131 m\u00fcmk\u00fcn olmayan bir s\u00f6ylem olarak de\u011ferlendiren Akif Hamza\u00e7ebi, Erdo\u011fan&#8217;\u0131n bu s\u00f6zlerin ard\u0131na s\u0131\u011f\u0131nd\u0131\u011f\u0131n\u0131 savundu. CHP Grup Ba\u015fkanvekili Hamza\u00e7ebi, &#8220;Say\u0131n Ba\u015fbakan\u0131n tarif etti\u011fi devlet T\u00fcrkiye Cumhuriyeti Devleti de\u011fil, onun emirleriyle hareket eden kamu g\u00f6revlileridir. \u00c7\u00fcnk\u00fc devletler ter\u00f6r \u00f6rg\u00fctleri ile siyasi m\u00fczakere y\u00fcr\u00fctmezler. Say\u0131n Ba\u015fbakan\u0131n bu tutumu &#8216;gaflet&#8217; ve &#8216;dalalet&#8217; kelimeleriyle dahi a\u00e7\u0131klanamayacak kadar vahimdir&#8221; diye konu\u015ftu.<\/p>\n<p style=\"text-align: justify;\"><a href=\"http:\/\/www.cumhuriyet.com.tr\/?hn=281932\" target=\"_blank\">Kaynak : Cumhuriyet Haber Portal\u0131<\/a><\/p>\n","protected":false},"excerpt":{"rendered":"<p style=\"text-align: center;\">\n<p style=\"text-align: justify;\">CHP Grup Ba\u015fkanvekili ve \u0130stanbul Milletvekili Akif Hamza\u00e7ebi, Ba\u015fbakan Recep Tayyip Erdo\u011fan&#8217;\u0131n PKK ile devlet g\u00f6r\u00fc\u015fmelerinin devam edece\u011fi y\u00f6n\u00fcndeki a\u00e7\u0131klamalar\u0131n\u0131 de\u011ferlendirdi.<\/p>\n<p style=\"text-align: justify;\">Ankara- CHP Grup Ba\u015fkanvekili ve \u0130stanbul Milletvekili Akif Hamza\u00e7ebi, Ba\u015fbakan Recep Tayyip Erdo\u011fan&#8217;\u0131n &#8220;PKK ile g\u00f6r\u00fc\u015f\u00fcl\u00fcr&#8221; ifadelerine tepki g\u00f6stererek, &#8220;Yurtd\u0131\u015f\u0131nda g\u00fc\u00e7l\u00fc lider havas\u0131 yaratmak isteyen, yurti\u00e7inde bask\u0131 <\/p>\n","protected":false},"author":1,"featured_media":0,"comment_status":"open","ping_status":"open","sticky":false,"template":"","format":"standard","meta":{"footnotes":""},"categories":[105],"tags":[],"class_list":["post-40502","post","type-post","status-publish","format-standard","hentry","category-gundem","odd"],"_links":{"self":[{"href":"http:\/\/www.korhanyilmaz.com\/index.php?rest_route=\/wp\/v2\/posts\/40502","targetHints":{"allow":["GET"]}}],"collection":[{"href":"http:\/\/www.korhanyilmaz.com\/index.php?rest_route=\/wp\/v2\/posts"}],"about":[{"href":"http:\/\/www.korhanyilmaz.com\/index.php?rest_route=\/wp\/v2\/types\/post"}],"author":[{"embeddable":true,"href":"http:\/\/www.korhanyilmaz.com\/index.php?rest_route=\/wp\/v2\/users\/1"}],"replies":[{"embeddable":true,"href":"http:\/\/www.korhanyilmaz.com\/index.php?rest_route=%2Fwp%2Fv2%2Fcomments&post=40502"}],"version-history":[{"count":0,"href":"http:\/\/www.korhanyilmaz.com\/index.php?rest_route=\/wp\/v2\/posts\/40502\/revisions"}],"wp:attachment":[{"href":"http:\/\/www.korhanyilmaz.com\/index.php?rest_route=%2Fwp%2Fv2%2Fmedia&parent=40502"}],"wp:term":[{"taxonomy":"category","embeddable":true,"href":"http:\/\/www.korhanyilmaz.com\/index.php?rest_route=%2Fwp%2Fv2%2Fcategories&post=40502"},{"taxonomy":"post_tag","embeddable":true,"href":"http:\/\/www.korhanyilmaz.com\/index.php?rest_route=%2Fwp%2Fv2%2Ftags&post=40502"}],"curies":[{"name":"wp","href":"https:\/\/api.w.org\/{rel}","templated":true}]}}