{"id":40498,"date":"2011-10-03T09:28:39","date_gmt":"2011-10-03T06:28:39","guid":{"rendered":"http:\/\/www.korhanyilmaz.com\/?p=40498"},"modified":"2011-10-03T10:49:46","modified_gmt":"2011-10-03T07:49:46","slug":"masalar-kalkti-2-bin-kisi-isten-cikarildi","status":"publish","type":"post","link":"http:\/\/www.korhanyilmaz.com\/?p=40498","title":{"rendered":"Masalar kalkt\u0131, 2 bin ki\u015fi i\u015ften \u00e7\u0131kar\u0131ld\u0131!"},"content":{"rendered":"<p style=\"text-align: center;\"><a href=\"http:\/\/www.korhanyilmaz.com\/wp-content\/uploads\/2011\/10\/7106.jpg\"  class=\"lightview\"><img loading=\"lazy\" decoding=\"async\" class=\"aligncenter  wp-image-40499\" src=\"http:\/\/www.korhanyilmaz.com\/wp-content\/uploads\/2011\/10\/7106.jpg\" alt=\"\" width=\"384\" height=\"254\" \/><\/a><\/p>\n<p style=\"text-align: justify;\">Beyo\u011flu&#8217;nda masalar kalkt\u0131ktan sonra kopan k\u0131yamet yerini sessiz bir \u00e7\u0131\u011fl\u0131\u011fa b\u0131rakm\u0131\u015f. Art\u0131k esnaf isyan\u0131n\u0131 y\u00fcksek sesle dile getirmiyor, y\u00fczler as\u0131k. Bu s\u00fcre\u00e7te cirolarda y\u00fczde 70-80&#8217;e varan d\u00fc\u015f\u00fc\u015fler ya\u015fand\u0131\u011f\u0131, 2 bine yak\u0131n ki\u015finin i\u015fini kaybetti\u011fi konu\u015fuluyor.<\/p>\n<p style=\"text-align: justify;\">Beyo\u011flu&#8217;nda masalar kalkal\u0131 2 ay oldu. \u0130lk \u015fok atlat\u0131ld\u0131, yank\u0131lar\u0131 s\u00fcr\u00fcyor. Ama ilk g\u00fcnlerdeki g\u00fcr\u00fclt\u00fcl\u00fc isyan, yerini sessiz bir \u00e7\u0131\u011fl\u0131\u011fa b\u0131rakt\u0131.\u00a0<!--more--><\/p>\n<p style=\"text-align: justify;\">Ak\u015fam gazetesi son durumu sormak i\u00e7in Asmal\u0131mescit&#8217;teydi. \u0130\u015fte izlenimler&#8230;<\/p>\n<p style=\"text-align: justify;\">&#8220;\u0130lk dura\u011f\u0131m\u0131z Asmali&#8217;nin en eski ve \u00fcnl\u00fc meyhanesi Refik. Refik Arslan, ikinci ku\u015fak&#8230; Mesle\u011fi babadan devralm\u0131\u015f. Asmal\u0131mescit&#8217;in her halini g\u00f6rm\u00fc\u015f. &#8216;Sizin de masalar gitmi\u015f&#8217; diyoruz. Refik Bey anlat\u0131yor: Ben zaten d\u0131\u015far\u0131dan para kazanm\u0131yordum, d\u0131\u015far\u0131s\u0131 benim vitrinimdi. Masalar\u0131n kalkmas\u0131yla i\u015fimin \u00fc\u00e7te biri gitti diyebilirim. Pek \u00e7ok mekan sadece d\u0131\u015far\u0131daki masalarla d\u00f6n\u00fcyordu. Normalde kabul etmeyecekleri kiralar\u0131, masalar y\u00fcz\u00fcnden \u00f6d\u00fcyorlard\u0131. \u015eimdi zordalar.&#8217;<\/p>\n<p style=\"text-align: justify;\"><strong>2 B\u0130N K\u0130\u015e\u0130 \u0130\u015eTEN \u00c7IKARILMI\u015eTIR<\/strong><\/p>\n<p style=\"text-align: justify;\">\u0130\u015fletmeci B\u00fclent G\u00fczelkan, Beyo\u011flu&#8217;nda 3 bin civar\u0131nda mekan bulundu\u011funu, ve bu i\u015fyerlerinde 15 bin ki\u015finin \u00e7al\u0131\u015ft\u0131\u011f\u0131n\u0131 belirterek, &#8216;Bu s\u00fcre\u00e7te elemanlar\u0131n\u0131n y\u00fczde 80&#8217;ini \u00e7\u0131karan i\u015fyerleri var. SSK&#8217;s\u0131z \u00e7al\u0131\u015fanlar\u0131 da d\u00fc\u015f\u00fcn\u00fcrsek, 2 bine yak\u0131n ki\u015finin i\u015ften \u00e7\u0131kar\u0131ld\u0131\u011f\u0131n\u0131 tahmin ediyorum. Bize \u00f6neriler &#8216;Balkon form\u00fcl\u00fc&#8217; olamaz&#8230; Belediye bu form\u00fcl\u00fc uygularsa, buran\u0131n ad\u0131 Pera iken, &#8216;balkon pera&#8217; olur. Tarih bu trajikomik olay\u0131 yazar&#8217; dedi. Bir di\u011fer i\u015fletmeci U\u011fur Bekdemir ayn\u0131 ayn\u0131 rakam\u0131 veriyor: Tam zamanl\u0131 de\u011fil ama g\u00fcn\u00fcn yo\u011fun zamanlar\u0131nda 2-3 saat \u00e7al\u0131\u015fan insanlar\u0131 da sayarsak 2000&#8217;e yak\u0131n ki\u015fi i\u015ften \u00e7\u0131kar\u0131lm\u0131\u015ft\u0131r&#8230;&#8217;<\/p>\n<p style=\"text-align: justify;\"><strong>GECE HAYATI N\u0130\u015eANTA\u015eI&#8217;NA KAYDI<\/strong><\/p>\n<p style=\"text-align: justify;\">Beyo\u011flu E\u011flence Yerleri Derne\u011fi Y\u00f6netim Kurulu \u00dcyesi Timur \u00d6zdemir ise masalar\u0131n kalkmas\u0131ndan sonra Beyo\u011flu&#8217;nda 2 bine yak\u0131n ki\u015finin i\u015ften \u00e7\u0131kar\u0131ld\u0131\u011f\u0131n\u0131 do\u011frulayarak, &#8216;Beyo\u011flu e\u011flence hayat\u0131 yava\u015f yava\u015f Ni\u015fanta\u015f\u0131, Bebek&#8217;e kaymaya ba\u015flad\u0131. Burada ma\u011fdur olan sadece gece kul\u00fcpleri, restoranlar de\u011fil. Beyo\u011flu&#8217;na gelen insan say\u0131s\u0131n\u0131n azalmas\u0131 kestanecisinden b\u00fcfeciye kadar t\u00fcm esnaf\u0131 etkiledi. Bizi en \u00e7ok rahats\u0131z eden konu ise kar\u015f\u0131m\u0131zda muhatap bulamamam\u0131z.<\/p>\n<p style=\"text-align: justify;\"><strong>BURASI YA\u015eANILIR YER DE\u011e\u0130LD\u0130<\/strong><\/p>\n<p style=\"text-align: justify;\">Refik Restoran&#8217;dan sonra hemen kar\u015f\u0131s\u0131ndaki bir di\u011fer eski Asmal\u0131mescitli U\u011fur Bekdemir&#8217;in yan\u0131na gidiyoruz. Rak\u0131c\u0131 Restoran&#8217;\u0131n sahibi Bekdemir, sokaktaki masalardan \u015fikayet\u00e7i olan Asmal\u0131 sakinlerinden ba\u015fl\u0131yor s\u00f6ze: &#8217;15 sene \u00f6nce buras\u0131 ya\u015fan\u0131l\u0131r bir yer de\u011fildi. Polis her gece uyu\u015fturucu operasyonlar\u0131 yapard\u0131. Buras\u0131 cazibe merkezi olduktan sonra insanlar burada ya\u015famaya ba\u015flad\u0131lar. Evet Belediyenin hakl\u0131 y\u00f6nleri var. \u0130\u015fgaliye, \u00f6nemli bir gelir kap\u0131s\u0131d\u0131r. Paras\u0131n\u0131 \u00f6demeyen esnafa belediyenin bir yapt\u0131r\u0131m uygulamas\u0131 laz\u0131m. Ama \u00f6nce bunun duyurulmas\u0131 laz\u0131m. Belediye&#8217;nin iyi ileti\u015fim yapmas\u0131 laz\u0131m. Yerel y\u00f6netimlerin art\u0131k global d\u00fc\u015f\u00fcnmesi laz\u0131m.&#8217;<\/p>\n<p style=\"text-align: justify;\"><strong>K\u0130RALAR 30 B\u0130N L\u0130RAYA \u00c7IKMI\u015eTI<\/strong><\/p>\n<p style=\"text-align: justify;\">Refik Arslan&#8217;\u0131n verdi\u011fi bilgilere g\u00f6re son y\u0131llarda Asmal\u0131mescit&#8217;in pop\u00fclaritesinin artmas\u0131yla 20-30 bin TL kiralar konu\u015fulmaya ba\u015flanm\u0131\u015f. Tabii bu kiralar\u0131n kabul edilmesinin nedeni d\u0131\u015far\u0131daki masalar. Arslan &#8216;Haftasonu bir gecede Beyo\u011flu&#8217;na, 1 milyon insan geliyorsa, \u015fimdi bu 200 bine d\u00fc\u015ft\u00fc. Dolay\u0131s\u0131yla cirolarda y\u00fczde 75-80&#8217;lik kay\u0131p var. Kepenk kapatmamak i\u00e7in ortak aray\u0131\u015f\u0131na girenler var. Tabii s\u0131k\u0131nt\u0131 ya\u015fayan sadece restoranlar, kul\u00fcpler de\u011fil. K\u00f6\u015fedeki b\u00fcfe i\u015fim 3&#8217;te bire d\u00fc\u015ft\u00fc diyor&#8217; dedi.<\/p>\n<p style=\"text-align: justify;\"><strong>TAR\u0130H\u0130 \u00c7ER\u00c7EVEM\u0130 M\u0130 BOZAYIM<\/strong><\/p>\n<p style=\"text-align: justify;\">Arslan&#8217;a &#8216;balkon&#8217; meselesini sordu\u011fumuzda ise &#8216;Evet bize de isterseniz balkon yap\u0131n dediler ama oraya 4 ki\u015fi oturacak diye vitrinimi kapat\u0131p, tarihi \u00e7er\u00e7evemi, d\u00fckkan\u0131m\u0131n dokusunu mu bozay\u0131m. Bunu hi\u00e7 d\u00fc\u015f\u00fcnmedim bile&#8217; diye yan\u0131t veriyor.<\/p>\n<p style=\"text-align: justify;\"><strong>TW\u0130TTER&#8217;DA &#8216;BO\u015e SOKAK&#8217;<\/strong><\/p>\n<p style=\"text-align: justify;\">Bir di\u011fer i\u015fletmeci U\u011fur Bekdemir, soka\u011f\u0131n turizm potansiyelinin kaybolmaya ba\u015flad\u0131\u011f\u0131n\u0131n da alt\u0131n\u0131 \u00e7iziyor. Asmal\u0131mescit&#8217;e gelen turist say\u0131s\u0131nda ciddi bir d\u00fc\u015f\u00fc\u015f oldu\u011funu vurgulayan Bekdemir, sosyal medyaya da dikkat \u00e7ekip, \u015funlar\u0131 s\u00f6yl\u00fcyor: &#8216;Art\u0131k internet diye bir \u015fey var. Adam geliyor, telefonuyla foto\u011fraf \u00e7ekiyor, twitterda, facebook\u2019ta buras\u0131 bo\u015f diye herkese yay\u0131nl\u0131yor.&#8221;<\/p>\n<p style=\"text-align: justify;\"><a href=\"http:\/\/www.radikal.com.tr\/Radikal.aspx?aType=RadikalDetayV3&amp;ArticleID=1065156&amp;Date=03.10.2011&amp;CategoryID=80\" target=\"_blank\">Kaynak : Radikal.com.tr<\/a><\/p>\n","protected":false},"excerpt":{"rendered":"<p style=\"text-align: center;\">\n<p style=\"text-align: justify;\">Beyo\u011flu&#8217;nda masalar kalkt\u0131ktan sonra kopan k\u0131yamet yerini sessiz bir \u00e7\u0131\u011fl\u0131\u011fa b\u0131rakm\u0131\u015f. Art\u0131k esnaf isyan\u0131n\u0131 y\u00fcksek sesle dile getirmiyor, y\u00fczler as\u0131k. Bu s\u00fcre\u00e7te cirolarda y\u00fczde 70-80&#8217;e varan d\u00fc\u015f\u00fc\u015fler ya\u015fand\u0131\u011f\u0131, 2 bine yak\u0131n ki\u015finin i\u015fini kaybetti\u011fi konu\u015fuluyor.<\/p>\n<p style=\"text-align: justify;\">Beyo\u011flu&#8217;nda masalar kalkal\u0131 2 ay oldu. \u0130lk \u015fok atlat\u0131ld\u0131, yank\u0131lar\u0131 s\u00fcr\u00fcyor. Ama ilk <\/p>\n","protected":false},"author":1,"featured_media":0,"comment_status":"open","ping_status":"open","sticky":false,"template":"","format":"standard","meta":{"footnotes":""},"categories":[105],"tags":[],"class_list":["post-40498","post","type-post","status-publish","format-standard","hentry","category-gundem","odd"],"_links":{"self":[{"href":"http:\/\/www.korhanyilmaz.com\/index.php?rest_route=\/wp\/v2\/posts\/40498","targetHints":{"allow":["GET"]}}],"collection":[{"href":"http:\/\/www.korhanyilmaz.com\/index.php?rest_route=\/wp\/v2\/posts"}],"about":[{"href":"http:\/\/www.korhanyilmaz.com\/index.php?rest_route=\/wp\/v2\/types\/post"}],"author":[{"embeddable":true,"href":"http:\/\/www.korhanyilmaz.com\/index.php?rest_route=\/wp\/v2\/users\/1"}],"replies":[{"embeddable":true,"href":"http:\/\/www.korhanyilmaz.com\/index.php?rest_route=%2Fwp%2Fv2%2Fcomments&post=40498"}],"version-history":[{"count":0,"href":"http:\/\/www.korhanyilmaz.com\/index.php?rest_route=\/wp\/v2\/posts\/40498\/revisions"}],"wp:attachment":[{"href":"http:\/\/www.korhanyilmaz.com\/index.php?rest_route=%2Fwp%2Fv2%2Fmedia&parent=40498"}],"wp:term":[{"taxonomy":"category","embeddable":true,"href":"http:\/\/www.korhanyilmaz.com\/index.php?rest_route=%2Fwp%2Fv2%2Fcategories&post=40498"},{"taxonomy":"post_tag","embeddable":true,"href":"http:\/\/www.korhanyilmaz.com\/index.php?rest_route=%2Fwp%2Fv2%2Ftags&post=40498"}],"curies":[{"name":"wp","href":"https:\/\/api.w.org\/{rel}","templated":true}]}}