{"id":40494,"date":"2011-10-03T10:41:59","date_gmt":"2011-10-03T07:41:59","guid":{"rendered":"http:\/\/www.korhanyilmaz.com\/?p=40494"},"modified":"2011-10-03T10:41:59","modified_gmt":"2011-10-03T07:41:59","slug":"devlet-biyigin-boyunu-da-belirledi","status":"publish","type":"post","link":"http:\/\/www.korhanyilmaz.com\/?p=40494","title":{"rendered":"Devlet b\u0131y\u0131\u011f\u0131n boyunu da belirledi"},"content":{"rendered":"<p style=\"text-align: center;\"><a href=\"http:\/\/www.korhanyilmaz.com\/wp-content\/uploads\/2011\/10\/7105.jpg\"  class=\"lightview\"><img loading=\"lazy\" decoding=\"async\" class=\"aligncenter  wp-image-40495\" src=\"http:\/\/www.korhanyilmaz.com\/wp-content\/uploads\/2011\/10\/7105.jpg\" alt=\"\" width=\"396\" height=\"180\" \/><\/a><\/p>\n<p style=\"text-align: justify;\">G\u00fcmr\u00fck memurlar\u0131n\u0131n k\u0131l\u0131k k\u0131yafetleri yeniden belirlendi. Erkek memurlar her g\u00fcn sakal t\u0131ra\u015f\u0131 olacak. B\u0131y\u0131\u011f\u0131 \u00fcst duda\u011f\u0131, favorisi kulak hizas\u0131n\u0131 ge\u00e7emeyecek. Kad\u0131n g\u00fcmr\u00fck\u00e7\u00fcler ise k\u00fcpe, y\u00fcz\u00fck, kolye, bilezik takamayacak, ten rengi d\u0131\u015f\u0131nda \u00e7orap giyemeyecek.<!--more--><\/p>\n<p style=\"text-align: justify;\">ANKARA- G\u00fcmr\u00fcklerde g\u00f6rev yapan memurlar\u0131n k\u0131yafetleri yeniden belirlendi. Erkek memurlara sakal yasa\u011f\u0131 devam ederken \u2018\u2019Her g\u00fcn t\u0131ra\u015f zorunlulu\u011fu\u2019\u2019 da getirildi. Kad\u0131n g\u00fcmr\u00fck\u00e7\u00fcler ise g\u00f6rev ba\u015f\u0131nda k\u00fcpe, y\u00fcz\u00fck, kolye bilezik ve benzeri aksesuar takamayacak. Kad\u0131n memur, dikkat \u00e7ekici bi\u00e7imde makyaj yapamayacak ve ten rengi d\u0131\u015f\u0131nda \u00e7orap da giyemeyecek. Erkek g\u00fcmr\u00fck\u00e7\u00fcler de kolye, k\u00fcnye, madalyon gibi aksesuar takamayacak.<\/p>\n<p style=\"text-align: justify;\">G\u00fcmr\u00fck ve Ticaret Bakanl\u0131\u011f\u0131 taraf\u0131ndan yay\u0131nlanan yeni k\u0131yafet y\u00f6netmeli\u011fine g\u00f6re siyah ve lacivert renkli \u00fcniformalar\u0131 \u015fekli de belirlendi. Resmi k\u0131yafet ile \u015feref ve itibar\u0131 zedeleyici yerlere girilemeyecek. K\u0131yafetlerde, s\u00f6k\u00fck, y\u0131rt\u0131k ve yama olmayacak.<\/p>\n<p style=\"text-align: justify;\"><strong>BIYIK BOYU DA BEL\u0130RLEND\u0130<\/strong><\/p>\n<p style=\"text-align: justify;\">Resmi elbise ile g\u00f6rev yapan personelin, her t\u00fcrl\u00fc bi\u00e7imde sakal b\u0131rakmas\u0131 da yasaklar aras\u0131nda bulunuyor. Kulak ortas\u0131ndan a\u015fa\u011f\u0131da favori de b\u0131rak\u0131lamayacak. Sa\u00e7lar temiz, bak\u0131ml\u0131 ve taranm\u0131\u015f, kula\u011f\u0131 kapatmayacak bi\u00e7imde ve enseden g\u00f6mlek yakas\u0131n\u0131 a\u015fmayacak \u015fekilde uzat\u0131labilecek.<\/p>\n<p style=\"text-align: justify;\">Erkek memurlarda b\u0131y\u0131k uzunlu\u011fu ise \u00fcst dudak boyunu ge\u00e7emeyecek, yanlar \u00fcst dudak hizas\u0131nda olacak, alt u\u00e7lar\u0131 dudak hizas\u0131nda kesilecek. Resmi amblem, sembol ile i\u015faret ve kokartlar s\u00f6k\u00fclerek, k\u0131yafetlerin sivil k\u0131yafete d\u00f6n\u00fc\u015ft\u00fcr\u00fclerek kullan\u0131lmas\u0131, resmi pantolonun sivil g\u00f6mlek ve kazak gibi k\u0131yafetlerle birlikte giyilmesi veya resmi k\u0131yafetlerin \u00fczerine sivil palto, pard\u00f6s\u00fc giyilmesi de yasakland\u0131.<\/p>\n<p style=\"text-align: justify;\"><a href=\"http:\/\/www.gazeteport.com.tr\/haber\/55428\/devlet_biyigin_boyunu_da_belirledi\" target=\"_blank\">Kaynak : GAZETEPORT<\/a><\/p>\n","protected":false},"excerpt":{"rendered":"<p style=\"text-align: center;\">\n<p style=\"text-align: justify;\">G\u00fcmr\u00fck memurlar\u0131n\u0131n k\u0131l\u0131k k\u0131yafetleri yeniden belirlendi. Erkek memurlar her g\u00fcn sakal t\u0131ra\u015f\u0131 olacak. B\u0131y\u0131\u011f\u0131 \u00fcst duda\u011f\u0131, favorisi kulak hizas\u0131n\u0131 ge\u00e7emeyecek. Kad\u0131n g\u00fcmr\u00fck\u00e7\u00fcler ise k\u00fcpe, y\u00fcz\u00fck, kolye, bilezik takamayacak, ten rengi d\u0131\u015f\u0131nda \u00e7orap giyemeyecek.<\/p>\n","protected":false},"author":1,"featured_media":0,"comment_status":"open","ping_status":"open","sticky":false,"template":"","format":"standard","meta":{"footnotes":""},"categories":[105],"tags":[],"class_list":["post-40494","post","type-post","status-publish","format-standard","hentry","category-gundem","odd"],"_links":{"self":[{"href":"http:\/\/www.korhanyilmaz.com\/index.php?rest_route=\/wp\/v2\/posts\/40494","targetHints":{"allow":["GET"]}}],"collection":[{"href":"http:\/\/www.korhanyilmaz.com\/index.php?rest_route=\/wp\/v2\/posts"}],"about":[{"href":"http:\/\/www.korhanyilmaz.com\/index.php?rest_route=\/wp\/v2\/types\/post"}],"author":[{"embeddable":true,"href":"http:\/\/www.korhanyilmaz.com\/index.php?rest_route=\/wp\/v2\/users\/1"}],"replies":[{"embeddable":true,"href":"http:\/\/www.korhanyilmaz.com\/index.php?rest_route=%2Fwp%2Fv2%2Fcomments&post=40494"}],"version-history":[{"count":0,"href":"http:\/\/www.korhanyilmaz.com\/index.php?rest_route=\/wp\/v2\/posts\/40494\/revisions"}],"wp:attachment":[{"href":"http:\/\/www.korhanyilmaz.com\/index.php?rest_route=%2Fwp%2Fv2%2Fmedia&parent=40494"}],"wp:term":[{"taxonomy":"category","embeddable":true,"href":"http:\/\/www.korhanyilmaz.com\/index.php?rest_route=%2Fwp%2Fv2%2Fcategories&post=40494"},{"taxonomy":"post_tag","embeddable":true,"href":"http:\/\/www.korhanyilmaz.com\/index.php?rest_route=%2Fwp%2Fv2%2Ftags&post=40494"}],"curies":[{"name":"wp","href":"https:\/\/api.w.org\/{rel}","templated":true}]}}