{"id":40490,"date":"2011-10-03T10:21:37","date_gmt":"2011-10-03T07:21:37","guid":{"rendered":"http:\/\/www.korhanyilmaz.com\/?p=40490"},"modified":"2011-10-03T10:35:47","modified_gmt":"2011-10-03T07:35:47","slug":"pkk-sorumlusu-olu-ele-gecirildi","status":"publish","type":"post","link":"http:\/\/www.korhanyilmaz.com\/?p=40490","title":{"rendered":"PKK sorumlusu \u00f6l\u00fc ele ge\u00e7irildi"},"content":{"rendered":"<p style=\"text-align: justify;\"><a href=\"http:\/\/www.korhanyilmaz.com\/wp-content\/uploads\/2011\/10\/7104.jpg\"  class=\"lightview\"><img loading=\"lazy\" decoding=\"async\" class=\"aligncenter size-full wp-image-40491\" title=\"\" src=\"http:\/\/www.korhanyilmaz.com\/wp-content\/uploads\/2011\/10\/7104.jpg\" alt=\"\" width=\"313\" height=\"238\" \/><\/a><\/p>\n<p style=\"text-align: justify;\">Kahramanmara\u015f&#8217;\u0131n Pazarc\u0131k \u0130l\u00e7esi&#8217;nde arazi arama taramas\u0131 yapan jandarma ile bir grup PKK&#8217;l\u0131 ter\u00f6rist aras\u0131nda \u00e7at\u0131\u015fma \u00e7\u0131kt\u0131. \u00c7at\u0131\u015fmada &#8216;Rojak&#8217; kod adl\u0131 \u00f6rg\u00fct\u00fcn s\u00f6zde Pazarc\u0131k b\u00f6lge sorumlusu \u00f6l\u00fc ele ge\u00e7irilirken, b\u00f6lgede yakla\u015f\u0131k 100 kilo patlay\u0131c\u0131 madde bulundu.<\/p>\n<p style=\"text-align: justify;\">(DHA) &#8212; Pazarc\u0131k \u0130l\u00e7esi&#8217;nin \u0130\u011fdeli Mevkii&#8217;nde arazi arama taramas\u0131 yapan jandarma timine PKK&#8217;l\u0131 ter\u00f6ristler d\u00fcn saat 21.30 s\u0131ralar\u0131nda ate\u015f a\u00e7t\u0131.\u00a0<!--more--><\/p>\n<p style=\"text-align: justify;\">Jandarman\u0131n an\u0131nda kar\u015f\u0131l\u0131k vermesi \u00fczerine ormanl\u0131k alanda \u00e7al\u0131\u015fma \u00e7\u0131kt\u0131. Takviye kuvvetlerin de b\u00f6lgeye sevk edilmesi \u00fczerine \u00e7at\u0131\u015fma saat 23.00&#8217;e kadar devam etti.<\/p>\n<p style=\"text-align: justify;\">\u00c7at\u0131\u015fmada 1 ter\u00f6rist \u00f6ld\u00fcr\u00fcl\u00fcrken PKK&#8217;l\u0131 ter\u00f6ristler ormanl\u0131k alana girip ka\u00e7t\u0131. \u00d6ld\u00fcr\u00fclen ter\u00f6ristin PKK&#8217;n\u0131n &#8216;Rojak&#8217; kod adl\u0131 Pazarc\u0131k b\u00f6lge sorumlusu oldu\u011fu anla\u015f\u0131ld\u0131, \u00fczerinden 1 Kala\u015fnikof, 1 el bombas\u0131 ve \u00e7ok say\u0131da mermi \u00e7\u0131kt\u0131.<\/p>\n<p style=\"text-align: justify;\">Ter\u00f6ristlerin bulundu\u011fu b\u00f6lgede yakla\u015f\u0131k 100 kilo a\u011f\u0131rl\u0131\u011f\u0131nda patlay\u0131c\u0131 madde, ya\u015fam malzemeleri ve ila\u00e7 bulundu. Jandarma ka\u00e7an PKK&#8217;l\u0131lar\u0131 yakalamak i\u00e7in b\u00f6lgede operasyonlar\u0131n\u0131 s\u00fcrd\u00fcr\u00fcyor.<\/p>\n<p style=\"text-align: justify;\">\u00c7at\u0131\u015fmada \u00f6l\u00fc ele ge\u00e7irilen &#8216;Rojak&#8217; kod adl\u0131 ter\u00f6ristin y\u00f6netimindeki PKK&#8217;l\u0131lar\u0131n, 13 Eyl\u00fcl&#8217;de Pazarc\u0131k \u0130l\u00e7esi&#8217;nin Ba\u011fd\u0131n Mahallesi G\u00f6lba\u015f\u0131 karayolu \u00fczerinde polis memuru 25 ya\u015f\u0131ndaki Yavuz Bayal&#8217;\u0131n \u015fehit edilmesi, meslekta\u015f\u0131 27 ya\u015f\u0131ndaki Hac\u0131 Kalkan&#8217;\u0131n da a\u011f\u0131r yaralanmas\u0131yla ilgili sald\u0131r\u0131y\u0131 ger\u00e7ekle\u015ftiren grup olup olmad\u0131\u011f\u0131 ara\u015ft\u0131r\u0131l\u0131yor.<\/p>\n<p style=\"text-align: justify;\"><a href=\"http:\/\/www.cnnturk.com\/2011\/turkiye\/10\/03\/pkk.sorumlusu.olu.ele.gecirildi\/631647.0\/index.html\" target=\"_blank\">Kaynak : CNN T\u00dcRK<\/a><\/p>\n","protected":false},"excerpt":{"rendered":"<p style=\"text-align: justify;\">\n<p style=\"text-align: justify;\">Kahramanmara\u015f&#8217;\u0131n Pazarc\u0131k \u0130l\u00e7esi&#8217;nde arazi arama taramas\u0131 yapan jandarma ile bir grup PKK&#8217;l\u0131 ter\u00f6rist aras\u0131nda \u00e7at\u0131\u015fma \u00e7\u0131kt\u0131. \u00c7at\u0131\u015fmada &#8216;Rojak&#8217; kod adl\u0131 \u00f6rg\u00fct\u00fcn s\u00f6zde Pazarc\u0131k b\u00f6lge sorumlusu \u00f6l\u00fc ele ge\u00e7irilirken, b\u00f6lgede yakla\u015f\u0131k 100 kilo patlay\u0131c\u0131 madde bulundu.<\/p>\n<p style=\"text-align: justify;\">(DHA) &#8212; Pazarc\u0131k \u0130l\u00e7esi&#8217;nin \u0130\u011fdeli Mevkii&#8217;nde arazi arama taramas\u0131 yapan jandarma timine PKK&#8217;l\u0131 <\/p>\n","protected":false},"author":1,"featured_media":0,"comment_status":"open","ping_status":"open","sticky":false,"template":"","format":"standard","meta":{"footnotes":""},"categories":[105],"tags":[],"class_list":["post-40490","post","type-post","status-publish","format-standard","hentry","category-gundem","odd"],"_links":{"self":[{"href":"http:\/\/www.korhanyilmaz.com\/index.php?rest_route=\/wp\/v2\/posts\/40490","targetHints":{"allow":["GET"]}}],"collection":[{"href":"http:\/\/www.korhanyilmaz.com\/index.php?rest_route=\/wp\/v2\/posts"}],"about":[{"href":"http:\/\/www.korhanyilmaz.com\/index.php?rest_route=\/wp\/v2\/types\/post"}],"author":[{"embeddable":true,"href":"http:\/\/www.korhanyilmaz.com\/index.php?rest_route=\/wp\/v2\/users\/1"}],"replies":[{"embeddable":true,"href":"http:\/\/www.korhanyilmaz.com\/index.php?rest_route=%2Fwp%2Fv2%2Fcomments&post=40490"}],"version-history":[{"count":0,"href":"http:\/\/www.korhanyilmaz.com\/index.php?rest_route=\/wp\/v2\/posts\/40490\/revisions"}],"wp:attachment":[{"href":"http:\/\/www.korhanyilmaz.com\/index.php?rest_route=%2Fwp%2Fv2%2Fmedia&parent=40490"}],"wp:term":[{"taxonomy":"category","embeddable":true,"href":"http:\/\/www.korhanyilmaz.com\/index.php?rest_route=%2Fwp%2Fv2%2Fcategories&post=40490"},{"taxonomy":"post_tag","embeddable":true,"href":"http:\/\/www.korhanyilmaz.com\/index.php?rest_route=%2Fwp%2Fv2%2Ftags&post=40490"}],"curies":[{"name":"wp","href":"https:\/\/api.w.org\/{rel}","templated":true}]}}