{"id":40487,"date":"2011-10-02T23:03:01","date_gmt":"2011-10-02T20:03:01","guid":{"rendered":"http:\/\/www.korhanyilmaz.com\/?p=40487"},"modified":"2011-10-03T10:31:50","modified_gmt":"2011-10-03T07:31:50","slug":"arinc-gasp-ettik-iade-ediyoruz","status":"publish","type":"post","link":"http:\/\/www.korhanyilmaz.com\/?p=40487","title":{"rendered":"Ar\u0131n\u00e7: &#8220;Gasp ettik, iade ediyoruz&#8221;"},"content":{"rendered":"<p style=\"text-align: center;\"><a href=\"http:\/\/www.korhanyilmaz.com\/wp-content\/uploads\/2011\/10\/7103.jpg\"  class=\"lightview\"><img loading=\"lazy\" decoding=\"async\" class=\"aligncenter  wp-image-40488\" src=\"http:\/\/www.korhanyilmaz.com\/wp-content\/uploads\/2011\/10\/7103.jpg\" alt=\"\" width=\"346\" height=\"266\" \/><\/a><\/p>\n<p style=\"text-align: justify;\">Ba\u015fbakan Yard\u0131mc\u0131s\u0131 B\u00fclent Ar\u0131n\u00e7, &#8220;Gasp etti\u011fimiz gayrimenkullerini cemaat vak\u0131flar\u0131na aynen iade ediyoruz. Bu T\u00fcrkiye&#8217;nin y\u00fcz ak\u0131d\u0131r&#8221; dedi.<\/p>\n<p style=\"text-align: justify;\">B\u00fclent Ar\u0131n\u00e7 ve e\u015fi M\u00fcnevver Ar\u0131n\u00e7, \u00fc\u00e7 semavi dinden aralar\u0131nda imam, rahip ve haham\u0131n da bulundu\u011fu Antakya Medeniyetler Korosu&#8217;nun Anemon Oteli&#8217;nde &#8220;Bin Y\u0131llar Kadar Derinlere Uzanan K\u00f6klerden G\u00f6klere Kadim Eserler&#8221; ba\u015fl\u0131kl\u0131 konserini izledi.\u00a0<!--more--><\/p>\n<p style=\"text-align: justify;\">Ar\u0131n\u00e7, konser sonras\u0131nda yapt\u0131\u011f\u0131 konu\u015fmada, koroyu 4 y\u0131l \u00f6nce Ankara&#8217;da b\u00fcy\u00fckel\u00e7iler i\u00e7in verilen bir iftar yeme\u011finde ilk kez dinledi\u011fini, Filistin B\u00fcy\u00fckel\u00e7isi ile \u0130srail m\u00fcste\u015far\u0131n\u0131n da aralar\u0131nda bulundu\u011fu etkinlikte davetlilerin b\u00fcy\u00fck bir be\u011feni ve g\u00f6zya\u015flar\u0131 i\u00e7inde konseri dinledi\u011fini anlatt\u0131.<\/p>\n<p style=\"text-align: justify;\">Koronun i\u00e7erisinde Ermeni, Musevi, Hristiyan inanc\u0131na mensup insanlar\u0131n da yer ald\u0131\u011f\u0131 ve etnik k\u00f6ken itibar\u0131yla farkl\u0131, ama T\u00fcrkiye Cumhuriyeti vatanda\u015f\u0131 olarak Anadolu&#8217;da y\u00fczy\u0131llard\u0131r birlikte ya\u015fayan insanlar\u0131n konserini dinlemekten duydu\u011fu memnuniyeti dile getiren Ar\u0131n\u00e7, koronun arkada\u015fl\u0131\u011f\u0131, dostlu\u011fu sadece T\u00fcrkiye&#8217;ye de\u011fil, d\u00fcnyaya \u00f6rnek olarak g\u00f6sterdi\u011fini vurgulad\u0131.<\/p>\n<p style=\"text-align: justify;\">Kendi g\u00f6rev sorumluluk alan\u0131nda az\u0131nl\u0131klar ve farkl\u0131 inan\u00e7 gruplar\u0131yla ili\u015fkilerin de yer ald\u0131\u011f\u0131n\u0131 dile getiren Ar\u0131n\u00e7, Manisa&#8217;da Ermenilerin de ya\u015fad\u0131\u011f\u0131n\u0131, K\u0131rka\u011fa\u00e7&#8217;a gitti\u011finde 1916 y\u0131l\u0131na ait bir belediye meclis enc\u00fcmeninin foto\u011fraf\u0131nda 5 tane Ermeninin yer ald\u0131\u011f\u0131n\u0131 ifade etti.<\/p>\n<p style=\"text-align: justify;\">Ar\u0131n\u00e7 \u015f\u00f6yle konu\u015ftu: &#8220;K\u0131rka\u011fa\u00e7&#8217;ta, Manisa&#8217;da ya\u015fad\u0131lar. Bu topraklarda birlikte ya\u015fad\u0131k. Osmanl\u0131 d\u00f6nemi bu beraberli\u011fi g\u00f6sterdi. Sonra ya\u015fananlar\u0131 bir kenara koyun. Onlar farkl\u0131 bir trajedidir. Bug\u00fcn inan\u00e7 gruplar\u0131yla, hastaneleri, okullar\u0131yla ve ibadetlerini yerine getirdikleriyle T\u00fcrkiye&#8217;de b\u00fcy\u00fck bir zenginlik. 160&#8217;dan fazla cemaat vakf\u0131 var ve onlar\u0131n pek \u00e7ok gayrimenkulleri var. 1974&#8217;de el konulmu\u015ftu. Ge\u00e7mi\u015f g\u00fcnlerde Kanun H\u00fckm\u00fcnde Kararname \u00e7\u0131kartt\u0131k. Gasp etti\u011fimiz gayrimenkullerini cemaat vak\u0131flar\u0131na aynen iade ediyoruz.<\/p>\n<p style=\"text-align: justify;\">Bu T\u00fcrkiye&#8217;nin y\u00fcz ak\u0131d\u0131r. Bug\u00fcn Bal\u0131kl\u0131 Rum Hastanesi T\u00fcrkiye&#8217;nin de\u011fil, b\u00f6lgemizin hatta d\u00fcnyan\u0131n en \u00f6nemli hastanelerindendir. Uyu\u015fturucu, alkolle m\u00fccadele konusunda en dirayetli doktorlar\u0131n hizmetinde bulunmaktad\u0131r. Ben bunlar\u0131 bilmezdim. G\u00f6rev olarak 3,5 y\u0131ld\u0131r bunlarla i\u00e7 i\u00e7eyim. Anl\u0131yorum ki bu medeniyetler korosu ve bunun ortaya koydu\u011fu anlam T\u00fcrkiye&#8217;nin AB&#8217;ye girme konusundaki en b\u00fcy\u00fck gerek\u00e7elerinden de bir tanesidir. \u00c7\u00fcnk\u00fc birlikte ya\u015fama \u00f6rne\u011fi, farkl\u0131l\u0131klar\u0131 zenginlik olarak kabul etme, \u00e7okluk i\u00e7inde birlik ilkesi, ancak bu koronun ortaya koydu\u011fu manayla temsil edilebiliyor.<\/p>\n<p style=\"text-align: justify;\">Sadece T\u00fcrkiye&#8217;de de\u011fil, d\u00fcnyan\u0131n hemen tamam\u0131 ter\u00f6rle kar\u015f\u0131 kar\u015f\u0131ya. &#8216;Dinler \u00e7at\u0131\u015facakt\u0131r, medeniyetler kavga edecektir&#8217; tezini bo\u015fa \u00e7\u0131karmak i\u00e7in bu birlikteli\u011fi b\u00fct\u00fcn d\u00fcnyaya g\u00f6stermemiz laz\u0131m. Medeniyetler ittifak\u0131 diye bir kurum var. Bu kurumun e\u015fba\u015fkanl\u0131\u011f\u0131n\u0131 \u0130spanya ve T\u00fcrkiye yap\u0131yor. Yenikap\u0131 Mevlevihanesi&#8217;ni restore ettik, medeniyetler ittifak\u0131 enstit\u00fcs\u00fc olarak hizmete a\u00e7t\u0131k.&#8221;<\/p>\n<p style=\"text-align: justify;\"><a href=\"http:\/\/www.cnnturk.com\/2011\/turkiye\/10\/02\/arinc.gasp.ettik.iade.ediyoruz\/631609.0\/index.html\" target=\"_blank\">Kaynak : CNN T\u00dcRK<\/a><\/p>\n<p style=\"text-align: justify;\">\n","protected":false},"excerpt":{"rendered":"<p style=\"text-align: center;\">\n<p style=\"text-align: justify;\">Ba\u015fbakan Yard\u0131mc\u0131s\u0131 B\u00fclent Ar\u0131n\u00e7, &#8220;Gasp etti\u011fimiz gayrimenkullerini cemaat vak\u0131flar\u0131na aynen iade ediyoruz. Bu T\u00fcrkiye&#8217;nin y\u00fcz ak\u0131d\u0131r&#8221; dedi.<\/p>\n<p style=\"text-align: justify;\">B\u00fclent Ar\u0131n\u00e7 ve e\u015fi M\u00fcnevver Ar\u0131n\u00e7, \u00fc\u00e7 semavi dinden aralar\u0131nda imam, rahip ve haham\u0131n da bulundu\u011fu Antakya Medeniyetler Korosu&#8217;nun Anemon Oteli&#8217;nde &#8220;Bin Y\u0131llar Kadar Derinlere Uzanan K\u00f6klerden G\u00f6klere Kadim Eserler&#8221; ba\u015fl\u0131kl\u0131 <\/p>\n","protected":false},"author":1,"featured_media":0,"comment_status":"open","ping_status":"open","sticky":false,"template":"","format":"standard","meta":{"footnotes":""},"categories":[105],"tags":[],"class_list":["post-40487","post","type-post","status-publish","format-standard","hentry","category-gundem","odd"],"_links":{"self":[{"href":"http:\/\/www.korhanyilmaz.com\/index.php?rest_route=\/wp\/v2\/posts\/40487","targetHints":{"allow":["GET"]}}],"collection":[{"href":"http:\/\/www.korhanyilmaz.com\/index.php?rest_route=\/wp\/v2\/posts"}],"about":[{"href":"http:\/\/www.korhanyilmaz.com\/index.php?rest_route=\/wp\/v2\/types\/post"}],"author":[{"embeddable":true,"href":"http:\/\/www.korhanyilmaz.com\/index.php?rest_route=\/wp\/v2\/users\/1"}],"replies":[{"embeddable":true,"href":"http:\/\/www.korhanyilmaz.com\/index.php?rest_route=%2Fwp%2Fv2%2Fcomments&post=40487"}],"version-history":[{"count":0,"href":"http:\/\/www.korhanyilmaz.com\/index.php?rest_route=\/wp\/v2\/posts\/40487\/revisions"}],"wp:attachment":[{"href":"http:\/\/www.korhanyilmaz.com\/index.php?rest_route=%2Fwp%2Fv2%2Fmedia&parent=40487"}],"wp:term":[{"taxonomy":"category","embeddable":true,"href":"http:\/\/www.korhanyilmaz.com\/index.php?rest_route=%2Fwp%2Fv2%2Fcategories&post=40487"},{"taxonomy":"post_tag","embeddable":true,"href":"http:\/\/www.korhanyilmaz.com\/index.php?rest_route=%2Fwp%2Fv2%2Ftags&post=40487"}],"curies":[{"name":"wp","href":"https:\/\/api.w.org\/{rel}","templated":true}]}}